{"id":64019,"date":"2025-12-18T09:32:40","date_gmt":"2025-12-18T07:32:40","guid":{"rendered":"https:\/\/edublog.educastur.es\/ixuxu\/?p=64019"},"modified":"2025-12-18T22:37:19","modified_gmt":"2025-12-18T20:37:19","slug":"guia-de-llinguaxe-inclusivu","status":"publish","type":"post","link":"https:\/\/edublog.educastur.es\/ixuxu\/2025\/12\/guia-de-llinguaxe-inclusivu\/","title":{"rendered":"&#8216;Gu\u00eda de llinguaxe inclusivu&#8217;"},"content":{"rendered":"<div class=\"html-div xdj266r xat24cr x1lziwak xexx8yu xyri2b x18d9i69 x1c1uobl x78zum5 x2lah0s xqtp20y x1xegmmw\">\n<div class=\"xc9qbxq x1td3qas x6s0dn4 x78zum5 xl56j7k\">\n<div class=\"\" style=\"text-align: center\">\n<!-- iframe plugin v.6.0 wordpress.org\/plugins\/iframe\/ -->\n<iframe loading=\"lazy\" src=\"https:\/\/www.facebook.com\/plugins\/post.php?href=https%3A%2F%2Fwww.facebook.com%2Feducastur%2Fposts%2Fpfbid02v6CzStsWRPbRMy83mh1wGoVsiVtwAkzjV35KvyBGkmQUH43hLwWFcR7bCVq5j9oil&#038;show_text=false&#038;width=500\" width=\"500\" height=\"477\" style=\"border:none;overflow:hidden\" scrolling=\"no\" frameborder=\"0\" allowfullscreen=\"true\" allow=\"autoplay; clipboard-write; encrypted-media; picture-in-picture; web-share\" 0=\"\/iframe\" class=\"iframe-class\"><\/iframe>\n<\/div>\n<\/div>\n<\/div>\n<div class=\"x78zum5 xdt5ytf xz62fqu x16ldp7u\">\n<div class=\"xu06os2 x1ok221b\">\n<div class=\"html-div xdj266r x14z9mp xat24cr x1lziwak xexx8yu xyri2b x18d9i69 x1c1uobl\" data-ad-rendering-role=\"profile_name\">\n<h3 class=\"html-h3 x14z9mp xat24cr x1lziwak xexx8yu xyri2b x18d9i69 x1c1uobl x1vvkbs x1heor9g x1qlqyl8 x1pd3egz x1a2a7pz x1gslohp x1yc453h\"><span class=\"x1lliihq x6ikm8r x10wlt62 x1n2onr6\"><span class=\"xt0psk2\"><span class=\"xjp7ctv\"><a class=\"x1i10hfl xjbqb8w x1ejq31n x18oe1m7 x1sy0etr xstzfhl x972fbf x10w94by x1qhh985 x14e42zd x9f619 x1ypdohk xt0psk2 x3ct3a4 xdj266r x14z9mp xat24cr x1lziwak xexx8yu xyri2b x18d9i69 x1c1uobl x16tdsg8 x1hl2dhg xggy1nq x1a2a7pz xkrqix3 x1sur9pj xzsf02u x1s688f\" role=\"link\" href=\"https:\/\/www.facebook.com\/educastur?__cft__[0]=AZa2pQ-oUHHgB-q83IJSfMa9mYCbJDuZ6JWWUv0mNEtHsloJN8oIttNYsnjASO-pWzYS8MZiM6cijc2ghk3LfwPXqJqbz7cNT4-Qz7jwiOvJxOzXIcTDkeDPpTiF6XUJX9eUzsNagsAiGuekhIO7AdCIDTLfM3bZuxFRRqt_hLzA3UG-gVhVpH4nEwM32PE4-CYnndXyAwk8h-0R3tkhkSzs&amp;__tn__=-UC%2CP-y-R\"><b class=\"html-b xdj266r x14z9mp xat24cr x1lziwak xexx8yu xyri2b x18d9i69 x1c1uobl x1hl2dhg x16tdsg8 x1vvkbs x1s688f\"><span class=\"html-span xdj266r x14z9mp xat24cr x1lziwak xexx8yu xyri2b x18d9i69 x1c1uobl x1hl2dhg x16tdsg8 x1vvkbs\">Consejer\u00eda de Educaci\u00f3n del Principado<\/span><\/b><\/a><\/span><\/span><\/span><\/h3>\n<\/div>\n<\/div>\n<\/div>\n<div class=\"html-div xdj266r x14z9mp xat24cr x1lziwak xexx8yu xyri2b x18d9i69 x1c1uobl\" dir=\"auto\">\n<div class=\"html-div xdj266r x14z9mp xat24cr x1lziwak xexx8yu xyri2b x18d9i69 x1c1uobl\" dir=\"auto\">\n<div class=\"html-div xdj266r x14z9mp xat24cr x1lziwak xexx8yu xyri2b x18d9i69 x1c1uobl\" data-ad-rendering-role=\"story_message\">\n<div class=\"x1l90r2v x1iorvi4 x1g0dm76 xpdmqnj\" data-ad-comet-preview=\"message\" data-ad-preview=\"message\">\n<div class=\"x78zum5 xdt5ytf xz62fqu x16ldp7u\">\n<div class=\"xu06os2 x1ok221b\">\n<div class=\"html-div xdj266r x14z9mp xat24cr x1lziwak xexx8yu xyri2b x18d9i69 x1c1uobl\">\n<div class=\"xdj266r x14z9mp xat24cr x1lziwak x1vvkbs x126k92a\">\n<div dir=\"auto\"><span class=\"html-span xexx8yu xyri2b x18d9i69 x1c1uobl x1hl2dhg x16tdsg8 x1vvkbs x3nfvp2 x1j61x8r x1fcty0u xdj266r xat24cr xm2jcoa x1mpyi22 xxymvpz xlup9mm x1kky2od\"><img loading=\"lazy\" decoding=\"async\" class=\"xz74otr x15mokao x1ga7v0g x16uus16 xbiv7yw\" src=\"https:\/\/static.xx.fbcdn.net\/images\/emoji.php\/v9\/t2d\/1\/16\/1f4cd.png\" alt=\"\ud83d\udccd\" width=\"16\" height=\"16\" \/>La <a href=\"https:\/\/www.cocemfeasturias.es\/\"><strong>Confederaci\u00f3n de Persones con Discapacid\u00e1 F\u00edsica y Org\u00e1nica del Princip\u00e1u d&#8217;Asturies (COCEMFE Asturies)<\/strong><\/a> publica una <strong>&#8216;Gu\u00eda de llinguaxe inclusivu&#8217;<\/strong>, con una serie de pautes d&#8217;usu d&#8217;un llinguaxe correctu, respetuosu y consensu\u00e1u para referise a les persones con discapacid\u00e1 f\u00edsica y org\u00e1nica y comunicar de manera non sexista. Accedi a la gu\u00eda: <\/span><span class=\"html-span xdj266r x14z9mp xat24cr x1lziwak xexx8yu xyri2b x18d9i69 x1c1uobl x1hl2dhg x16tdsg8 x1vvkbs\"><a class=\"x1i10hfl xjbqb8w x1ejq31n x18oe1m7 x1sy0etr xstzfhl x972fbf x10w94by x1qhh985 x14e42zd x9f619 x1ypdohk xt0psk2 x3ct3a4 xdj266r x14z9mp xat24cr x1lziwak xexx8yu xyri2b x18d9i69 x1c1uobl x16tdsg8 x1hl2dhg xggy1nq x1a2a7pz xkrqix3 x1sur9pj x1fey0fg x1s688f\" role=\"link\" href=\"https:\/\/l.facebook.com\/l.php?u=https%3A%2F%2Facortar.link%2FT0RbiR%3Ffbclid%3DIwZXh0bgNhZW0CMTAAYnJpZBEwakUzY3hBQUszRlRTa2FSRnNydGMGYXBwX2lkEDIyMjAzOTE3ODgyMDA4OTIAAR6QWIsfCpn4-t5ZVSeLXWQt6i_cUwtP6TgKi2JK0myRc3vdJC7ShwDClvXjTA_aem_6Acp7-SsQHEmkWAd1mDaDg&amp;h=AT0J_fYQCLCKoTQT50r28fGFmYF3VMe-YNriuVvrY9Xj4mDvNcE-YmenZj0FiZaFv8chasqPb5knm6RXtwUxWTr30VyX9Aq88st02uAogoWcvr1SAUytu6ItWrbCY0WMfVc61_mZFnGLbD4oqoEveyDjXRXWVQ&amp;__tn__=-UK-y-R&amp;c[0]=AT0zAQ8r-Y-GNmzVh6EVZuCpc4hyc5WXtOnBUN4gm1q2RL2nzN5ztdnTp9jXyGBdlpv2T-Qq-PkDCl1SLn9XweV3qJU3GZ_5-GoCRNxZvN5akl6xX4wayIutrI3Ybgfgb3q5JF7c5OCxlD35OicxDkm_1r8vfs6LGqnetlZh3LQrAmmIRS9l1hy1z0QFC3qeudpATv2EJIkiMN1jZCX1cf_HSu5TXtMxuShnFfzs7jsgJEY2\" target=\"_blank\" rel=\"nofollow noopener noreferrer\">https:\/\/acortar.link\/T0RbiR<\/a><\/span>\/<a href=\"https:\/\/www.educastur.es\/documents\/34868\/39646\/2025-12-pub-guia-lenguaje-inclusivo-COCEMFE.pdf\" target=\"_blank\" rel=\"noopener\">Gu\u00eda de Lenguaje Inclusivo<\/a> (pdf)<\/div>\n<div dir=\"auto\"><!--more--><\/div>\n<div dir=\"auto\"><\/div>\n<div dir=\"auto\">\n<p>Onde se recueyen una serie de pautes d&#8217;usu d&#8217;un llinguaxe correctu, respetuosu y consensu\u00e1u para referise a les persones con discapacid\u00e1 f\u00edsica y org\u00e1nica y comunicar de manera non sexista.<\/p>\n<p>Ye primordial que tola socied\u00e1 utilice&#8217;l ment\u00e1u llinguaxe para referise a les persones con discapacid\u00e1, garantizando d&#8217;esta forma la so inclusi\u00f3n y participaci\u00f3n activa na socied\u00e1.<\/p>\n<\/div>\n<div dir=\"auto\" style=\"text-align: center\"><a href=\"https:\/\/cocemfeasturias.es\/fotos\/587_manual-lenguaje-inclusivo.jpg\"><img loading=\"lazy\" decoding=\"async\" class=\"aligncenter \" src=\"https:\/\/cocemfeasturias.es\/fotos\/587_manual-lenguaje-inclusivo.jpg\" width=\"515\" height=\"729\" \/><\/a><\/div>\n<\/div>\n<div dir=\"auto\"><\/div>\n<div class=\"xdj266r x14z9mp xat24cr x1lziwak x1vvkbs x126k92a\">\n<div dir=\"auto\">\n<div class=\"parteDerecha\">\n<div class=\"ioParteDerecha\">\n<div class=\"imagen\">\n<div class=\"espacio\"><\/div>\n<\/div>\n<div class=\"pie\"><em>Pautas para el uso de un lenguaje correcto, respetuoso y consensuado para referirse a las personas con discapacidad f\u00edsica y org\u00e1nica y comunicar de manera no sexista.<\/em><\/div>\n<\/div>\n<\/div>\n<div class=\"parteIzquierda\">\n<div class=\"textoDefault\">\n<p><a href=\"http:\/\/www.cocemfe.es\" target=\"_blank\" rel=\"noopener\">COCEMFE<\/a>, como representaci\u00f3n colectiva del movimiento social de las personas con discapacidad f\u00edsica y org\u00e1nica en Espa\u00f1a, que aglutina a m\u00e1s de 1.600 entidades sociales, quiere hacer una reflexi\u00f3n sobre la terminolog\u00eda por la que este grupo de personas y sus familias quieren presentarse en la sociedad, ser designadas y conocidas.<\/p>\n<p>En este documento expone unas pautas para el uso de un lenguaje correcto, respetuoso y consensuado a la hora de referirse a las personas con discapacidad.<\/p>\n<p><strong>Edita<\/strong>: <a href=\"http:\/\/www.cocemfe.es\" target=\"_blank\" rel=\"noopener\">COCEMFE<\/a><\/p>\n<div class=\"documentos\">\n<ul>\n<li><a class=\"nombre\" title=\"Descargar\" href=\"https:\/\/cocemfeasturias.es\/archivos\/884_manual-lenguaje-inclusivo.pdf\" target=\"_blank\" rel=\"noopener\">Descarga la publica<\/a><\/li>\n<\/ul>\n<\/div>\n<\/div>\n<\/div>\n<\/div>\n<\/div>\n<\/div>\n<\/div>\n<\/div>\n<\/div>\n<\/div>\n<\/div>\n<\/div>\n<p>&nbsp;<\/p>\n","protected":false},"excerpt":{"rendered":"<p>Consejer\u00eda de Educaci\u00f3n del Principado La Confederaci\u00f3n de Persones con Discapacid\u00e1 F\u00edsica y Org\u00e1nica del Princip\u00e1u d&#8217;Asturies (COCEMFE Asturies) publica una &#8216;Gu\u00eda de llinguaxe inclusivu&#8217;, con una serie de pautes d&#8217;usu d&#8217;un llinguaxe correctu, respetuosu y consensu\u00e1u para referise a les persones con discapacid\u00e1 f\u00edsica y org\u00e1nica y comunicar de manera non sexista. Accedi a [&hellip;]<\/p>\n","protected":false},"author":117,"featured_media":0,"comment_status":"closed","ping_status":"closed","sticky":false,"template":"","format":"standard","meta":{"footnotes":""},"categories":[1],"tags":[],"class_list":["post-64019","post","type-post","status-publish","format-standard","hentry","category-sin-categoria"],"_links":{"self":[{"href":"https:\/\/edublog.educastur.es\/ixuxu\/wp-json\/wp\/v2\/posts\/64019","targetHints":{"allow":["GET"]}}],"collection":[{"href":"https:\/\/edublog.educastur.es\/ixuxu\/wp-json\/wp\/v2\/posts"}],"about":[{"href":"https:\/\/edublog.educastur.es\/ixuxu\/wp-json\/wp\/v2\/types\/post"}],"author":[{"embeddable":true,"href":"https:\/\/edublog.educastur.es\/ixuxu\/wp-json\/wp\/v2\/users\/117"}],"replies":[{"embeddable":true,"href":"https:\/\/edublog.educastur.es\/ixuxu\/wp-json\/wp\/v2\/comments?post=64019"}],"version-history":[{"count":3,"href":"https:\/\/edublog.educastur.es\/ixuxu\/wp-json\/wp\/v2\/posts\/64019\/revisions"}],"predecessor-version":[{"id":64022,"href":"https:\/\/edublog.educastur.es\/ixuxu\/wp-json\/wp\/v2\/posts\/64019\/revisions\/64022"}],"wp:attachment":[{"href":"https:\/\/edublog.educastur.es\/ixuxu\/wp-json\/wp\/v2\/media?parent=64019"}],"wp:term":[{"taxonomy":"category","embeddable":true,"href":"https:\/\/edublog.educastur.es\/ixuxu\/wp-json\/wp\/v2\/categories?post=64019"},{"taxonomy":"post_tag","embeddable":true,"href":"https:\/\/edublog.educastur.es\/ixuxu\/wp-json\/wp\/v2\/tags?post=64019"}],"curies":[{"name":"wp","href":"https:\/\/api.w.org\/{rel}","templated":true}]}}