{"id":64028,"date":"2025-12-19T14:53:48","date_gmt":"2025-12-19T12:53:48","guid":{"rendered":"https:\/\/edublog.educastur.es\/ixuxu\/?p=64028"},"modified":"2025-12-19T14:57:41","modified_gmt":"2025-12-19T12:57:41","slug":"guia-pa-la-ensenanza-dasturianu-neducacion-infantil","status":"publish","type":"post","link":"https:\/\/edublog.educastur.es\/ixuxu\/2025\/12\/guia-pa-la-ensenanza-dasturianu-neducacion-infantil\/","title":{"rendered":"\u00bfFalamos?. Gu\u00eda pa la ense\u00f1anza d\u2019asturianu n\u2019Educaci\u00f3n Infantil"},"content":{"rendered":"<p style=\"text-align: center\"><a href=\"https:\/\/www.educastur.es\/documents\/34868\/41113\/thumbnail_image+%281%29.png\/1b369320-6286-18e9-6d93-fb5e79b830b1?t=1766140332321\"><img loading=\"lazy\" decoding=\"async\" class=\"aligncenter size-large\" src=\"https:\/\/www.educastur.es\/documents\/34868\/41113\/thumbnail_image+%281%29.png\/1b369320-6286-18e9-6d93-fb5e79b830b1?t=1766140332321\" width=\"301\" height=\"207\" \/><\/a><\/p>\n<ul>\n<li><a href=\"https:\/\/educastur-my.sharepoint.com\/:b:\/g\/personal\/llinguastur_educastur_org\/IQAmQ1UqfCxyRJ6nWfDdule5AdPAobaX41cB1f754Q6xa0c?e=6HzubG\" target=\"_blank\" rel=\"noopener\">Gu\u00eda pa la ense\u00f1anza d\u2019asturianu n\u2019Educaci\u00f3n Infantil<\/a><\/li>\n<\/ul>\n<p>Nel contestu de la nueva ufierta d\u2019asturianu y eonaviego (gallego-asturianu) na etapa de Educaci\u00f3n infantil, la Conseyer\u00eda d\u2019Educaci\u00f3n igu\u00f3 una Gu\u00eda pa la ense\u00f1anza d\u2019asturianu n\u2019Educaci\u00f3n Infantil. Esta publicaci\u00f3n desenvuelve actividaes en multiples formatos: coloreables, recortables, xuegos, audios, etc., en tr\u00e9s bloques: llingua oral, vocabulariu y estructures b\u00e1siques y cultura, valores y entornu. Esta publicaci\u00f3n n\u2019asturianu anque adaptable tami\u00e9n al eonaviego y en formatu pdf interactivu y llingua asturiana ye una ferramienta ama\u00f1osa pa la presentaci\u00f3n de la llingua propia na primer etapa educativa.<\/p>\n","protected":false},"excerpt":{"rendered":"<p>Gu\u00eda pa la ense\u00f1anza d\u2019asturianu n\u2019Educaci\u00f3n Infantil Nel contestu de la nueva ufierta d\u2019asturianu y eonaviego (gallego-asturianu) na etapa de Educaci\u00f3n infantil, la Conseyer\u00eda d\u2019Educaci\u00f3n igu\u00f3 una Gu\u00eda pa la ense\u00f1anza d\u2019asturianu n\u2019Educaci\u00f3n Infantil. Esta publicaci\u00f3n desenvuelve actividaes en multiples formatos: coloreables, recortables, xuegos, audios, etc., en tr\u00e9s bloques: llingua oral, vocabulariu y estructures b\u00e1siques [&hellip;]<\/p>\n","protected":false},"author":117,"featured_media":0,"comment_status":"closed","ping_status":"closed","sticky":false,"template":"","format":"standard","meta":{"footnotes":""},"categories":[132,26],"tags":[],"class_list":["post-64028","post","type-post","status-publish","format-standard","hentry","category-educastur","category-guies"],"_links":{"self":[{"href":"https:\/\/edublog.educastur.es\/ixuxu\/wp-json\/wp\/v2\/posts\/64028","targetHints":{"allow":["GET"]}}],"collection":[{"href":"https:\/\/edublog.educastur.es\/ixuxu\/wp-json\/wp\/v2\/posts"}],"about":[{"href":"https:\/\/edublog.educastur.es\/ixuxu\/wp-json\/wp\/v2\/types\/post"}],"author":[{"embeddable":true,"href":"https:\/\/edublog.educastur.es\/ixuxu\/wp-json\/wp\/v2\/users\/117"}],"replies":[{"embeddable":true,"href":"https:\/\/edublog.educastur.es\/ixuxu\/wp-json\/wp\/v2\/comments?post=64028"}],"version-history":[{"count":2,"href":"https:\/\/edublog.educastur.es\/ixuxu\/wp-json\/wp\/v2\/posts\/64028\/revisions"}],"predecessor-version":[{"id":64036,"href":"https:\/\/edublog.educastur.es\/ixuxu\/wp-json\/wp\/v2\/posts\/64028\/revisions\/64036"}],"wp:attachment":[{"href":"https:\/\/edublog.educastur.es\/ixuxu\/wp-json\/wp\/v2\/media?parent=64028"}],"wp:term":[{"taxonomy":"category","embeddable":true,"href":"https:\/\/edublog.educastur.es\/ixuxu\/wp-json\/wp\/v2\/categories?post=64028"},{"taxonomy":"post_tag","embeddable":true,"href":"https:\/\/edublog.educastur.es\/ixuxu\/wp-json\/wp\/v2\/tags?post=64028"}],"curies":[{"name":"wp","href":"https:\/\/api.w.org\/{rel}","templated":true}]}}