{"id":64030,"date":"2025-12-19T08:30:29","date_gmt":"2025-12-19T06:30:29","guid":{"rendered":"https:\/\/edublog.educastur.es\/ixuxu\/?p=64030"},"modified":"2025-12-19T14:55:55","modified_gmt":"2025-12-19T12:55:55","slug":"el-tiempu-el-comercio-215","status":"publish","type":"post","link":"https:\/\/edublog.educastur.es\/ixuxu\/2025\/12\/el-tiempu-el-comercio-215\/","title":{"rendered":"El tiempu (El Comercio)"},"content":{"rendered":"<p style=\"text-align: center\"><a href=\"https:\/\/s3.ppllstatics.com\/elcomercio\/www\/multimedia\/2025\/12\/18\/prevision-tiempo-asturias-kFEH-U2302588077118HVD-1200x870@El%20Comercio.jpg\"><img loading=\"lazy\" decoding=\"async\" class=\"aligncenter size-large\" src=\"https:\/\/s3.ppllstatics.com\/elcomercio\/www\/multimedia\/2025\/12\/18\/prevision-tiempo-asturias-kFEH-U2302588077118HVD-1200x870@El%20Comercio.jpg\" width=\"1200\" height=\"870\" \/><\/a><\/p>\n<p>Va ser un d\u00eda bien inestable n&#8217;Asturies. <strong>Los cielos<\/strong> van tar bien nublos o cubiertos con precipitaciones xeneralizaes que van ser m\u00e1s abondoses pela ma\u00f1ana. A lo llargo de la tarde van dir a menos hasta&#8217;l puntu d&#8217;acabar unviando a la fin, especialmente nel occidente y nel centru. La cota de nieve va rondar los 1100\/1200 metros aprosimao en cualquier momentu del d\u00eda. <strong>Los vientos<\/strong> van soplar de noroeste-norte con raches moderaes na mari\u00f1a y fluexes nel restu. Na mar va tar activ\u00e1u l&#8217;avisu naranxa hasta medianueche per posibilid\u00e1 de foles d&#8217;hasta 6 metros d&#8217;altor.<strong> Les temperatures<\/strong> van baxar de forma xeneralizada hasta 5 o 6 \u00baC menos que les anotaes el xueves. <strong>Les m\u00ednimes<\/strong> tami\u00e9n van baxar, siendo&#8217;l descensu muncho m\u00e1s significativu na met\u00e1 occidental asturiana. El s\u00e1badu preve estabilid\u00e1 pela ma\u00f1ana y primeres hores de la tarde. Pero&#8217;l pasu d&#8217;un nuevu frente fr\u00edu a lo llargo de la tarde va dexar abondosa nubosidad y precipitaciones con nieve a partir de los 800 metros a la fin del d\u00eda. Na mar ent\u00e1 va tar activ\u00e1u l&#8217;avisu por aguaxe mientres la madrugada del s\u00e1badu. Dichu aviso &#8211; y\u00e1 de nivel mariellu &#8211; va concluyir a les 8 de la ma\u00f1ana.<\/p>\n","protected":false},"excerpt":{"rendered":"<p>Va ser un d\u00eda bien inestable n&#8217;Asturies. Los cielos van tar bien nublos o cubiertos con precipitaciones xeneralizaes que van ser m\u00e1s abondoses pela ma\u00f1ana. A lo llargo de la tarde van dir a menos hasta&#8217;l puntu d&#8217;acabar unviando a la fin, especialmente nel occidente y nel centru. La cota de nieve va rondar los [&hellip;]<\/p>\n","protected":false},"author":117,"featured_media":0,"comment_status":"closed","ping_status":"closed","sticky":false,"template":"","format":"standard","meta":{"footnotes":""},"categories":[5],"tags":[],"class_list":["post-64030","post","type-post","status-publish","format-standard","hentry","category-tiempu"],"_links":{"self":[{"href":"https:\/\/edublog.educastur.es\/ixuxu\/wp-json\/wp\/v2\/posts\/64030","targetHints":{"allow":["GET"]}}],"collection":[{"href":"https:\/\/edublog.educastur.es\/ixuxu\/wp-json\/wp\/v2\/posts"}],"about":[{"href":"https:\/\/edublog.educastur.es\/ixuxu\/wp-json\/wp\/v2\/types\/post"}],"author":[{"embeddable":true,"href":"https:\/\/edublog.educastur.es\/ixuxu\/wp-json\/wp\/v2\/users\/117"}],"replies":[{"embeddable":true,"href":"https:\/\/edublog.educastur.es\/ixuxu\/wp-json\/wp\/v2\/comments?post=64030"}],"version-history":[{"count":1,"href":"https:\/\/edublog.educastur.es\/ixuxu\/wp-json\/wp\/v2\/posts\/64030\/revisions"}],"predecessor-version":[{"id":64031,"href":"https:\/\/edublog.educastur.es\/ixuxu\/wp-json\/wp\/v2\/posts\/64030\/revisions\/64031"}],"wp:attachment":[{"href":"https:\/\/edublog.educastur.es\/ixuxu\/wp-json\/wp\/v2\/media?parent=64030"}],"wp:term":[{"taxonomy":"category","embeddable":true,"href":"https:\/\/edublog.educastur.es\/ixuxu\/wp-json\/wp\/v2\/categories?post=64030"},{"taxonomy":"post_tag","embeddable":true,"href":"https:\/\/edublog.educastur.es\/ixuxu\/wp-json\/wp\/v2\/tags?post=64030"}],"curies":[{"name":"wp","href":"https:\/\/api.w.org\/{rel}","templated":true}]}}