{"id":64032,"date":"2025-12-19T14:57:10","date_gmt":"2025-12-19T12:57:10","guid":{"rendered":"https:\/\/edublog.educastur.es\/ixuxu\/?p=64032"},"modified":"2025-12-19T14:57:10","modified_gmt":"2025-12-19T12:57:10","slug":"languleru-siguel-so-percorriu-per-asturies","status":"publish","type":"post","link":"https:\/\/edublog.educastur.es\/ixuxu\/2025\/12\/languleru-siguel-so-percorriu-per-asturies\/","title":{"rendered":"L&#8217;Anguleru sigue&#8217;l so percorr\u00edu per Asturies."},"content":{"rendered":"<p style=\"text-align: left\"><img loading=\"lazy\" decoding=\"async\" class=\"aligncenter size-large\" src=\"https:\/\/s3.ppllstatics.com\/elcomercio\/www\/multimedia\/2025\/12\/17\/anguleru-mieres-khNF-U240585357863GJC-1200x840@El%20Comercio.jpg\" width=\"1200\" height=\"840\" \/><\/p>\n<p style=\"text-align: left\">Esta fin de selmana tien una doble cita con peque\u00f1os y mayores. El s\u00e1badu 20 va tar nel centru comercial ParqueAstur, en Corvera, (12 hores) para asistir al nomamientu de Llendadores y Llendadoras que lu van ayudar na so misi\u00f3n navidiega; y el domingu 21 va asistir al encend\u00edu del Fueu M\u00e1xico de la Navid\u00e1 na plaza de la Constituci\u00f3n Mieres (18.30 hores).<\/p>\n","protected":false},"excerpt":{"rendered":"<p>Esta fin de selmana tien una doble cita con peque\u00f1os y mayores. El s\u00e1badu 20 va tar nel centru comercial ParqueAstur, en Corvera, (12 hores) para asistir al nomamientu de Llendadores y Llendadoras que lu van ayudar na so misi\u00f3n navidiega; y el domingu 21 va asistir al encend\u00edu del Fueu M\u00e1xico de la Navid\u00e1 [&hellip;]<\/p>\n","protected":false},"author":117,"featured_media":0,"comment_status":"closed","ping_status":"closed","sticky":false,"template":"","format":"standard","meta":{"footnotes":""},"categories":[321],"tags":[],"class_list":["post-64032","post","type-post","status-publish","format-standard","hentry","category-anguleru"],"_links":{"self":[{"href":"https:\/\/edublog.educastur.es\/ixuxu\/wp-json\/wp\/v2\/posts\/64032","targetHints":{"allow":["GET"]}}],"collection":[{"href":"https:\/\/edublog.educastur.es\/ixuxu\/wp-json\/wp\/v2\/posts"}],"about":[{"href":"https:\/\/edublog.educastur.es\/ixuxu\/wp-json\/wp\/v2\/types\/post"}],"author":[{"embeddable":true,"href":"https:\/\/edublog.educastur.es\/ixuxu\/wp-json\/wp\/v2\/users\/117"}],"replies":[{"embeddable":true,"href":"https:\/\/edublog.educastur.es\/ixuxu\/wp-json\/wp\/v2\/comments?post=64032"}],"version-history":[{"count":3,"href":"https:\/\/edublog.educastur.es\/ixuxu\/wp-json\/wp\/v2\/posts\/64032\/revisions"}],"predecessor-version":[{"id":64035,"href":"https:\/\/edublog.educastur.es\/ixuxu\/wp-json\/wp\/v2\/posts\/64032\/revisions\/64035"}],"wp:attachment":[{"href":"https:\/\/edublog.educastur.es\/ixuxu\/wp-json\/wp\/v2\/media?parent=64032"}],"wp:term":[{"taxonomy":"category","embeddable":true,"href":"https:\/\/edublog.educastur.es\/ixuxu\/wp-json\/wp\/v2\/categories?post=64032"},{"taxonomy":"post_tag","embeddable":true,"href":"https:\/\/edublog.educastur.es\/ixuxu\/wp-json\/wp\/v2\/tags?post=64032"}],"curies":[{"name":"wp","href":"https:\/\/api.w.org\/{rel}","templated":true}]}}