{"id":64039,"date":"2025-12-20T08:23:59","date_gmt":"2025-12-20T06:23:59","guid":{"rendered":"https:\/\/edublog.educastur.es\/ixuxu\/?p=64039"},"modified":"2025-12-20T12:25:47","modified_gmt":"2025-12-20T10:25:47","slug":"el-tiempu-el-comercio-216","status":"publish","type":"post","link":"https:\/\/edublog.educastur.es\/ixuxu\/2025\/12\/el-tiempu-el-comercio-216\/","title":{"rendered":"El tiempu (El Comercio)"},"content":{"rendered":"<p style=\"text-align: center\"><a href=\"https:\/\/s1.ppllstatics.com\/elcomercio\/www\/multimedia\/2025\/12\/19\/prevision-tiempo-asturias-kFqH-U2302588077118HVD-1200x870@El%20Comercio.jpg\"><img loading=\"lazy\" decoding=\"async\" class=\"aligncenter size-large\" src=\"https:\/\/s1.ppllstatics.com\/elcomercio\/www\/multimedia\/2025\/12\/19\/prevision-tiempo-asturias-kFqH-U2302588077118HVD-1200x870@El%20Comercio.jpg\" width=\"1200\" height=\"870\" \/><\/a><\/p>\n<p>Esperamos<strong> una ma\u00f1ana<\/strong> estable con cielos pocu nublos o, a lo sumo, con nubes de tipu altu ensin importancia. Pero <strong>a partir del mediud\u00eda<\/strong> va entrar nubosid\u00e1 pol occidente que se va dir estendiendo al restu de la rex\u00f3n pela tarde. Estes nubes van dexar precipitaciones con mayor frecuencia nel occidente y nel cordal. Comoquier, nun se refuga que puedan escapase dellos bastios en momentos puntuales n&#8217;otres zones del Princip\u00e1u.<strong> La cota de nieve<\/strong> va empezar sobro los 1300 o 1400 metros y va dir baxando hasta los 1000\/1100 metros antes de medianueche.<\/p>\n<p><!--more--><\/p>\n<p><strong>Na madrugada del domingu<\/strong> la cota va siguir baxando hasta asitiase sobre los 700\/800 metros. Tocantes a los vientos, van soplar de suroeste que podr\u00eden rexistrar raches moderaes en zones altes del cordal y tami\u00e9n nel terciu oeste asturianu. Les temperatures m\u00e1ximes van xubir llixeramente ente que les m\u00ednimes van esperimentar un descensu que va ser m\u00e1s significativu nel sector central.<\/p>\n<p><strong>El domingu<\/strong> va ser un d\u00eda bien fr\u00edu nel que nun van abondar les precipitaciones pero nun se refuga dalg\u00fan bastiu irregularmente part\u00edu que dexar\u00eda nieve a partir de los 700 metros. Les temperatures m\u00e1ximes van baxar de forma xeneralizada y les m\u00ednimes van baxar nam\u00e1 nel oriente. Cabo destacar l&#8217;avisu mariellu que se va activar el domingu na mar por foles d&#8217;hasta 5 metros d&#8217;altor<\/p>\n","protected":false},"excerpt":{"rendered":"<p>Esperamos una ma\u00f1ana estable con cielos pocu nublos o, a lo sumo, con nubes de tipu altu ensin importancia. Pero a partir del mediud\u00eda va entrar nubosid\u00e1 pol occidente que se va dir estendiendo al restu de la rex\u00f3n pela tarde. Estes nubes van dexar precipitaciones con mayor frecuencia nel occidente y nel cordal. Comoquier, [&hellip;]<\/p>\n","protected":false},"author":117,"featured_media":0,"comment_status":"closed","ping_status":"closed","sticky":false,"template":"","format":"standard","meta":{"footnotes":""},"categories":[5],"tags":[],"class_list":["post-64039","post","type-post","status-publish","format-standard","hentry","category-tiempu"],"_links":{"self":[{"href":"https:\/\/edublog.educastur.es\/ixuxu\/wp-json\/wp\/v2\/posts\/64039","targetHints":{"allow":["GET"]}}],"collection":[{"href":"https:\/\/edublog.educastur.es\/ixuxu\/wp-json\/wp\/v2\/posts"}],"about":[{"href":"https:\/\/edublog.educastur.es\/ixuxu\/wp-json\/wp\/v2\/types\/post"}],"author":[{"embeddable":true,"href":"https:\/\/edublog.educastur.es\/ixuxu\/wp-json\/wp\/v2\/users\/117"}],"replies":[{"embeddable":true,"href":"https:\/\/edublog.educastur.es\/ixuxu\/wp-json\/wp\/v2\/comments?post=64039"}],"version-history":[{"count":1,"href":"https:\/\/edublog.educastur.es\/ixuxu\/wp-json\/wp\/v2\/posts\/64039\/revisions"}],"predecessor-version":[{"id":64040,"href":"https:\/\/edublog.educastur.es\/ixuxu\/wp-json\/wp\/v2\/posts\/64039\/revisions\/64040"}],"wp:attachment":[{"href":"https:\/\/edublog.educastur.es\/ixuxu\/wp-json\/wp\/v2\/media?parent=64039"}],"wp:term":[{"taxonomy":"category","embeddable":true,"href":"https:\/\/edublog.educastur.es\/ixuxu\/wp-json\/wp\/v2\/categories?post=64039"},{"taxonomy":"post_tag","embeddable":true,"href":"https:\/\/edublog.educastur.es\/ixuxu\/wp-json\/wp\/v2\/tags?post=64039"}],"curies":[{"name":"wp","href":"https:\/\/api.w.org\/{rel}","templated":true}]}}