{"id":64052,"date":"2025-12-21T08:55:29","date_gmt":"2025-12-21T06:55:29","guid":{"rendered":"https:\/\/edublog.educastur.es\/ixuxu\/?p=64052"},"modified":"2025-12-22T12:14:16","modified_gmt":"2025-12-22T10:14:16","slug":"conseyos-dautoproteccion","status":"publish","type":"post","link":"https:\/\/edublog.educastur.es\/ixuxu\/2025\/12\/conseyos-dautoproteccion\/","title":{"rendered":"Conseyos d&#8217;autoprotecci\u00f3n"},"content":{"rendered":"<div class=\"xu06os2 x1ok221b\">\n<div class=\"x1gslohp\">\n<ul>\n<li class=\"html-h2 x14z9mp xat24cr x1lziwak xexx8yu xyri2b x18d9i69 x1c1uobl x1vvkbs x1heor9g x1qlqyl8 x1pd3egz x1a2a7pz x1gslohp\"><span class=\"x193iq5w xeuugli x13faqbe x1vvkbs x1xmvt09 x1f6kntn xvq8zen xo1l8bm xi81zsa\"><span class=\"xt0psk2\"><span class=\"xjp7ctv\"><a class=\"x1i10hfl xjbqb8w x1ejq31n x18oe1m7 x1sy0etr xstzfhl x972fbf x10w94by x1qhh985 x14e42zd x9f619 x1ypdohk xt0psk2 x3ct3a4 xdj266r x14z9mp xat24cr x1lziwak xexx8yu xyri2b x18d9i69 x1c1uobl x16tdsg8 x1hl2dhg xggy1nq x1a2a7pz xkrqix3 x1sur9pj xzsf02u x1s688f\" role=\"link\" href=\"https:\/\/www.facebook.com\/MovilidadAsturias?__cft__[0]=AZYjlL0qQ_P0HDpRQexwhq9Sqt2oB7kZbn6Y7HZcKZKGvMkIcZNlKK0QgQjFEHGU2YuBt_HDPk8LDQLAtHxHL66JE8CEmAueJmGiOVhWM_uiOs_LPQTHJziUOaMsLh4_r93LMZzGOvLzuj6LYBXVSuVkqraGOACE0AgFRUuaiKJIrFEdirZXtNZsFUDe3yAPIPYZEcq4VLxXUuN-azHQJEDm&amp;__tn__=-UC*F\">Consejer\u00eda de Movilidad, Medio Ambiente y Gesti\u00f3n de Emergencias<\/a><\/span><\/span><\/span><\/li>\n<\/ul>\n<div class=\"html-div xdj266r x14z9mp xat24cr x1lziwak xexx8yu xyri2b x18d9i69 x1c1uobl\" dir=\"auto\">\n<div class=\"html-div xdj266r x14z9mp xat24cr x1lziwak xexx8yu xyri2b x18d9i69 x1c1uobl\" data-ad-rendering-role=\"story_message\">\n<div id=\"_R_2l5dimjbsmj5ilipamH2_\" class=\"x1l90r2v x1iorvi4 x1g0dm76 xpdmqnj\" data-ad-comet-preview=\"message\" data-ad-preview=\"message\">\n<div class=\"x78zum5 xdt5ytf xz62fqu x16ldp7u\">\n<div class=\"xu06os2 x1ok221b\">\n<div class=\"html-div xdj266r x14z9mp xat24cr x1lziwak xexx8yu xyri2b x18d9i69 x1c1uobl\">\n<div class=\"xdj266r x14z9mp xat24cr x1lziwak x1vvkbs x126k92a\">\n<div dir=\"auto\"><span class=\"html-span xexx8yu xyri2b x18d9i69 x1c1uobl x1hl2dhg x16tdsg8 x1vvkbs x3nfvp2 x1j61x8r x1fcty0u xdj266r xat24cr xm2jcoa x1mpyi22 xxymvpz xlup9mm x1kky2od\"><img loading=\"lazy\" decoding=\"async\" class=\"xz74otr x15mokao x1ga7v0g x16uus16 xbiv7yw\" src=\"https:\/\/static.xx.fbcdn.net\/images\/emoji.php\/v9\/tdc\/1\/16\/26a0.png\" alt=\"\u26a0\ufe0f\" width=\"16\" height=\"16\" \/><\/span> Avisos por fen\u00f3menos meteorol\u00f3xicos para ma\u00f1ana. Fen\u00f3menos costeros de nivel mariellu en tou la mari\u00f1a hasta les 18:00. Nevaes de nivel mariellu nes zones de Picos d&#8217;Europa y Cordillera tol d\u00eda Sigue estos conseyos d&#8217;autoprotecci\u00f3n y consulta la informaci\u00f3n sobro los avisos meterol\u00f3xicos y l&#8217;est\u00e1u de les carreteres.<span class=\"html-span xexx8yu xyri2b x18d9i69 x1c1uobl x1hl2dhg x16tdsg8 x1vvkbs x3nfvp2 x1j61x8r x1fcty0u xdj266r xat24cr xm2jcoa x1mpyi22 xxymvpz xlup9mm x1kky2od\"><img loading=\"lazy\" decoding=\"async\" class=\"xz74otr x15mokao x1ga7v0g x16uus16 xbiv7yw\" src=\"https:\/\/static.xx.fbcdn.net\/images\/emoji.php\/v9\/tae\/1\/16\/1f4ce.png\" alt=\"\ud83d\udcce\" width=\"16\" height=\"16\" \/><\/span> <span class=\"html-span xdj266r x14z9mp xat24cr x1lziwak xexx8yu xyri2b x18d9i69 x1c1uobl x1hl2dhg x16tdsg8 x1vvkbs\"><a class=\"x1i10hfl xjbqb8w x1ejq31n x18oe1m7 x1sy0etr xstzfhl x972fbf x10w94by x1qhh985 x14e42zd x9f619 x1ypdohk xt0psk2 x3ct3a4 xdj266r x14z9mp xat24cr x1lziwak xexx8yu xyri2b x18d9i69 x1c1uobl x16tdsg8 x1hl2dhg xggy1nq x1a2a7pz xkrqix3 x1sur9pj x1fey0fg x1s688f\" role=\"link\" href=\"https:\/\/l.facebook.com\/l.php?u=https%3A%2F%2Fwww.aemet.es%2Fes%2Feltiempo%2Fprediccion%2Favisos%3Fk%3Dast%26fbclid%3DIwZXh0bgNhZW0CMTAAYnJpZBEwc0NVWGo3bUNJaThpYVRHMHNydGMGYXBwX2lkEDIyMjAzOTE3ODgyMDA4OTIAAR7QeGfUfc1O0wrCoTcjd8rX4-A56kFU-pL89Yu-GX8wdkAYcJCC1VwcKcOgnw_aem_3KRlBsgUGV8zcWI6Rpbu6w&amp;h=AT3OeG9BSoxAjJcTSI7CRIXunprcaYl627XR-uESFtqfOjklv0fSL7dupYNyzFquvhkV4aKVpxnxlE7cKULZsCIITHRMw2iAMB0208UC0etlN0Oyo_0aUl2ErMVOvJhB3EiskXhhrfwvJw&amp;__tn__=-UK-R&amp;c[0]=AT3Lg0xPHS8xCTzrPov7s39unvk-z3uPkhcJRSvinT6ES_jtoqNtB3pUVb4-nja21ws61FsMR2QpQZ_PK-y8gztutvGifkuGLjK19_1fsXKZIJUZilgbFYFfIr12Pw2ZwHVPtYJBx0WwV_O1gH5tf_B_Y30LGVlmvqD6qrd3ThuU9PbHQv5e2lEGVM9r-A\" target=\"_blank\" rel=\"nofollow noopener noreferrer\">https:\/\/www.aemet.es\/es\/eltiempo\/prediccion\/avisos?k=ast<\/a><\/span><span class=\"html-span xexx8yu xyri2b x18d9i69 x1c1uobl x1hl2dhg x16tdsg8 x1vvkbs x3nfvp2 x1j61x8r x1fcty0u xdj266r xat24cr xm2jcoa x1mpyi22 xxymvpz xlup9mm x1kky2od\"><img loading=\"lazy\" decoding=\"async\" class=\"xz74otr x15mokao x1ga7v0g x16uus16 xbiv7yw\" src=\"https:\/\/static.xx.fbcdn.net\/images\/emoji.php\/v9\/tae\/1\/16\/1f4ce.png\" alt=\"\ud83d\udcce\" width=\"16\" height=\"16\" \/><\/span> <span class=\"html-span xdj266r x14z9mp xat24cr x1lziwak xexx8yu xyri2b x18d9i69 x1c1uobl x1hl2dhg x16tdsg8 x1vvkbs\"><a class=\"x1i10hfl xjbqb8w x1ejq31n x18oe1m7 x1sy0etr xstzfhl x972fbf x10w94by x1qhh985 x14e42zd x9f619 x1ypdohk xt0psk2 x3ct3a4 xdj266r x14z9mp xat24cr x1lziwak xexx8yu xyri2b x18d9i69 x1c1uobl x16tdsg8 x1hl2dhg xggy1nq x1a2a7pz xkrqix3 x1sur9pj x1fey0fg x1s688f\" role=\"link\" href=\"https:\/\/l.facebook.com\/l.php?u=https%3A%2F%2Fwww.112asturias.es%2Festado-carreteras%3Ffbclid%3DIwZXh0bgNhZW0CMTAAYnJpZBEwc0NVWGo3bUNJaThpYVRHMHNydGMGYXBwX2lkEDIyMjAzOTE3ODgyMDA4OTIAAR5morW6gz8RQXqZ_MTM1oSF4SwBe57o-OPrg0ZZteqO_eOzPwLQkMfqUYI_xg_aem_68yMWYMKBzR9I0HDy2_Tzg&amp;h=AT2uWKXKHqPP_sTwkbYWK05aARI6dJGSsPc4gma4XtHVJTJtu5i8GSOPkOBqRnzoeDNKJzUmZTQ0wNDhuE5KI0lL1ISdciKTJa9qjFt0kvYgtU3zjb1S5cQLR9lMYimhn5oexQ4SMU3J0w&amp;__tn__=-UK-R&amp;c[0]=AT3Lg0xPHS8xCTzrPov7s39unvk-z3uPkhcJRSvinT6ES_jtoqNtB3pUVb4-nja21ws61FsMR2QpQZ_PK-y8gztutvGifkuGLjK19_1fsXKZIJUZilgbFYFfIr12Pw2ZwHVPtYJBx0WwV_O1gH5tf_B_Y30LGVlmvqD6qrd3ThuU9PbHQv5e2lEGVM9r-A\" target=\"_blank\" rel=\"nofollow noopener noreferrer\">https:\/\/www.112asturias.es\/estado-carreteras<\/a><\/span><\/div>\n<\/div>\n<div dir=\"auto\" style=\"text-align: center\">\n<!-- iframe plugin v.6.0 wordpress.org\/plugins\/iframe\/ -->\n<iframe loading=\"lazy\" src=\"https:\/\/www.facebook.com\/plugins\/post.php?href=https%3A%2F%2Fwww.facebook.com%2Fphoto.php%3Ffbid%3D878547584696833%26set%3Da.202469592304639%26type%3D3&#038;show_text=false&#038;width=500\" width=\"500\" height=\"720\" style=\"border:none;overflow:hidden\" scrolling=\"no\" frameborder=\"0\" allowfullscreen=\"true\" allow=\"autoplay; clipboard-write; encrypted-media; picture-in-picture; web-share\" 0=\"\/iframe\" class=\"iframe-class\"><\/iframe>\n<\/div>\n<\/div>\n<\/div>\n<\/div>\n<\/div>\n<\/div>\n<\/div>\n<\/div>\n<\/div>\n<div class=\"xu06os2 x1ok221b\"><\/div>\n<div class=\"xqcrz7y x78zum5 x1qx5ct2 x1y1aw1k xf159sx xwib8y2 xmzvs34 xw4jnvo\">\n<div><\/div>\n<\/div>\n","protected":false},"excerpt":{"rendered":"<p>Consejer\u00eda de Movilidad, Medio Ambiente y Gesti\u00f3n de Emergencias Avisos por fen\u00f3menos meteorol\u00f3xicos para ma\u00f1ana. Fen\u00f3menos costeros de nivel mariellu en tou la mari\u00f1a hasta les 18:00. Nevaes de nivel mariellu nes zones de Picos d&#8217;Europa y Cordillera tol d\u00eda Sigue estos conseyos d&#8217;autoprotecci\u00f3n y consulta la informaci\u00f3n sobro los avisos meterol\u00f3xicos y l&#8217;est\u00e1u de [&hellip;]<\/p>\n","protected":false},"author":117,"featured_media":0,"comment_status":"closed","ping_status":"closed","sticky":false,"template":"","format":"standard","meta":{"footnotes":""},"categories":[1],"tags":[],"class_list":["post-64052","post","type-post","status-publish","format-standard","hentry","category-sin-categoria"],"_links":{"self":[{"href":"https:\/\/edublog.educastur.es\/ixuxu\/wp-json\/wp\/v2\/posts\/64052","targetHints":{"allow":["GET"]}}],"collection":[{"href":"https:\/\/edublog.educastur.es\/ixuxu\/wp-json\/wp\/v2\/posts"}],"about":[{"href":"https:\/\/edublog.educastur.es\/ixuxu\/wp-json\/wp\/v2\/types\/post"}],"author":[{"embeddable":true,"href":"https:\/\/edublog.educastur.es\/ixuxu\/wp-json\/wp\/v2\/users\/117"}],"replies":[{"embeddable":true,"href":"https:\/\/edublog.educastur.es\/ixuxu\/wp-json\/wp\/v2\/comments?post=64052"}],"version-history":[{"count":1,"href":"https:\/\/edublog.educastur.es\/ixuxu\/wp-json\/wp\/v2\/posts\/64052\/revisions"}],"predecessor-version":[{"id":64053,"href":"https:\/\/edublog.educastur.es\/ixuxu\/wp-json\/wp\/v2\/posts\/64052\/revisions\/64053"}],"wp:attachment":[{"href":"https:\/\/edublog.educastur.es\/ixuxu\/wp-json\/wp\/v2\/media?parent=64052"}],"wp:term":[{"taxonomy":"category","embeddable":true,"href":"https:\/\/edublog.educastur.es\/ixuxu\/wp-json\/wp\/v2\/categories?post=64052"},{"taxonomy":"post_tag","embeddable":true,"href":"https:\/\/edublog.educastur.es\/ixuxu\/wp-json\/wp\/v2\/tags?post=64052"}],"curies":[{"name":"wp","href":"https:\/\/api.w.org\/{rel}","templated":true}]}}