{"id":64054,"date":"2025-12-22T08:30:32","date_gmt":"2025-12-22T06:30:32","guid":{"rendered":"https:\/\/edublog.educastur.es\/ixuxu\/?p=64054"},"modified":"2025-12-22T12:16:35","modified_gmt":"2025-12-22T10:16:35","slug":"el-tiempu-el-comercio-217","status":"publish","type":"post","link":"https:\/\/edublog.educastur.es\/ixuxu\/2025\/12\/el-tiempu-el-comercio-217\/","title":{"rendered":"El tiempu (El Comercio)"},"content":{"rendered":"<p style=\"text-align: center\"><a href=\"https:\/\/s2.ppllstatics.com\/elcomercio\/www\/multimedia\/2025\/12\/21\/prevision-tiempo-asturias-kEiF-U2302588077118HVD-1200x870@El%20Comercio.jpg\"><img loading=\"lazy\" decoding=\"async\" class=\"aligncenter size-large\" src=\"https:\/\/s2.ppllstatics.com\/elcomercio\/www\/multimedia\/2025\/12\/21\/prevision-tiempo-asturias-kEiF-U2302588077118HVD-1200x870@El%20Comercio.jpg\" width=\"1200\" height=\"870\" \/><\/a><\/p>\n<p>Esperamos una xornada relativamente estable anque nun se refuguen dellos bastios que podr\u00eden ser m\u00e1s probables en zones costeres. <strong>Los cielos<\/strong> van tar con cierta nubosid\u00e1 anque, por momentos, tami\u00e9n se van abrir claros. <strong>Los vientos<\/strong> van soplar d&#8217;oeste-suroeste fluexos con raches moderaes especialmente na mari\u00f1a.<strong> La cota de nieve<\/strong> va rondar los 700\/800 metros pero nun s&#8217;esperen nevaes importantes mientres el d\u00eda. <strong>Les temperatures<\/strong> van ser llixeramente un pocu m\u00e1s altes nel casu de <strong>les m\u00e1ximes<\/strong> pero, asina tou, va ser un llunes bien fr\u00edu en tol Princip\u00e1u.<strong> Les m\u00ednimes<\/strong> van ser bien pareyes a les del domingu o, s\u00eda que non, tami\u00e9n podr\u00eden xubir un pocu. <strong>De 11 a 18 hores<\/strong> va tar activ\u00e1u l&#8217;avisu mariellu na mar por aguaxe d&#8217;hasta 4 o 5 metros d&#8217;altor y, am\u00e1s, por raches significatives de vientu.<\/p>\n<p><!--more--><\/p>\n<p>El martes vamos tener nubes y escamplaes pela ma\u00f1ana y un aumentu de la nubosid\u00e1 en toa Asturies a lo llargo de la tarde. Les precipitaciones van ser d\u00e9biles pero probables mientres la segunda parte del d\u00eda. La cota de nieve va rondar los 1100 o 1200 metros.<\/p>\n<p>Para Nuechebona vamos tener cielos nublos y ag\u00fces d\u00e9biles.<\/p>\n<p>El d\u00eda de Navid\u00e1 va ser xuna xornada realmente xeliza con precipitaciones que podr\u00eden dexar nieve a partir de los 400 o 500 metros pela tarde.<\/p>\n","protected":false},"excerpt":{"rendered":"<p>Esperamos una xornada relativamente estable anque nun se refuguen dellos bastios que podr\u00eden ser m\u00e1s probables en zones costeres. Los cielos van tar con cierta nubosid\u00e1 anque, por momentos, tami\u00e9n se van abrir claros. Los vientos van soplar d&#8217;oeste-suroeste fluexos con raches moderaes especialmente na mari\u00f1a. La cota de nieve va rondar los 700\/800 metros [&hellip;]<\/p>\n","protected":false},"author":117,"featured_media":0,"comment_status":"closed","ping_status":"closed","sticky":false,"template":"","format":"standard","meta":{"footnotes":""},"categories":[5],"tags":[],"class_list":["post-64054","post","type-post","status-publish","format-standard","hentry","category-tiempu"],"_links":{"self":[{"href":"https:\/\/edublog.educastur.es\/ixuxu\/wp-json\/wp\/v2\/posts\/64054","targetHints":{"allow":["GET"]}}],"collection":[{"href":"https:\/\/edublog.educastur.es\/ixuxu\/wp-json\/wp\/v2\/posts"}],"about":[{"href":"https:\/\/edublog.educastur.es\/ixuxu\/wp-json\/wp\/v2\/types\/post"}],"author":[{"embeddable":true,"href":"https:\/\/edublog.educastur.es\/ixuxu\/wp-json\/wp\/v2\/users\/117"}],"replies":[{"embeddable":true,"href":"https:\/\/edublog.educastur.es\/ixuxu\/wp-json\/wp\/v2\/comments?post=64054"}],"version-history":[{"count":1,"href":"https:\/\/edublog.educastur.es\/ixuxu\/wp-json\/wp\/v2\/posts\/64054\/revisions"}],"predecessor-version":[{"id":64055,"href":"https:\/\/edublog.educastur.es\/ixuxu\/wp-json\/wp\/v2\/posts\/64054\/revisions\/64055"}],"wp:attachment":[{"href":"https:\/\/edublog.educastur.es\/ixuxu\/wp-json\/wp\/v2\/media?parent=64054"}],"wp:term":[{"taxonomy":"category","embeddable":true,"href":"https:\/\/edublog.educastur.es\/ixuxu\/wp-json\/wp\/v2\/categories?post=64054"},{"taxonomy":"post_tag","embeddable":true,"href":"https:\/\/edublog.educastur.es\/ixuxu\/wp-json\/wp\/v2\/tags?post=64054"}],"curies":[{"name":"wp","href":"https:\/\/api.w.org\/{rel}","templated":true}]}}