{"id":64066,"date":"2025-12-23T11:51:40","date_gmt":"2025-12-23T09:51:40","guid":{"rendered":"https:\/\/edublog.educastur.es\/ixuxu\/?p=64066"},"modified":"2025-12-23T12:51:24","modified_gmt":"2025-12-23T10:51:24","slug":"un-despegue-ensin-precedentes-nel-aeropuertu-dasturies","status":"publish","type":"post","link":"https:\/\/edublog.educastur.es\/ixuxu\/2025\/12\/un-despegue-ensin-precedentes-nel-aeropuertu-dasturies\/","title":{"rendered":"Un despegue ensin precedentes nel Aeropuertu d&#8217;Asturies"},"content":{"rendered":"<p><a href=\"https:\/\/estaticos-cdn.prensaiberica.es\/clip\/cde3c755-76ac-490d-987c-20e7d160a764_16-9-discover-aspect-ratio_default_0.webp\"><img loading=\"lazy\" decoding=\"async\" class=\"aligncenter size-large\" src=\"https:\/\/estaticos-cdn.prensaiberica.es\/clip\/cde3c755-76ac-490d-987c-20e7d160a764_16-9-discover-aspect-ratio_default_0.webp\" width=\"1200\" height=\"675\" \/><\/a><\/p>\n<p><a href=\"https:\/\/www.lne.es\/asturias\/2025\/12\/21\/aeropuerto-asturias-nuevo-referente-noroeste-125004153.html\">LNE<\/a> \/ Un despegue ensin precedentes. Cifres de r\u00e9cord, viaxeros desfilando con maletes para aportar a la terminal, nueves rutes, destinos qu&#8217;aumenten\u2026 L&#8217;aeropuertu d&#8217;Asturies vive&#8217;l meyor momentu de la so hestoria y af\u00edtase como xuno de los m\u00e1s destacaos del Noroeste d&#8217;Espa\u00f1a. La infraestructura de Santiago del Monte yera va una d\u00e9cada un problema y g\u00fcei ye una de les baces que tien el Gobiernu d&#8217;Adri\u00e1n Barb\u00f3n en materia de movilid\u00e1. Los dos millones d&#8217;usuarios alcanzaos esta mesma selmana, r\u00e9cord nun a\u00f1u natural, ye una cifra simb\u00f3lica y la constataci\u00f3n de que al dest\u00edn de la terminal di\u00f3se-y la vuelta como a un calcetu.<\/p>\n","protected":false},"excerpt":{"rendered":"<p>LNE \/ Un despegue ensin precedentes. Cifres de r\u00e9cord, viaxeros desfilando con maletes para aportar a la terminal, nueves rutes, destinos qu&#8217;aumenten\u2026 L&#8217;aeropuertu d&#8217;Asturies vive&#8217;l meyor momentu de la so hestoria y af\u00edtase como xuno de los m\u00e1s destacaos del Noroeste d&#8217;Espa\u00f1a. La infraestructura de Santiago del Monte yera va una d\u00e9cada un problema y [&hellip;]<\/p>\n","protected":false},"author":117,"featured_media":0,"comment_status":"closed","ping_status":"closed","sticky":false,"template":"","format":"standard","meta":{"footnotes":""},"categories":[232],"tags":[],"class_list":["post-64066","post","type-post","status-publish","format-standard","hentry","category-tresportes"],"_links":{"self":[{"href":"https:\/\/edublog.educastur.es\/ixuxu\/wp-json\/wp\/v2\/posts\/64066","targetHints":{"allow":["GET"]}}],"collection":[{"href":"https:\/\/edublog.educastur.es\/ixuxu\/wp-json\/wp\/v2\/posts"}],"about":[{"href":"https:\/\/edublog.educastur.es\/ixuxu\/wp-json\/wp\/v2\/types\/post"}],"author":[{"embeddable":true,"href":"https:\/\/edublog.educastur.es\/ixuxu\/wp-json\/wp\/v2\/users\/117"}],"replies":[{"embeddable":true,"href":"https:\/\/edublog.educastur.es\/ixuxu\/wp-json\/wp\/v2\/comments?post=64066"}],"version-history":[{"count":1,"href":"https:\/\/edublog.educastur.es\/ixuxu\/wp-json\/wp\/v2\/posts\/64066\/revisions"}],"predecessor-version":[{"id":64067,"href":"https:\/\/edublog.educastur.es\/ixuxu\/wp-json\/wp\/v2\/posts\/64066\/revisions\/64067"}],"wp:attachment":[{"href":"https:\/\/edublog.educastur.es\/ixuxu\/wp-json\/wp\/v2\/media?parent=64066"}],"wp:term":[{"taxonomy":"category","embeddable":true,"href":"https:\/\/edublog.educastur.es\/ixuxu\/wp-json\/wp\/v2\/categories?post=64066"},{"taxonomy":"post_tag","embeddable":true,"href":"https:\/\/edublog.educastur.es\/ixuxu\/wp-json\/wp\/v2\/tags?post=64066"}],"curies":[{"name":"wp","href":"https:\/\/api.w.org\/{rel}","templated":true}]}}