{"id":64068,"date":"2025-12-21T12:27:46","date_gmt":"2025-12-21T10:27:46","guid":{"rendered":"https:\/\/edublog.educastur.es\/ixuxu\/?p=64068"},"modified":"2025-12-23T12:50:31","modified_gmt":"2025-12-23T10:50:31","slug":"una-marea-colorada-y-verde-anubrel-centru-duvieu","status":"publish","type":"post","link":"https:\/\/edublog.educastur.es\/ixuxu\/2025\/12\/una-marea-colorada-y-verde-anubrel-centru-duvieu\/","title":{"rendered":"Una marea colorada y verde anubre&#8217;l centru d&#8217;Uvi\u00e9u"},"content":{"rendered":"<p>Una marea colorada y verde anubre&#8217;l centru d&#8217;Uvi\u00e9u: 3.200 papa noeles y elfos cuerren n&#8217;una prueba cargada d&#8217;ilusi\u00f3n. Santa Claus celebra que tolos ne\u00f1os d&#8217;Uvi\u00e9u \u00abfueron bien bonos\u00bb s\u00edntoma de que van amanecer el d\u00eda de Navid\u00e1 cola so casa llena de regalo. <a href=\"https:\/\/www.lne.es\/oviedo\/2025\/12\/21\/marea-roja-verde-inunda-centro-125015498.html\">LNE<\/a><\/p>\n<p style=\"text-align: center\"><a href=\"https:\/\/carrerapapanoel.totalenergies.es\/wp-content\/uploads\/2025\/12\/CARRERA_PAPANOEL_ALTA_072_YMHS0888-scaled.jpg\"><img loading=\"lazy\" decoding=\"async\" class=\"aligncenter size-large\" src=\"https:\/\/carrerapapanoel.totalenergies.es\/wp-content\/uploads\/2025\/12\/CARRERA_PAPANOEL_ALTA_072_YMHS0888-scaled.jpg\" width=\"2560\" height=\"1706\" \/><\/a><\/p>\n<p>Foi una carrera con muncha ilusi\u00f3n, allegr\u00eda y esp\u00edritu navidiegu. Pero tami\u00e9n sirvi\u00f3<strong> para fomentar los valores como la sal\u00fa, l&#8217;amor y la familia.<\/strong><\/p>\n<p><!--more--><\/p>\n<p>Uvi\u00e9u se ti\u00f1\u00f3 un a\u00f1u m\u00e1s, y y\u00e1 ven cuatro, de collor\u00e1u y verde para la prueba que tolos a\u00f1os entama la empresa Total Energies poles cais m\u00e1s c\u00e9ntriques de la capital asturiana. La prueba parti\u00f3 al mediud\u00eda d&#8217;Ur\u00eda cola participaci\u00f3n de 3.200 papa noeles -los adultos- y elfos -los ne\u00f1os- que percorrieron los dos kil\u00f3metros que, por \u00falitma vegada, tuvieron al frente a Javier Javier S\u00e1enz de Jubera, presidente na compa\u00f1\u00eda n&#8217;Espa\u00f1a. Ta a pocu m\u00e1s d&#8217;una selmana de xubilase y, esti domingu, nun duld\u00f3 en enfundarse el traxe de Santa Claus para esfrutar d&#8217;esta ma\u00f1ana soleyera cola so familia. \u00abY\u00e1 fal\u00e1ramos con Papa Noel va unos d\u00edes por que g\u00fcei hubiera bon tiempu porque ye bien importante por que toos esfrutemos d&#8217;esta xornada\u00bb. <a href=\"https:\/\/carrerapapanoel.totalenergies.es\/\">https:\/\/carrerapapanoel.totalenergies.es\/<\/a><\/p>\n","protected":false},"excerpt":{"rendered":"<p>Una marea colorada y verde anubre&#8217;l centru d&#8217;Uvi\u00e9u: 3.200 papa noeles y elfos cuerren n&#8217;una prueba cargada d&#8217;ilusi\u00f3n. Santa Claus celebra que tolos ne\u00f1os d&#8217;Uvi\u00e9u \u00abfueron bien bonos\u00bb s\u00edntoma de que van amanecer el d\u00eda de Navid\u00e1 cola so casa llena de regalo. LNE Foi una carrera con muncha ilusi\u00f3n, allegr\u00eda y esp\u00edritu navidiegu. Pero [&hellip;]<\/p>\n","protected":false},"author":117,"featured_media":0,"comment_status":"closed","ping_status":"closed","sticky":false,"template":"","format":"standard","meta":{"footnotes":""},"categories":[222,81],"tags":[],"class_list":["post-64068","post","type-post","status-publish","format-standard","hentry","category-carreres","category-nadal"],"_links":{"self":[{"href":"https:\/\/edublog.educastur.es\/ixuxu\/wp-json\/wp\/v2\/posts\/64068","targetHints":{"allow":["GET"]}}],"collection":[{"href":"https:\/\/edublog.educastur.es\/ixuxu\/wp-json\/wp\/v2\/posts"}],"about":[{"href":"https:\/\/edublog.educastur.es\/ixuxu\/wp-json\/wp\/v2\/types\/post"}],"author":[{"embeddable":true,"href":"https:\/\/edublog.educastur.es\/ixuxu\/wp-json\/wp\/v2\/users\/117"}],"replies":[{"embeddable":true,"href":"https:\/\/edublog.educastur.es\/ixuxu\/wp-json\/wp\/v2\/comments?post=64068"}],"version-history":[{"count":1,"href":"https:\/\/edublog.educastur.es\/ixuxu\/wp-json\/wp\/v2\/posts\/64068\/revisions"}],"predecessor-version":[{"id":64069,"href":"https:\/\/edublog.educastur.es\/ixuxu\/wp-json\/wp\/v2\/posts\/64068\/revisions\/64069"}],"wp:attachment":[{"href":"https:\/\/edublog.educastur.es\/ixuxu\/wp-json\/wp\/v2\/media?parent=64068"}],"wp:term":[{"taxonomy":"category","embeddable":true,"href":"https:\/\/edublog.educastur.es\/ixuxu\/wp-json\/wp\/v2\/categories?post=64068"},{"taxonomy":"post_tag","embeddable":true,"href":"https:\/\/edublog.educastur.es\/ixuxu\/wp-json\/wp\/v2\/tags?post=64068"}],"curies":[{"name":"wp","href":"https:\/\/api.w.org\/{rel}","templated":true}]}}