{"id":64070,"date":"2025-12-22T12:33:12","date_gmt":"2025-12-22T10:33:12","guid":{"rendered":"https:\/\/edublog.educastur.es\/ixuxu\/?p=64070"},"modified":"2025-12-22T12:33:12","modified_gmt":"2025-12-22T10:33:12","slug":"el-musicu-asturianu-ruben-bada-espublizal-so-primer-discu-en-solitario","status":"publish","type":"post","link":"https:\/\/edublog.educastur.es\/ixuxu\/2025\/12\/el-musicu-asturianu-ruben-bada-espublizal-so-primer-discu-en-solitario\/","title":{"rendered":"El m\u00fasicu asturianu Rub\u00e9n Bada espubliza&#8217;l so primer discu en solitario"},"content":{"rendered":"<p class=\"font-size-xxl margin-b-5 font-weight-b color-b-050 letter-spacing--1 fuente-corporativa\">El m\u00fasicu asturianu Rub\u00e9n Bada espubliza&#8217;l so primer discu en solitario.\u00a0Rub\u00e9n Bada va actuar el pr\u00f3ximu xineru nel &#8216;Celtic Connections&#8217; de Glasgow. Va ser l&#8217;\u00fanicu asturianu nesti festival de m\u00fasica celta, el m\u00e1s importante xunto al Festival Interc\u00e9lticu de Lorient.\u00a0Les sos tres d\u00e9cades de trayectoria fueron en bandes o acompa\u00f1ando a m\u00fasicos, pero angua\u00f1o decidi\u00f3se a llanzar el so primer discu en solitario. El nuevu trabayu estr\u00e9malu en tres partes: vigul\u00edn, cantares y una novedosa guitarra cl\u00e1sica al serviciu de la tradici\u00f3n asturiana.<\/p>\n<p style=\"text-align: center\"><a href=\"https:\/\/www.rtpa.es\/fotos\/\/25\/12\/20251221113103_RTPA7499755.webp\"><img loading=\"lazy\" decoding=\"async\" class=\"aligncenter size-large\" src=\"https:\/\/www.rtpa.es\/fotos\/\/25\/12\/20251221113103_RTPA7499755.webp\" width=\"853\" height=\"480\" \/><\/a><\/p>\n","protected":false},"excerpt":{"rendered":"<p>El m\u00fasicu asturianu Rub\u00e9n Bada espubliza&#8217;l so primer discu en solitario.\u00a0Rub\u00e9n Bada va actuar el pr\u00f3ximu xineru nel &#8216;Celtic Connections&#8217; de Glasgow. Va ser l&#8217;\u00fanicu asturianu nesti festival de m\u00fasica celta, el m\u00e1s importante xunto al Festival Interc\u00e9lticu de Lorient.\u00a0Les sos tres d\u00e9cades de trayectoria fueron en bandes o acompa\u00f1ando a m\u00fasicos, pero angua\u00f1o decidi\u00f3se [&hellip;]<\/p>\n","protected":false},"author":117,"featured_media":0,"comment_status":"closed","ping_status":"closed","sticky":false,"template":"","format":"standard","meta":{"footnotes":""},"categories":[35,125],"tags":[],"class_list":["post-64070","post","type-post","status-publish","format-standard","hentry","category-musica","category-musicasturiana-com"],"_links":{"self":[{"href":"https:\/\/edublog.educastur.es\/ixuxu\/wp-json\/wp\/v2\/posts\/64070","targetHints":{"allow":["GET"]}}],"collection":[{"href":"https:\/\/edublog.educastur.es\/ixuxu\/wp-json\/wp\/v2\/posts"}],"about":[{"href":"https:\/\/edublog.educastur.es\/ixuxu\/wp-json\/wp\/v2\/types\/post"}],"author":[{"embeddable":true,"href":"https:\/\/edublog.educastur.es\/ixuxu\/wp-json\/wp\/v2\/users\/117"}],"replies":[{"embeddable":true,"href":"https:\/\/edublog.educastur.es\/ixuxu\/wp-json\/wp\/v2\/comments?post=64070"}],"version-history":[{"count":1,"href":"https:\/\/edublog.educastur.es\/ixuxu\/wp-json\/wp\/v2\/posts\/64070\/revisions"}],"predecessor-version":[{"id":64071,"href":"https:\/\/edublog.educastur.es\/ixuxu\/wp-json\/wp\/v2\/posts\/64070\/revisions\/64071"}],"wp:attachment":[{"href":"https:\/\/edublog.educastur.es\/ixuxu\/wp-json\/wp\/v2\/media?parent=64070"}],"wp:term":[{"taxonomy":"category","embeddable":true,"href":"https:\/\/edublog.educastur.es\/ixuxu\/wp-json\/wp\/v2\/categories?post=64070"},{"taxonomy":"post_tag","embeddable":true,"href":"https:\/\/edublog.educastur.es\/ixuxu\/wp-json\/wp\/v2\/tags?post=64070"}],"curies":[{"name":"wp","href":"https:\/\/api.w.org\/{rel}","templated":true}]}}