{"id":64072,"date":"2025-12-21T08:50:34","date_gmt":"2025-12-21T06:50:34","guid":{"rendered":"https:\/\/edublog.educastur.es\/ixuxu\/?p=64072"},"modified":"2025-12-22T12:35:03","modified_gmt":"2025-12-22T10:35:03","slug":"liviernu-astronomicu-entama-esti-domingu-21-davientu","status":"publish","type":"post","link":"https:\/\/edublog.educastur.es\/ixuxu\/2025\/12\/liviernu-astronomicu-entama-esti-domingu-21-davientu\/","title":{"rendered":"L&#8217;iviernu astron\u00f3micu entama esti domingu 21 d&#8217;avientu"},"content":{"rendered":"<p class=\"font-size-xxl margin-b-5 font-weight-b color-b-050 letter-spacing--1 fuente-corporativa\">L&#8217;iviernu astron\u00f3micu entama esti domingu 21 d&#8217;avientu a les 16:03 y durar\u00e1 cuasi 89 d\u00edes. Habr\u00e1 dos eclipses pero nun sedr\u00e1n visibles dende Espa\u00f1a.<\/p>\n<p style=\"text-align: center\"><a href=\"https:\/\/www.rtpa.es\/fotos\/\/20\/02\/20200216134431_20200216libromontana.jpg\"><img loading=\"lazy\" decoding=\"async\" class=\"aligncenter size-large\" src=\"https:\/\/www.rtpa.es\/fotos\/\/20\/02\/20200216134431_20200216libromontana.jpg\" width=\"853\" height=\"480\" \/><\/a><!--more--><\/p>\n<div id=\"noticiacompleta\" class=\"parragraph-padding font-c-conent\">\n<p>L\u2019iviernu astron\u00f3micu entama esti domingu 21 d\u2019avientu a les 16:03 hora peninsular, seg\u00fan c\u00e1lculos del Observatoriu Astron\u00f3micu Nacional (Institutu Xeogr\u00e1ficu Nacional-Ministeriu de Tresportes, Movilid\u00e1 y Axenda Urbana).<\/p>\n<p>De manera aproximada, esta estaci\u00f3n durar\u00e1 88 d\u00edes y 23 hores y acabar\u00e1\u2019l 20 de marzu de 2026 viniente col entamu de la primavera.<\/p>\n<p>En total, l\u2019iviernu tendr\u00e1 tres llunes enllenes: el 3 de xineru, 1 de febreru y 3 de marzu. Al marxe d\u2019ello, acoyer\u00e1 dos lluvies de meteoros: les \u00farsides, qu\u2019esperen que\u2019l m\u00e1ximu seya pal 22 d\u2019avientu, y de les cuadr\u00e1ntides, qu\u2019esperen que\u2019l m\u00e1ximu seya pal 3 de xineru.<\/p>\n<p>Esti d\u00eda \u2013el domingu\u2013 sedr\u00e1\u2019l d\u00eda del solsticiu d\u2019iviernu, la xornada m\u00e1s curtia del a\u00f1u. Na llatit\u00fa de Madrid, tendr\u00e1 una duraci\u00f3n de nueve hores y 17 minutos (en comparaci\u00f3n, el solsticiu de branu \u2013d\u00eda m\u00e1s llargu del a\u00f1u\u2013 foi\u2019l 21 de xunu y dur\u00f3 15 hores y tres minutos).<\/p>\n<\/div>\n<p>&nbsp;<\/p>\n","protected":false},"excerpt":{"rendered":"<p>L&#8217;iviernu astron\u00f3micu entama esti domingu 21 d&#8217;avientu a les 16:03 y durar\u00e1 cuasi 89 d\u00edes. Habr\u00e1 dos eclipses pero nun sedr\u00e1n visibles dende Espa\u00f1a.<\/p>\n","protected":false},"author":117,"featured_media":0,"comment_status":"closed","ping_status":"closed","sticky":false,"template":"","format":"standard","meta":{"footnotes":""},"categories":[46],"tags":[],"class_list":["post-64072","post","type-post","status-publish","format-standard","hentry","category-estaciones"],"_links":{"self":[{"href":"https:\/\/edublog.educastur.es\/ixuxu\/wp-json\/wp\/v2\/posts\/64072","targetHints":{"allow":["GET"]}}],"collection":[{"href":"https:\/\/edublog.educastur.es\/ixuxu\/wp-json\/wp\/v2\/posts"}],"about":[{"href":"https:\/\/edublog.educastur.es\/ixuxu\/wp-json\/wp\/v2\/types\/post"}],"author":[{"embeddable":true,"href":"https:\/\/edublog.educastur.es\/ixuxu\/wp-json\/wp\/v2\/users\/117"}],"replies":[{"embeddable":true,"href":"https:\/\/edublog.educastur.es\/ixuxu\/wp-json\/wp\/v2\/comments?post=64072"}],"version-history":[{"count":1,"href":"https:\/\/edublog.educastur.es\/ixuxu\/wp-json\/wp\/v2\/posts\/64072\/revisions"}],"predecessor-version":[{"id":64073,"href":"https:\/\/edublog.educastur.es\/ixuxu\/wp-json\/wp\/v2\/posts\/64072\/revisions\/64073"}],"wp:attachment":[{"href":"https:\/\/edublog.educastur.es\/ixuxu\/wp-json\/wp\/v2\/media?parent=64072"}],"wp:term":[{"taxonomy":"category","embeddable":true,"href":"https:\/\/edublog.educastur.es\/ixuxu\/wp-json\/wp\/v2\/categories?post=64072"},{"taxonomy":"post_tag","embeddable":true,"href":"https:\/\/edublog.educastur.es\/ixuxu\/wp-json\/wp\/v2\/tags?post=64072"}],"curies":[{"name":"wp","href":"https:\/\/api.w.org\/{rel}","templated":true}]}}