{"id":64074,"date":"2025-12-21T18:35:43","date_gmt":"2025-12-21T16:35:43","guid":{"rendered":"https:\/\/edublog.educastur.es\/ixuxu\/?p=64074"},"modified":"2025-12-22T12:42:58","modified_gmt":"2025-12-22T10:42:58","slug":"la-llei-lgtbi-asturiana-que-se-va-tramitar-en-2026","status":"publish","type":"post","link":"https:\/\/edublog.educastur.es\/ixuxu\/2025\/12\/la-llei-lgtbi-asturiana-que-se-va-tramitar-en-2026\/","title":{"rendered":"La Llei LGTBI asturiana que se va tramitar en 2026"},"content":{"rendered":"<div class=\"padding-t-35\">\n<p class=\"font-size-xxl margin-b-5 font-weight-b color-b-050 letter-spacing--1 fuente-corporativa\" style=\"text-align: left\">La Llei LGTBI asturiana que se va tramitar en 2026 naz col consensu de los colectivos. Los colectivos destaquen la inclusi\u00f3n per primer vegada de les families.<\/p>\n<\/div>\n<div id=\"area_imagen_ac\" style=\"text-align: center\"><em><span class=\"x193iq5w xeuugli x13faqbe x1vvkbs xt0psk2 x1i0vuye xvs91rp xo1l8bm x5n08af x10wh9bi xpm28yp x8viiok x1o7cslx x126k92a\"><span class=\"html-span xexx8yu x4uap5 x18d9i69 xkhd6sd x1hl2dhg x16tdsg8 x1vvkbs x3nfvp2 x1j61x8r x1fcty0u xdj266r xat24cr xgzva0m xhhsvwb xxymvpz xlup9mm x1kky2od\">\n<!-- iframe plugin v.6.0 wordpress.org\/plugins\/iframe\/ -->\n<iframe loading=\"lazy\" src=\"https:\/\/www.instagram.com\/p\/DShHV5BDDbu\/embed\" width=\"460\" height=\"600\" 0=\"\/iframe\" scrolling=\"yes\" class=\"iframe-class\" frameborder=\"0\"><\/iframe>\n<\/span><\/span><\/em><\/div>\n<p><!--more--><\/p>\n<div id=\"multimedia\" class=\"capa_imagen_player img-det-not\">\n<div id=\"mediaplayer\">\n<div id=\"video-a-reproducir3008844932\" class=\"video-js vjs-default-skin vjs-16-9 vjs-big-play-centered vjs-paused vjs-fluid video-a-reproducir3008844932-dimensions vjs-controls-enabled vjs-workinghover vjs-v8 vjs-user-active vjs-layout-medium vjs-hls-quality-selector\" lang=\"es\" role=\"region\" aria-label=\"Reproductor de Video\"><\/div>\n<\/div>\n<\/div>\n<div id=\"noticiacompleta\" class=\"parragraph-padding font-c-conent\">\n<p class=\"font-size-m padding-b-20 font-weight-b margin-t-16\">\n<p>La Llei LGTBI que se va tramitar el pr\u00f3ximu a\u00f1u recueye&#8217;l \u00absexiliu\u00bb, l&#8217;\u00e9xodu de persones del colectivu por discriminaci\u00f3n. Am\u00e1s establez pol\u00edtiques y mid\u00edes consensuaes como una mayor formaci\u00f3n a docentes y sanitarios pa garantizar los derechos humanos d&#8217;estes persones. Hasta&#8217;l 19 de xineru puen presentase allegamientos a esta norma auton\u00f3mica, la pen\u00faltima del pa\u00eds.<\/p>\n<p>La llei espierta con un testu consensu\u00e1u colos colectivos que defenden el derechu a definise pol so sexu sent\u00edu y non el biol\u00f3xicu.<\/p>\n<p>Un articul\u00e1u que recueye mid\u00edes que garanticen que nun se discrimine a llesbianes, gais, bisexuales, intersexuales y trans nel \u00e1mbitu de la educaci\u00f3n, la sal\u00fa, los servicios sociales, l&#8217;ociu, el trabayu, la familia, y tami\u00e9n nel mediu rural. Per primer vegada m\u00e9ntase una palabra qu&#8217;ent\u00e1 nun ta nel diccionariu, el \u00absexiliu\u00bb.<\/p>\n<\/div>\n","protected":false},"excerpt":{"rendered":"<p>La Llei LGTBI asturiana que se va tramitar en 2026 naz col consensu de los colectivos. Los colectivos destaquen la inclusi\u00f3n per primer vegada de les families.<\/p>\n","protected":false},"author":117,"featured_media":0,"comment_status":"closed","ping_status":"closed","sticky":false,"template":"","format":"standard","meta":{"footnotes":""},"categories":[301,289],"tags":[],"class_list":["post-64074","post","type-post","status-publish","format-standard","hentry","category-lgbtiq","category-lleis"],"_links":{"self":[{"href":"https:\/\/edublog.educastur.es\/ixuxu\/wp-json\/wp\/v2\/posts\/64074","targetHints":{"allow":["GET"]}}],"collection":[{"href":"https:\/\/edublog.educastur.es\/ixuxu\/wp-json\/wp\/v2\/posts"}],"about":[{"href":"https:\/\/edublog.educastur.es\/ixuxu\/wp-json\/wp\/v2\/types\/post"}],"author":[{"embeddable":true,"href":"https:\/\/edublog.educastur.es\/ixuxu\/wp-json\/wp\/v2\/users\/117"}],"replies":[{"embeddable":true,"href":"https:\/\/edublog.educastur.es\/ixuxu\/wp-json\/wp\/v2\/comments?post=64074"}],"version-history":[{"count":4,"href":"https:\/\/edublog.educastur.es\/ixuxu\/wp-json\/wp\/v2\/posts\/64074\/revisions"}],"predecessor-version":[{"id":64078,"href":"https:\/\/edublog.educastur.es\/ixuxu\/wp-json\/wp\/v2\/posts\/64074\/revisions\/64078"}],"wp:attachment":[{"href":"https:\/\/edublog.educastur.es\/ixuxu\/wp-json\/wp\/v2\/media?parent=64074"}],"wp:term":[{"taxonomy":"category","embeddable":true,"href":"https:\/\/edublog.educastur.es\/ixuxu\/wp-json\/wp\/v2\/categories?post=64074"},{"taxonomy":"post_tag","embeddable":true,"href":"https:\/\/edublog.educastur.es\/ixuxu\/wp-json\/wp\/v2\/tags?post=64074"}],"curies":[{"name":"wp","href":"https:\/\/api.w.org\/{rel}","templated":true}]}}