{"id":64080,"date":"2025-12-21T12:10:13","date_gmt":"2025-12-21T10:10:13","guid":{"rendered":"https:\/\/edublog.educastur.es\/ixuxu\/?p=64080"},"modified":"2025-12-23T12:54:27","modified_gmt":"2025-12-23T10:54:27","slug":"los-aguilandeiros-vuelven-a-san-xuan-en-grau","status":"publish","type":"post","link":"https:\/\/edublog.educastur.es\/ixuxu\/2025\/12\/los-aguilandeiros-vuelven-a-san-xuan-en-grau\/","title":{"rendered":"Los Aguilandeiros vuelven a San Xuan en Grau"},"content":{"rendered":"<p><a href=\"https:\/\/www.rtpa.es\/noticias-sociedad-ast\/2025-12-20\/Los-Aguilandeiros-vuelven-a-San-Xuan-en-Grau_111766237738.html\">RTPA<\/a> \/ En 2014, recuper\u00f3se esta mazcarada ancestral, que y\u00e1 ye tradici\u00f3n navidiega nel conceyu de Grau.<\/p>\n<p style=\"text-align: center\"><a href=\"https:\/\/www.rtpa.es\/fotos\/\/25\/12\/20251220143057_RTPA7498568.webp\"><img loading=\"lazy\" decoding=\"async\" class=\"aligncenter size-large\" src=\"https:\/\/www.rtpa.es\/fotos\/\/25\/12\/20251220143057_RTPA7498568.webp\" width=\"853\" height=\"480\" \/><\/a><\/p>\n<p class=\"font-size-m padding-b-20 font-weight-b margin-t-16\">La mazcarada iverniza percuerre los pueblos de la parroquia.\u00a0Tamos a les puertes de la Navid\u00e1 y, con ella, vienen los Aguilandeiros de San Xuan. Ye una mazcarada iverniza, recuperada en 2014, que percuerre los pueblos de la parroquia pidiendo l&#8217;aguilandu.<\/p>\n<p><!--more--><\/p>\n<p>En tractor fueron percorriendo la parroquia de San Xuan los Aguilandeiros. Una mazcarada navidiega na qu&#8217;esta comparsa, formada por una ventena de personaxes tradicionales, canta, bailla y, sobre manera, fai munches trastaes all\u00e1 per onde pasa.<\/p>\n<p style=\"text-align: center\"><span class=\"x193iq5w xeuugli x13faqbe x1vvkbs xt0psk2 x1i0vuye xvs91rp xo1l8bm x5n08af x10wh9bi xpm28yp x8viiok x1o7cslx x126k92a\"><span class=\"html-span xexx8yu x4uap5 x18d9i69 xkhd6sd x1hl2dhg x16tdsg8 x1vvkbs x3nfvp2 x1j61x8r x1fcty0u xdj266r xat24cr xgzva0m xhhsvwb xxymvpz xlup9mm x1kky2od\">\n<!-- iframe plugin v.6.0 wordpress.org\/plugins\/iframe\/ -->\n<iframe loading=\"lazy\" src=\"https:\/\/www.instagram.com\/reel\/DShdW3Hgnze\/embed\" width=\"540\" height=\"675\" 0=\"\/iframe\" scrolling=\"yes\" class=\"iframe-class\" frameborder=\"0\"><\/iframe>\n<\/span><\/span><\/p>\n<p>\u00abEl diablu\u00bb, la dama y\u00e1\u00b4l gal\u00e1n\u00bb, \u00abl&#8217;osu y\u00e1\u00b4l amu\u00bb, el cura, los vieyos, los maragatos, l&#8217;escob\u00f3n, la cenicera y \u00abel m\u00e9licu\u00bb, ente otros personaxes, desfilaron polos pueblos pa pidir l&#8217;aguilandu navidiegu y semar un pequenu caos al so pasu.<\/p>\n<p>Esti cortexu de singulares seres mazcaraos fueron recuperaos de la memoria d&#8217;anta\u00f1o por Xos\u00e9 Ant\u00f3n Amb\u00e1s y Rams\u00e9s Illesies, art\u00edfices del <strong>Arquivu de la Tradici\u00f3n Oral d&#8217;Amb\u00e1s.<\/strong> Gracies a ellos y\u00e1 van once a\u00f1os de color\u00edu (y daqu\u00e9 gamberru) percorr\u00edu polos pueblos de la zona, con salida del Albergue de Pelegrinos de San Xuan de Villapa\u00f1ada.<\/p>\n<p>Una llabor que tien los sos frutos, porque si hai numberosos personaxes, el p\u00fablicu cada a\u00f1u ye m\u00e1s nutr\u00edu, con visitantes que lleguen a Grau dende puntos tan distantes como Soria pa vivir la esperiencia en primer persona.<\/p>\n<p>Y too pa ganar l&#8217;aguilandu, pero tami\u00e9n pa entretener a los cientos d&#8217;asistentes que los siguen nel so festivu periplu.<\/p>\n<p style=\"text-align: center\">\n<!-- iframe plugin v.6.0 wordpress.org\/plugins\/iframe\/ -->\n<iframe loading=\"lazy\" src=\"https:\/\/www.facebook.com\/plugins\/video.php?height=476&#038;href=https%3A%2F%2Fwww.facebook.com%2Freel%2F3231813683659436%2F&#038;show_text=false&#038;width=267&#038;t=0\" width=\"267\" height=\"476\" style=\"border:none;overflow:hidden\" scrolling=\"no\" frameborder=\"0\" allowfullscreen=\"true\" allow=\"autoplay; clipboard-write; encrypted-media; picture-in-picture; web-share\" 0=\"\/iframe\" class=\"iframe-class\"><\/iframe>\n<\/p>\n","protected":false},"excerpt":{"rendered":"<p>RTPA \/ En 2014, recuper\u00f3se esta mazcarada ancestral, que y\u00e1 ye tradici\u00f3n navidiega nel conceyu de Grau. La mazcarada iverniza percuerre los pueblos de la parroquia.\u00a0Tamos a les puertes de la Navid\u00e1 y, con ella, vienen los Aguilandeiros de San Xuan. Ye una mazcarada iverniza, recuperada en 2014, que percuerre los pueblos de la parroquia [&hellip;]<\/p>\n","protected":false},"author":117,"featured_media":0,"comment_status":"closed","ping_status":"closed","sticky":false,"template":"","format":"standard","meta":{"footnotes":""},"categories":[103],"tags":[],"class_list":["post-64080","post","type-post","status-publish","format-standard","hentry","category-mazcaraes"],"_links":{"self":[{"href":"https:\/\/edublog.educastur.es\/ixuxu\/wp-json\/wp\/v2\/posts\/64080","targetHints":{"allow":["GET"]}}],"collection":[{"href":"https:\/\/edublog.educastur.es\/ixuxu\/wp-json\/wp\/v2\/posts"}],"about":[{"href":"https:\/\/edublog.educastur.es\/ixuxu\/wp-json\/wp\/v2\/types\/post"}],"author":[{"embeddable":true,"href":"https:\/\/edublog.educastur.es\/ixuxu\/wp-json\/wp\/v2\/users\/117"}],"replies":[{"embeddable":true,"href":"https:\/\/edublog.educastur.es\/ixuxu\/wp-json\/wp\/v2\/comments?post=64080"}],"version-history":[{"count":4,"href":"https:\/\/edublog.educastur.es\/ixuxu\/wp-json\/wp\/v2\/posts\/64080\/revisions"}],"predecessor-version":[{"id":64163,"href":"https:\/\/edublog.educastur.es\/ixuxu\/wp-json\/wp\/v2\/posts\/64080\/revisions\/64163"}],"wp:attachment":[{"href":"https:\/\/edublog.educastur.es\/ixuxu\/wp-json\/wp\/v2\/media?parent=64080"}],"wp:term":[{"taxonomy":"category","embeddable":true,"href":"https:\/\/edublog.educastur.es\/ixuxu\/wp-json\/wp\/v2\/categories?post=64080"},{"taxonomy":"post_tag","embeddable":true,"href":"https:\/\/edublog.educastur.es\/ixuxu\/wp-json\/wp\/v2\/tags?post=64080"}],"curies":[{"name":"wp","href":"https:\/\/api.w.org\/{rel}","templated":true}]}}