{"id":64084,"date":"2025-12-21T12:15:03","date_gmt":"2025-12-21T10:15:03","guid":{"rendered":"https:\/\/edublog.educastur.es\/ixuxu\/?p=64084"},"modified":"2025-12-23T13:01:25","modified_gmt":"2025-12-23T11:01:25","slug":"64084","status":"publish","type":"post","link":"https:\/\/edublog.educastur.es\/ixuxu\/2025\/12\/64084\/","title":{"rendered":"Ven a la I Madre\u00f1ada n&#8217;Uvi\u00e9u"},"content":{"rendered":"<p style=\"text-align: center\">\n<!-- iframe plugin v.6.0 wordpress.org\/plugins\/iframe\/ -->\n<iframe loading=\"lazy\" src=\"https:\/\/www.facebook.com\/plugins\/video.php?height=252&#038;href=https%3A%2F%2Fwww.facebook.com%2Freel%2F876965808142423%2F&#038;show_text=false&#038;width=560&#038;t=0\" width=\"560\" height=\"252\" style=\"border:none;overflow:hidden\" scrolling=\"no\" frameborder=\"0\" allowfullscreen=\"true\" allow=\"autoplay; clipboard-write; encrypted-media; picture-in-picture; web-share\" 0=\"\/iframe\" class=\"iframe-class\"><\/iframe>\n<\/p>\n<div class=\"xdj266r x14z9mp xat24cr x1lziwak x1vvkbs x126k92a\">Ven a la Madre\u00f1ada \u203c\ufe0f Dende fai 4 a\u00f1os vien organiz\u00e1ndose en Lli\u00f3n un alcuentru p\u2019andar en madre\u00f1es y dignificar esti calz\u00e1u, nel qu\u2019asistimos munchos asturianos. Ye por ello qu\u2019un grup\u00edn d\u2019entusiastes d\u2019esti patrimoniu (Luis Collado, Iv\u00e1n Test\u00f3n, Lluques D\u00edaz y Denis Soria) quiximos poner en marcha esta cita n\u2019Asturies. <span class=\"x193iq5w xeuugli x13faqbe x1vvkbs x1xmvt09 x1f6kntn xvq8zen xo1l8bm xi81zsa\"><b class=\"html-b xdj266r x14z9mp xat24cr x1lziwak xexx8yu xyri2b x18d9i69 x1c1uobl x1hl2dhg x16tdsg8 x1vvkbs x1s688f\"><span class=\"xt0psk2\"><span class=\"xjp7ctv\"><span class=\"html-span xdj266r x14z9mp xat24cr x1lziwak xexx8yu xyri2b x18d9i69 x1c1uobl x1hl2dhg x16tdsg8 x1vvkbs\"><a class=\"x1i10hfl xjbqb8w x1ejq31n x18oe1m7 x1sy0etr xstzfhl x972fbf x10w94by x1qhh985 x14e42zd x9f619 x1ypdohk xt0psk2 x3ct3a4 xdj266r x14z9mp xat24cr x1lziwak xexx8yu xyri2b x18d9i69 x1c1uobl x16tdsg8 x1hl2dhg xggy1nq x1a2a7pz xkrqix3 x1sur9pj xzsf02u x1s688f\" role=\"link\" href=\"https:\/\/www.facebook.com\/profile.php?id=61584108125995&amp;__cft__[0]=AZY_MlpaffiN_vj8oVyKoAZyxlFM4n5Wwy4NmKi03sfr8BVOLmqFgtg-QnecddJTy_rDkBQ9b27zz6SpACcpDpW0sopedwmwNKQ5c-LHlt9xaSUnfTgPn4Cm_8_FVqVwLCflLoG2ZtKlOetTaRIKrTdyPkID36G5a7ybjpWwImCzU0Ii5soXkYYRMgsSTZn0Os40WmMYbwplXkfbWOmUgW391Lq2XgQs4SVHbtNJUxGufQ&amp;__tn__=-]C%2CP-y-R\">Madre\u00f1ada Asturies <\/a><\/span><\/span><\/span><\/b>\u00a0\/ <b class=\"html-b xdj266r x14z9mp xat24cr x1lziwak xexx8yu xyri2b x18d9i69 x1c1uobl x1hl2dhg x16tdsg8 x1vvkbs x1s688f\"><span class=\"xt0psk2\"><span class=\"xjp7ctv\"><span class=\"html-span xdj266r x14z9mp xat24cr x1lziwak xexx8yu xyri2b x18d9i69 x1c1uobl x1hl2dhg x16tdsg8 x1vvkbs\"><a class=\"x1i10hfl xjbqb8w x1ejq31n x18oe1m7 x1sy0etr xstzfhl x972fbf x10w94by x1qhh985 x14e42zd x9f619 x1ypdohk xt0psk2 x3ct3a4 xdj266r x14z9mp xat24cr x1lziwak xexx8yu xyri2b x18d9i69 x1c1uobl x16tdsg8 x1hl2dhg xggy1nq x1a2a7pz xkrqix3 x1sur9pj xzsf02u x1s688f\" role=\"link\" href=\"https:\/\/www.facebook.com\/luis.collado.1253236?__cft__[0]=AZY_MlpaffiN_vj8oVyKoAZyxlFM4n5Wwy4NmKi03sfr8BVOLmqFgtg-QnecddJTy_rDkBQ9b27zz6SpACcpDpW0sopedwmwNKQ5c-LHlt9xaSUnfTgPn4Cm_8_FVqVwLCflLoG2ZtKlOetTaRIKrTdyPkID36G5a7ybjpWwImCzU0Ii5soXkYYRMgsSTZn0Os40WmMYbwplXkfbWOmUgW391Lq2XgQs4SVHbtNJUxGufQ&amp;__tn__=-]C%2CP-y-R\">Luis A. Collado<\/a><\/span><\/span><\/span><\/b>\u00a0<\/span><\/div>\n<div><\/div>\n<p><!--more--><\/p>\n<div>\n<div class=\"html-div xdj266r x14z9mp xat24cr x1lziwak xexx8yu xyri2b x18d9i69 x1c1uobl\" dir=\"auto\">\n<div class=\"html-div xdj266r x14z9mp xat24cr x1lziwak xexx8yu xyri2b x18d9i69 x1c1uobl\" dir=\"auto\">\n<div class=\"html-div xdj266r x14z9mp xat24cr x1lziwak xexx8yu xyri2b x18d9i69 x1c1uobl\" data-ad-rendering-role=\"story_message\">\n<div class=\"x1l90r2v x1iorvi4 x1g0dm76 xpdmqnj\" data-ad-comet-preview=\"message\" data-ad-preview=\"message\">\n<div class=\"x78zum5 xdt5ytf xz62fqu x16ldp7u\">\n<div class=\"xu06os2 x1ok221b\">\n<div class=\"html-div xdj266r x14z9mp xat24cr x1lziwak xexx8yu xyri2b x18d9i69 x1c1uobl\">\n<div class=\"xdj266r x14z9mp xat24cr x1lziwak x1vvkbs x126k92a\">\n<div dir=\"auto\">Esti domingu 21 d\u2019avientu pela ma\u00f1ana Uvi\u00e9u va acoyer la primer <em><strong>Madre\u00f1ada<\/strong><\/em>, una cita bien <strong>orixinal y necesaria<\/strong> que quier \u00abreconectar la socied\u00e1 asturiana con esta parte del <strong>patrimoniu <\/strong>al travi\u00e9s d\u2019un<strong> eventu popular, festivu y reivindicativu<\/strong>, que los asistentes sientan como propiu\u00bb. La<strong> m\u00fasica asturiana <\/strong>va acompa\u00f1ar nesta activid\u00e1 con un conciertu de<strong> Carlos Velasco &amp; Chino El Indio<\/strong> acompa\u00f1aos del multiinstrumentista<strong> Dani \u00c1lvarez <\/strong>y con una \u00abcaminada en madre\u00f1es\u00bb na que s\u2019anima a la xente a participar con un instrumentu musical.<\/div>\n<div dir=\"auto\"><\/div>\n<div dir=\"auto\" style=\"text-align: center\"><a href=\"https:\/\/musicasturiana.com\/wp-content\/uploads\/2025\/12\/madrenada.jpg\"><img loading=\"lazy\" decoding=\"async\" class=\"aligncenter \" src=\"https:\/\/musicasturiana.com\/wp-content\/uploads\/2025\/12\/madrenada.jpg\" width=\"669\" height=\"334\" \/><\/a><\/div>\n<blockquote>\n<div dir=\"auto\"><\/div>\n<div dir=\"auto\"><span style=\"color: #008080\">Munches gracies a les m\u00e1s de les 200 persones que g\u00fcei anduvimos per Uvi\u00e9u. Nestos d\u00edes subiremos m\u00e1s semeyes y videos. De momentu dex\u00e1movos la noticia que sali\u00f3 en TPA. Gracies!<\/span><\/div>\n<\/blockquote>\n<div dir=\"auto\" style=\"text-align: center\">\n<!-- iframe plugin v.6.0 wordpress.org\/plugins\/iframe\/ -->\n<iframe loading=\"lazy\" src=\"https:\/\/www.facebook.com\/plugins\/post.php?href=https%3A%2F%2Fwww.facebook.com%2Fpermalink.php%3Fstory_fbid%3Dpfbid0YZwT52zHdGW5phvVPkiXeKkVY9rGgygwFZWSxP4zozNhwoAFXet83ykycQSh2Wihl%26id%3D61584108125995&#038;show_text=false&#038;width=500\" width=\"500\" height=\"756\" style=\"border:none;overflow:hidden\" scrolling=\"no\" frameborder=\"0\" allowfullscreen=\"true\" allow=\"autoplay; clipboard-write; encrypted-media; picture-in-picture; web-share\" 0=\"\/iframe\" class=\"iframe-class\"><\/iframe>\n<\/div>\n<div dir=\"auto\"><\/div>\n<\/div>\n<\/div>\n<\/div>\n<\/div>\n<\/div>\n<\/div>\n<\/div>\n<\/div>\n<\/div>\n<div class=\"x14z9mp xat24cr x1lziwak x1vvkbs xtlvy1s x126k92a\">La madre\u00f1a ye un elementu perimportante del patrimoniu vivu, hix\u00e9nicu, sostenible y pr\u00e1cticu frente a la proliferaci\u00f3n de los calzaos de goma, pero que vive un procesu de declive motiv\u00e1u por dellos estigmes asociaos a ella y a la cultura asturiana en xeneral.<\/div>\n<div><span class=\"x193iq5w xeuugli x13faqbe x1vvkbs x1xmvt09 x1lliihq x1s928wv xhkezso x1gmr53x x1cpjm7i x1fgarty x1943h6x xudqn12 x3x7a5m x1f6kntn xvq8zen xo1l8bm xzsf02u\" dir=\"auto\"><br class=\"html-br\" \/>Con esti eventu queremos reconectar la socied\u00e1 asturiana con esta parte del patrimoniu al travi\u00e9s d\u2019<strong>un eventu popular, festivu y reivindicativu, que los asistentes sientan como propiu.<\/strong><\/span><\/div>\n<div style=\"text-align: center\">\n<!-- iframe plugin v.6.0 wordpress.org\/plugins\/iframe\/ -->\n<iframe loading=\"lazy\" src=\"https:\/\/www.facebook.com\/plugins\/video.php?height=476&#038;href=https%3A%2F%2Fwww.facebook.com%2Freel%2F1202255901331014%2F&#038;show_text=false&#038;width=267&#038;t=0\" width=\"267\" height=\"476\" style=\"border:none;overflow:hidden\" scrolling=\"no\" frameborder=\"0\" allowfullscreen=\"true\" allow=\"autoplay; clipboard-write; encrypted-media; picture-in-picture; web-share\" 0=\"\/iframe\" class=\"iframe-class\"><\/iframe>\n<\/div>\n<div><\/div>\n<div>\n<div class=\"xu06os2 x1ok221b\">\n<div>Pa puxar por esti pegoyu de la identid\u00e1 asturiana, entamen esta <em>Madre\u00f1ada<\/em> qu\u2019arranca a les 11h na Catedral d\u2019Uvi\u00e9u co\u00f1a visita guiada <em><strong>Historia de la madre\u00f1a n\u2019Uvieo<\/strong><\/em>, fecha pol historiador <strong>Denis Soria <\/strong>de<strong> Ser Asturianu<\/strong>; contin\u00faa a les 12h nel Font\u00e1n cola \u00abcaminada en madre\u00f1es\u00bb na que la organizaci\u00f3n pide a los y les<strong> \u00abparticipantes llevar los sos instrumentos, tocar y baillar\u00bb<\/strong>; y remata a les 13h na Plaza\u2019l Parag\u00fces cola actuaci\u00f3n del cantador d\u2019<strong>asturianada <\/strong>Carlos Velasco en compa\u00f1\u00eda del guitarrista Chino El Indio y el m\u00fasicu Dani \u00c1lvarez.<\/div>\n<div><\/div>\n<\/div>\n<div><\/div>\n<div class=\"xu06os2 x1ok221b\">\n<div class=\"xdj266r x14z9mp xat24cr x1lziwak x1vvkbs x126k92a\">\n<p>\ud83d\udcfa Ayeri tuviemos nel programa @conexionasturias de la @rtpaoficial pa falar de les madre\u00f1es, de la importancia de los madre\u00f1eros artesanos y del valor\u2026<\/p>\n<div class=\"x1i10hfl xjbqb8w x1ejq31n x18oe1m7 x1sy0etr xstzfhl x972fbf x10w94by x1qhh985 x14e42zd x9f619 x1ypdohk xt0psk2 x3ct3a4 xdj266r x14z9mp xat24cr x1lziwak xexx8yu xyri2b x18d9i69 x1c1uobl x16tdsg8 x1hl2dhg xggy1nq x1a2a7pz xkrqix3 x1sur9pj xzsf02u x1s688f\" role=\"button\"><\/div>\n<\/div>\n<\/div>\n<\/div>\n<div style=\"text-align: center\">\n<!-- iframe plugin v.6.0 wordpress.org\/plugins\/iframe\/ -->\n<iframe loading=\"lazy\" src=\"https:\/\/www.facebook.com\/plugins\/video.php?height=315&#038;href=https%3A%2F%2Fwww.facebook.com%2Freel%2F1776892162974686%2F&#038;show_text=false&#038;width=560&#038;t=0\" width=\"560\" height=\"315\" style=\"border:none;overflow:hidden\" scrolling=\"no\" frameborder=\"0\" allowfullscreen=\"true\" allow=\"autoplay; clipboard-write; encrypted-media; picture-in-picture; web-share\" 0=\"\/iframe\" class=\"iframe-class\"><\/iframe>\n<\/div>\n<div><\/div>\n<div><a href=\"https:\/\/www.eldiario.es\/asturias\/asturias-calza-madrena-marcha-popular-devolvera-centro-sonido-calzado-asturiano_1_12836346.amp.html?fbclid=IwY2xjawO2dgtleHRuA2FlbQIxMQBzcnRjBmFwcF9pZBAyMjIwMzkxNzg4MjAwODkyAAEeuXjufzUjD_y31-CRiLAjcni9P8TKfoLOGjIOnNFtbEYYbA0gg5JFYMpkLT4_aem_sNTYSg-cQqccZE_Ngnn5Pw\">El Diario.es<\/a>\u00a0 \/ La propuesta llega de la mano d&#8217;un grupu d&#8217;entusiastes de la cultura asturiana axuntaos sol nome provisional de Colectivu Madre\u00f1ada, integr\u00e1u por Denis Soria, Lluques D\u00edaz, Luis Collada ya Iv\u00e1n Test\u00f3n, quien<strong> busquen recuperar non solo l&#8217;usu de la madre\u00f1a, sin\u00f3n tami\u00e9n l&#8217;arguyu cultural que lo acompa\u00f1a.<\/strong><\/div>\n<div><\/div>\n<div><img decoding=\"async\" src=\"https:\/\/static.eldiario.es\/clip\/df820199-0bc4-42f6-a613-779999c6511b_16-9-discover-aspect-ratio_default_1132393.jpg\" \/><\/div>\n<div style=\"text-align: center\">\n<!-- iframe plugin v.6.0 wordpress.org\/plugins\/iframe\/ -->\n<iframe loading=\"lazy\" src=\"https:\/\/www.facebook.com\/plugins\/post.php?href=https%3A%2F%2Fwww.facebook.com%2Fphoto.php%3Ffbid%3D122104924011136937%26set%3Da.122100851517136937%26type%3D3&#038;show_text=false&#038;width=500\" width=\"500\" height=\"792\" style=\"border:none;overflow:hidden\" scrolling=\"no\" frameborder=\"0\" allowfullscreen=\"true\" allow=\"autoplay; clipboard-write; encrypted-media; picture-in-picture; web-share\" 0=\"\/iframe\" class=\"iframe-class\"><\/iframe>\n<\/div>\n","protected":false},"excerpt":{"rendered":"<p>Ven a la Madre\u00f1ada \u203c\ufe0f Dende fai 4 a\u00f1os vien organiz\u00e1ndose en Lli\u00f3n un alcuentru p\u2019andar en madre\u00f1es y dignificar esti calz\u00e1u, nel qu\u2019asistimos munchos asturianos. Ye por ello qu\u2019un grup\u00edn d\u2019entusiastes d\u2019esti patrimoniu (Luis Collado, Iv\u00e1n Test\u00f3n, Lluques D\u00edaz y Denis Soria) quiximos poner en marcha esta cita n\u2019Asturies. Madre\u00f1ada Asturies \u00a0\/ Luis A. [&hellip;]<\/p>\n","protected":false},"author":117,"featured_media":0,"comment_status":"closed","ping_status":"closed","sticky":false,"template":"","format":"standard","meta":{"footnotes":""},"categories":[222],"tags":[],"class_list":["post-64084","post","type-post","status-publish","format-standard","hentry","category-carreres"],"_links":{"self":[{"href":"https:\/\/edublog.educastur.es\/ixuxu\/wp-json\/wp\/v2\/posts\/64084","targetHints":{"allow":["GET"]}}],"collection":[{"href":"https:\/\/edublog.educastur.es\/ixuxu\/wp-json\/wp\/v2\/posts"}],"about":[{"href":"https:\/\/edublog.educastur.es\/ixuxu\/wp-json\/wp\/v2\/types\/post"}],"author":[{"embeddable":true,"href":"https:\/\/edublog.educastur.es\/ixuxu\/wp-json\/wp\/v2\/users\/117"}],"replies":[{"embeddable":true,"href":"https:\/\/edublog.educastur.es\/ixuxu\/wp-json\/wp\/v2\/comments?post=64084"}],"version-history":[{"count":11,"href":"https:\/\/edublog.educastur.es\/ixuxu\/wp-json\/wp\/v2\/posts\/64084\/revisions"}],"predecessor-version":[{"id":64170,"href":"https:\/\/edublog.educastur.es\/ixuxu\/wp-json\/wp\/v2\/posts\/64084\/revisions\/64170"}],"wp:attachment":[{"href":"https:\/\/edublog.educastur.es\/ixuxu\/wp-json\/wp\/v2\/media?parent=64084"}],"wp:term":[{"taxonomy":"category","embeddable":true,"href":"https:\/\/edublog.educastur.es\/ixuxu\/wp-json\/wp\/v2\/categories?post=64084"},{"taxonomy":"post_tag","embeddable":true,"href":"https:\/\/edublog.educastur.es\/ixuxu\/wp-json\/wp\/v2\/tags?post=64084"}],"curies":[{"name":"wp","href":"https:\/\/api.w.org\/{rel}","templated":true}]}}