{"id":641,"date":"2020-04-01T11:39:39","date_gmt":"2020-04-01T11:39:39","guid":{"rendered":"https:\/\/edublog.educastur.es\/ixuxu\/?p=641"},"modified":"2020-08-24T21:41:50","modified_gmt":"2020-08-24T21:41:50","slug":"el-zarru-de-sableres-pol-coronavirus-dexa-la-nacencia-de-cientos-de-tortues-nestincion","status":"publish","type":"post","link":"https:\/\/edublog.educastur.es\/ixuxu\/2020\/04\/el-zarru-de-sableres-pol-coronavirus-dexa-la-nacencia-de-cientos-de-tortues-nestincion\/","title":{"rendered":"El zarru de sableres pol coronavirus dexa la nacencia de cientos de tort\u00faes n\u2019estinci\u00f3n"},"content":{"rendered":"<div id=\"post-101\" class=\"post\"><small class=\"date\"> <\/small><\/p>\n<div class=\"entry\">\n<p><a href=\"https:\/\/noticias.eltiempo.es\/el-cierre-de-playas-por-el-coronavirus-permite-el-nacimiento-de-cientos-de-tortugas-en-extincion\/\" target=\"_blank\" rel=\"noopener noreferrer\">Fonte de la noticia: <strong><em>Noticies El tiempo.es <\/em><\/strong><\/a><\/p>\n<p>El confinamientu d\u2019estos d\u00edes frutu de la crisis del coronavirus ta dex\u00e1ndonos tami\u00e9n un gran n\u00famberu d\u2019estampes positives. Y\u00e1 vimos que la naturaleza selvaxe y los animales t\u00e1n abri\u00e9ndose pasu a zones urbanizaes \u00e9nte l\u2019ausencia d\u2019humanos, pero lo que se ta viviendo en delles de les sableres del nuesu planeta ye m\u00e1s que esperanzador.<\/p>\n<p>Mientres estos d\u00edes, m\u00e1s de 100 tort\u00faes marines en peligru d\u2019estinci\u00f3n nacieron por cuenta de la ausencia de turistes y xente nes sableres de Brasil.<\/p>\n<p><a href=\"https:\/\/cdns3.eltiempo.es\/eltiempo\/blog\/noticias\/2020\/04\/02154300\/1_1-8001357.jpg\" target=\"_blank\" rel=\"noopener noreferrer\"><img loading=\"lazy\" decoding=\"async\" class=\"\" src=\"https:\/\/cdns3.eltiempo.es\/eltiempo\/blog\/noticias\/2020\/04\/02154300\/1_1-8001357.jpg\" width=\"432\" height=\"239\" \/><\/a><\/p>\n<p>En total, fueron 97 <strong><em>tort\u00faes carey,<\/em><\/strong> xuna especie de tort\u00faa marina de la familia de los quel\u00f3nidos, <u>que se topa en peligru cr\u00edticu d\u2019estinci\u00f3n<\/u>, que nacieron el pas\u00e1u domingu en Paulista, xuna ciud\u00e1 nel est\u00e1u nororiental de Pernambuco.<\/p>\n<p>&nbsp;<\/p>\n<p><!--more--><\/p>\n<p><em><strong>Les tort\u00faes carey acabante nacer de normal cuerren el riesgu de ser atacaes por\u00a0 depredadores o fadiaes por ba\u00f1istes antes de llegar al mar.<\/strong><\/em><\/p>\n<p>Los trabayadores de la zona pudieron fotografiar el momentu de la nacencia, que guardaron en soled\u00e1, ante l\u2019ausencia de xente na sablera, <u>c\u00f3mo les pequenes criatures fa\u00edense pasu a la vida avanzando pol sable hasta llegar a les ag\u00fces del Atl\u00e1nticu<\/u>.<\/p>\n<p><a href=\"https:\/\/cdns3.eltiempo.es\/eltiempo\/blog\/noticias\/2020\/04\/02154301\/1_2-8001370.jpg\" target=\"_blank\" rel=\"noopener noreferrer\"><img loading=\"lazy\" decoding=\"async\" class=\"\" src=\"https:\/\/cdns3.eltiempo.es\/eltiempo\/blog\/noticias\/2020\/04\/02154301\/1_2-8001370.jpg\" width=\"441\" height=\"243\" \/><\/a><\/p>\n<p>Las tortugas nacen al borde de Janga <em>FOTO:<\/em><strong> ASCOM DE PAULISTA<\/strong><\/p>\n<p><em><a href=\"https:\/\/www.instagram.com\/prefeiturapaulista\/\" target=\"_blank\" rel=\"noopener noreferrer\">Ver video nesta p\u00e1xina\u00a0 <\/a><\/em><\/p>\n<p>Recu\u00e9rdame\u00b4l video d\u00b4<a href=\"https:\/\/www.youtube.com\/watch?v=NEU3DMaMplw\" target=\"_blank\" rel=\"noopener noreferrer\"><strong><em>Amaral \u201cHacia lo salvaje\u201d <\/em><\/strong><\/a><\/p>\n\n<!-- iframe plugin v.6.0 wordpress.org\/plugins\/iframe\/ -->\n<iframe loading=\"lazy\" width=\"588\" height=\"331\" src=\"https:\/\/www.youtube.com\/embed\/NEU3DMaMplw\" scrolling=\"yes\" class=\"iframe-class\" frameborder=\"0\"><\/iframe>\n\n<p>&nbsp;<\/p>\n<\/div>\n<\/div>\n","protected":false},"excerpt":{"rendered":"<p>Fonte de la noticia: Noticies El tiempo.es El confinamientu d\u2019estos d\u00edes frutu de la crisis del coronavirus ta dex\u00e1ndonos tami\u00e9n un gran n\u00famberu d\u2019estampes positives. Y\u00e1 vimos que la naturaleza selvaxe y los animales t\u00e1n abri\u00e9ndose pasu a zones urbanizaes \u00e9nte l\u2019ausencia d\u2019humanos, pero lo que se ta viviendo en delles de les sableres del [&hellip;]<\/p>\n","protected":false},"author":117,"featured_media":0,"comment_status":"closed","ping_status":"open","sticky":false,"template":"","format":"standard","meta":{"footnotes":""},"categories":[29,4],"tags":[],"class_list":["post-641","post","type-post","status-publish","format-standard","hentry","category-articulos","category-natura"],"_links":{"self":[{"href":"https:\/\/edublog.educastur.es\/ixuxu\/wp-json\/wp\/v2\/posts\/641","targetHints":{"allow":["GET"]}}],"collection":[{"href":"https:\/\/edublog.educastur.es\/ixuxu\/wp-json\/wp\/v2\/posts"}],"about":[{"href":"https:\/\/edublog.educastur.es\/ixuxu\/wp-json\/wp\/v2\/types\/post"}],"author":[{"embeddable":true,"href":"https:\/\/edublog.educastur.es\/ixuxu\/wp-json\/wp\/v2\/users\/117"}],"replies":[{"embeddable":true,"href":"https:\/\/edublog.educastur.es\/ixuxu\/wp-json\/wp\/v2\/comments?post=641"}],"version-history":[{"count":1,"href":"https:\/\/edublog.educastur.es\/ixuxu\/wp-json\/wp\/v2\/posts\/641\/revisions"}],"predecessor-version":[{"id":642,"href":"https:\/\/edublog.educastur.es\/ixuxu\/wp-json\/wp\/v2\/posts\/641\/revisions\/642"}],"wp:attachment":[{"href":"https:\/\/edublog.educastur.es\/ixuxu\/wp-json\/wp\/v2\/media?parent=641"}],"wp:term":[{"taxonomy":"category","embeddable":true,"href":"https:\/\/edublog.educastur.es\/ixuxu\/wp-json\/wp\/v2\/categories?post=641"},{"taxonomy":"post_tag","embeddable":true,"href":"https:\/\/edublog.educastur.es\/ixuxu\/wp-json\/wp\/v2\/tags?post=641"}],"curies":[{"name":"wp","href":"https:\/\/api.w.org\/{rel}","templated":true}]}}