{"id":64121,"date":"2025-12-21T08:45:37","date_gmt":"2025-12-21T06:45:37","guid":{"rendered":"https:\/\/edublog.educastur.es\/ixuxu\/?p=64121"},"modified":"2025-12-22T21:53:10","modified_gmt":"2025-12-22T19:53:10","slug":"estau-del-tiempu-domingu-21-davientu-2025","status":"publish","type":"post","link":"https:\/\/edublog.educastur.es\/ixuxu\/2025\/12\/estau-del-tiempu-domingu-21-davientu-2025\/","title":{"rendered":"Est\u00e1u del tiempu: domingu 21 d&#8217;avientu 2025"},"content":{"rendered":"<div class=\"html-div xdj266r xat24cr x1lziwak xexx8yu xyri2b x18d9i69 x1c1uobl x78zum5 x2lah0s xqtp20y x1xegmmw\"><\/div>\n<div class=\"html-div xdj266r x14z9mp xat24cr x1lziwak xexx8yu xyri2b x18d9i69 x1c1uobl x1iyjqo2 xeuugli\">\n<div class=\"x78zum5 xdt5ytf xz62fqu x16ldp7u\">\n<div class=\"xu06os2 x1ok221b\">\n<div class=\"html-div xdj266r x14z9mp xat24cr x1lziwak xexx8yu xyri2b x18d9i69 x1c1uobl\" data-ad-rendering-role=\"profile_name\">\n<ul>\n<li id=\"_r_8ri_\" class=\"html-h2 x14z9mp xat24cr x1lziwak xexx8yu xyri2b x18d9i69 x1c1uobl x1vvkbs x1heor9g x1qlqyl8 x1pd3egz x1a2a7pz x1gslohp x1yc453h\"><span class=\"x78zum5 x1q0g3np\"><span class=\"x1lliihq x6ikm8r x10wlt62 x1n2onr6 xlyipyv xuxw1ft\"><span class=\"xt0psk2\"><span class=\"xjp7ctv\"><a class=\"x1i10hfl xjbqb8w x1ejq31n x18oe1m7 x1sy0etr xstzfhl x972fbf x10w94by x1qhh985 x14e42zd x9f619 x1ypdohk xt0psk2 x3ct3a4 xdj266r x14z9mp xat24cr x1lziwak xexx8yu xyri2b x18d9i69 x1c1uobl x16tdsg8 x1hl2dhg xggy1nq x1a2a7pz xkrqix3 x1sur9pj xzsf02u x1s688f\" role=\"link\" href=\"https:\/\/www.facebook.com\/eltiempuenasturies?__cft__[0]=AZZsG-TWA65COhI3UHodnbyBJrhIMriyGWqwpvrIM73xhyw0NTgMbaLF_xmp68SiwBVWzOextry-AgDEZdZaCszIck6mUQ_oK9IqeXvNvYvwPiRQ9fv0ibS56wiA1Ham-9zFS-cXBhyEVV-DV-5RhNt2k0GZuC88k1l43qAnCgafBh1Tu9KKVF4I4JqD8YQvNP4&amp;__tn__=-UC%2CP-R\"><b class=\"html-b xdj266r x14z9mp xat24cr x1lziwak xexx8yu xyri2b x18d9i69 x1c1uobl x1hl2dhg x16tdsg8 x1vvkbs x1s688f\"><span class=\"html-span xdj266r x14z9mp xat24cr x1lziwak xexx8yu xyri2b x18d9i69 x1c1uobl x1hl2dhg x16tdsg8 x1vvkbs\">El Tiempu n&#8217;Asturies.<\/span><\/b><\/a><\/span><\/span><\/span><\/span><\/li>\n<\/ul>\n<\/div>\n<\/div>\n<div class=\"xu06os2 x1ok221b\"><\/div>\n<\/div>\n<\/div>\n<div class=\"html-div xdj266r x14z9mp xat24cr x1lziwak xexx8yu xyri2b x18d9i69 x1c1uobl\" dir=\"auto\">\n<div class=\"html-div xdj266r x14z9mp xat24cr x1lziwak xexx8yu xyri2b x18d9i69 x1c1uobl\" data-ad-rendering-role=\"story_message\">\n<div id=\"_r_8rk_\" class=\"x1l90r2v x1iorvi4 x1g0dm76 xpdmqnj\" data-ad-comet-preview=\"message\" data-ad-preview=\"message\">\n<div class=\"x78zum5 xdt5ytf xz62fqu x16ldp7u\">\n<div class=\"xu06os2 x1ok221b\">\n<div class=\"html-div xdj266r x14z9mp xat24cr x1lziwak xexx8yu xyri2b x18d9i69 x1c1uobl\">\n<div class=\"x14z9mp xat24cr x1lziwak x1vvkbs xtlvy1s x126k92a\">\n<ul>\n<li dir=\"auto\"><strong><span style=\"color: #008080\">Alborecemos<\/span><\/strong> col cielu nuboso y nevando feblemente pela cordelera, sobre too na fastera surocidental, anque la nevada ye xeneralizada y am\u00e1s en cotes baxes como per exemplu en Rusecu nel Alto Nal\u00f3n que malpenes llega a 400m d&#8217;altor. La nevada nun ye mui abondosa pero si complica les carreteres, prauticamente tolos puertos del surocidente tan con cadenes o neum\u00e1ticos d&#8217;iviernu, tando pesll\u00e1u&#8217;l Connio. Les temperatures tan alrodiu de los 4\u00baC y nel puirtu Payares rexistren -2,8\u00baC.<\/li>\n<\/ul>\n<\/div>\n<div class=\"x14z9mp xat24cr x1lziwak x1vvkbs xtlvy1s x126k92a\">\n<ul>\n<li dir=\"auto\"><strong><span style=\"color: #008080\">G\u00fcei<\/span> <\/strong>vamos tener intervalos nubosos entemecios ente dellos claros o abancios con nubosdi\u00e1 de retenci\u00f3n na cordelera y fastera ocidental onde tendr\u00e1n precipitaciones febles y de nieve perriba de los 600m. Al atapecer una nueva llinea d&#8217;inestabilid\u00e1 va dexanos precipitaciones xeneralizaes que sedr\u00e1n de nieve de nuevu perriba de los 600m. con unes temperatures en bultable descensu. L&#8217;aire sedr\u00e1 gallegu con raches moderaes en zones altes ya en puntos del llitoral.<\/li>\n<\/ul>\n<div dir=\"auto\"><!--more--><\/div>\n<\/div>\n<div class=\"x14z9mp xat24cr x1lziwak x1vvkbs xtlvy1s x126k92a\">\n<ul>\n<li dir=\"auto\"><strong><span style=\"color: #008080\">Ma\u00f1ana llunes<\/span><\/strong> entov\u00eda se sabe cuanto van a profundizase ya peronde van tirar les baxes secundaries que van formase nel Cant\u00e1bricu por mor del aire fr\u00edu n&#8217;altor que tenemos, polo que&#8217;l pron\u00f3sticu ye mui complic\u00e1u de facer. Lo m\u00e1s probable ye que tengamos intervalos nubosos cola posibilid\u00e1 de dalg\u00fan xarabatu pela ma\u00f1ana, sobre too na fastera ocidental ,onde volver\u00e1 a nevar perriba de los 800m. Y\u00e1 de tarde abrir\u00e1nse dellos claros y abacios y l&#8217;ambiente sedr\u00e1 m\u00e1s seliquino, con unes temperatures qu&#8217;ascender\u00e1n llixeramente.<\/li>\n<\/ul>\n<\/div>\n<div class=\"x14z9mp xat24cr x1lziwak x1vvkbs xtlvy1s x126k92a\">\n<ul>\n<li dir=\"auto\"><strong><span style=\"color: #008080\">El martes<\/span><\/strong> en principiu nun s&#8217;esperen precipitaciones y templar\u00e1 dalgo l&#8217;ambiente.<\/li>\n<\/ul>\n<\/div>\n<div class=\"x14z9mp xat24cr x1lziwak x1vvkbs xtlvy1s x126k92a\">\n<ul>\n<li dir=\"auto\"><strong><span style=\"color: #008080\">El mi\u00e9rcoles<\/span> <\/strong>d\u00eda de nueche bona entamar\u00e1 a soplar el vientu nord\u00e9s ya dir\u00e1 baxando les temperatures, sobre too pela tarde, am\u00e1s tendremos precipitaciones febles que sedr\u00e1n de nieve anicialmente perriba de los 1400m pa dir baxando hasta los 1000m al finar el d\u00eda.<\/li>\n<\/ul>\n<\/div>\n<div class=\"x14z9mp xat24cr x1lziwak x1vvkbs xtlvy1s x126k92a\">\n<ul>\n<li dir=\"auto\"><strong><span style=\"color: #008080\">El xueves<\/span><\/strong> d\u00eda del Nadal tendremos un d\u00eda mui ivernal con descensu bultable de les temperatures, precipitaciones febles en xeneral y nieve a tan solo 300m.<\/li>\n<\/ul>\n<\/div>\n<div class=\"x14z9mp xat24cr x1lziwak x1vvkbs xtlvy1s x126k92a\">\n<ul>\n<li dir=\"auto\"><strong><span style=\"color: #008080\">Los siguientes d\u00edes<\/span> <\/strong>paez qu&#8217;escamplar\u00e1 dalgo y les xelaes sedr\u00e1n les protagonistes.<\/li>\n<\/ul>\n<\/div>\n<\/div>\n<\/div>\n<\/div>\n<\/div>\n<\/div>\n<\/div>\n<p>&nbsp;<\/p>\n","protected":false},"excerpt":{"rendered":"<p>El Tiempu n&#8217;Asturies. Alborecemos col cielu nuboso y nevando feblemente pela cordelera, sobre too na fastera surocidental, anque la nevada ye xeneralizada y am\u00e1s en cotes baxes como per exemplu en Rusecu nel Alto Nal\u00f3n que malpenes llega a 400m d&#8217;altor. La nevada nun ye mui abondosa pero si complica les carreteres, prauticamente tolos puertos [&hellip;]<\/p>\n","protected":false},"author":117,"featured_media":0,"comment_status":"closed","ping_status":"closed","sticky":false,"template":"","format":"standard","meta":{"footnotes":""},"categories":[5],"tags":[],"class_list":["post-64121","post","type-post","status-publish","format-standard","hentry","category-tiempu"],"_links":{"self":[{"href":"https:\/\/edublog.educastur.es\/ixuxu\/wp-json\/wp\/v2\/posts\/64121","targetHints":{"allow":["GET"]}}],"collection":[{"href":"https:\/\/edublog.educastur.es\/ixuxu\/wp-json\/wp\/v2\/posts"}],"about":[{"href":"https:\/\/edublog.educastur.es\/ixuxu\/wp-json\/wp\/v2\/types\/post"}],"author":[{"embeddable":true,"href":"https:\/\/edublog.educastur.es\/ixuxu\/wp-json\/wp\/v2\/users\/117"}],"replies":[{"embeddable":true,"href":"https:\/\/edublog.educastur.es\/ixuxu\/wp-json\/wp\/v2\/comments?post=64121"}],"version-history":[{"count":1,"href":"https:\/\/edublog.educastur.es\/ixuxu\/wp-json\/wp\/v2\/posts\/64121\/revisions"}],"predecessor-version":[{"id":64122,"href":"https:\/\/edublog.educastur.es\/ixuxu\/wp-json\/wp\/v2\/posts\/64121\/revisions\/64122"}],"wp:attachment":[{"href":"https:\/\/edublog.educastur.es\/ixuxu\/wp-json\/wp\/v2\/media?parent=64121"}],"wp:term":[{"taxonomy":"category","embeddable":true,"href":"https:\/\/edublog.educastur.es\/ixuxu\/wp-json\/wp\/v2\/categories?post=64121"},{"taxonomy":"post_tag","embeddable":true,"href":"https:\/\/edublog.educastur.es\/ixuxu\/wp-json\/wp\/v2\/tags?post=64121"}],"curies":[{"name":"wp","href":"https:\/\/api.w.org\/{rel}","templated":true}]}}