{"id":64127,"date":"2025-12-22T12:05:39","date_gmt":"2025-12-22T10:05:39","guid":{"rendered":"https:\/\/edublog.educastur.es\/ixuxu\/?p=64127"},"modified":"2025-12-22T22:05:47","modified_gmt":"2025-12-22T20:05:47","slug":"asturies-medra-en-competitivida","status":"publish","type":"post","link":"https:\/\/edublog.educastur.es\/ixuxu\/2025\/12\/asturies-medra-en-competitivida\/","title":{"rendered":"Asturies medra en competitivid\u00e1"},"content":{"rendered":"<p style=\"text-align: center\"><a href=\"https:\/\/img.lavdg.com\/sc\/ARk4a4oPH71-mShEZ4SYt0BfKyQ=\/768x\/2023\/06\/09\/00121686305285236759698\/Foto\/oviedo12318.jpg\"><img loading=\"lazy\" decoding=\"async\" class=\"aligncenter size-large\" src=\"https:\/\/img.lavdg.com\/sc\/ARk4a4oPH71-mShEZ4SYt0BfKyQ=\/768x\/2023\/06\/09\/00121686305285236759698\/Foto\/oviedo12318.jpg\" width=\"768\" height=\"432\" \/><\/a><\/p>\n<p>Asturies, la \u00fanica comunid\u00e1 qu&#8217;esguila una categor\u00eda de competitivid\u00e1. <a href=\"https:\/\/www.lavozdeasturias.es\/noticia\/asturias\/2025\/12\/18\/asturias-unica-comunidad-escala-categoria-competitividad\/00031766061053948428895.htm?utm_source=t.co&amp;utm_medium=referral&amp;utm_campaign=share&amp;utm_content=00031766061053948428895\">La Voz<\/a> El Princip\u00e1u foi la comunid\u00e1 de la cornisa cant\u00e1brica con un mayor aumentu de la so tasa de crecedera del PIB rexonal en 2024. <a href=\"https:\/\/x.com\/AdrianBarbon\">https:\/\/x.com\/AdrianBarbon<\/a><\/p>\n<p><!--more--><\/p>\n<p>Aturies sigue teniendo una econom\u00eda menos din\u00e1mica que territorios qu&#8217;alluguen metr\u00f3polis y am\u00e1s ensin exes de tresporte del calibre de los que siguen el traz\u00e1u del Ebro o&#8217;l Mediterr\u00e1neu y, sicas\u00ed, daqu\u00e9 ta pasando na comunid\u00e1 qu&#8217;empez\u00f3 a dar saltos qu&#8217;hasta fai apenes un llustru resultaben inconcebibles.<\/p>\n<p>El Princip\u00e1u foi la comunid\u00e1 de la cornisa cant\u00e1brica con un mayor aumentu de la so tasa de crecedera del PIB rexonal en 2024. Asina lo recueyen los datos del INE sobro Contabilid\u00e1 Rexonal d&#8217;Espa\u00f1a y que revelen que, <strong>anque la crecedera d&#8217;Asturies foi menor que la media estatal, el so porcentaxe (un 3%) super\u00f3 a los del restu de les comunidaes de la franxa norte<\/strong>: en Galicia un 2,9%, en Cantabria un 2,5% y el Pa\u00eds Vascu un 2,6 %; la media estatal as\u00edtiase nun 3,5% con Murcia y Canaries a la cabeza del est\u00e1u.<\/p>\n","protected":false},"excerpt":{"rendered":"<p>Asturies, la \u00fanica comunid\u00e1 qu&#8217;esguila una categor\u00eda de competitivid\u00e1. La Voz El Princip\u00e1u foi la comunid\u00e1 de la cornisa cant\u00e1brica con un mayor aumentu de la so tasa de crecedera del PIB rexonal en 2024. https:\/\/x.com\/AdrianBarbon<\/p>\n","protected":false},"author":117,"featured_media":0,"comment_status":"closed","ping_status":"closed","sticky":false,"template":"","format":"standard","meta":{"footnotes":""},"categories":[271],"tags":[],"class_list":["post-64127","post","type-post","status-publish","format-standard","hentry","category-economia"],"_links":{"self":[{"href":"https:\/\/edublog.educastur.es\/ixuxu\/wp-json\/wp\/v2\/posts\/64127","targetHints":{"allow":["GET"]}}],"collection":[{"href":"https:\/\/edublog.educastur.es\/ixuxu\/wp-json\/wp\/v2\/posts"}],"about":[{"href":"https:\/\/edublog.educastur.es\/ixuxu\/wp-json\/wp\/v2\/types\/post"}],"author":[{"embeddable":true,"href":"https:\/\/edublog.educastur.es\/ixuxu\/wp-json\/wp\/v2\/users\/117"}],"replies":[{"embeddable":true,"href":"https:\/\/edublog.educastur.es\/ixuxu\/wp-json\/wp\/v2\/comments?post=64127"}],"version-history":[{"count":1,"href":"https:\/\/edublog.educastur.es\/ixuxu\/wp-json\/wp\/v2\/posts\/64127\/revisions"}],"predecessor-version":[{"id":64128,"href":"https:\/\/edublog.educastur.es\/ixuxu\/wp-json\/wp\/v2\/posts\/64127\/revisions\/64128"}],"wp:attachment":[{"href":"https:\/\/edublog.educastur.es\/ixuxu\/wp-json\/wp\/v2\/media?parent=64127"}],"wp:term":[{"taxonomy":"category","embeddable":true,"href":"https:\/\/edublog.educastur.es\/ixuxu\/wp-json\/wp\/v2\/categories?post=64127"},{"taxonomy":"post_tag","embeddable":true,"href":"https:\/\/edublog.educastur.es\/ixuxu\/wp-json\/wp\/v2\/tags?post=64127"}],"curies":[{"name":"wp","href":"https:\/\/api.w.org\/{rel}","templated":true}]}}