{"id":64161,"date":"2025-12-23T13:05:37","date_gmt":"2025-12-23T11:05:37","guid":{"rendered":"https:\/\/edublog.educastur.es\/ixuxu\/?p=64161"},"modified":"2025-12-23T13:09:46","modified_gmt":"2025-12-23T11:09:46","slug":"the-asturianer-72","status":"publish","type":"post","link":"https:\/\/edublog.educastur.es\/ixuxu\/2025\/12\/the-asturianer-72\/","title":{"rendered":"The Asturianer 72"},"content":{"rendered":"<p style=\"text-align: center\"><span class=\"x193iq5w xeuugli x13faqbe x1vvkbs xt0psk2 x1i0vuye xvs91rp xo1l8bm x5n08af x10wh9bi xpm28yp x8viiok x1o7cslx x126k92a\"><span class=\"html-span xexx8yu x4uap5 x18d9i69 xkhd6sd x1hl2dhg x16tdsg8 x1vvkbs x3nfvp2 x1j61x8r x1fcty0u xdj266r xat24cr xgzva0m xhhsvwb xxymvpz xlup9mm x1kky2od\">\n<!-- iframe plugin v.6.0 wordpress.org\/plugins\/iframe\/ -->\n<iframe loading=\"lazy\" src=\"https:\/\/www.instagram.com\/reel\/DSjny1WCP_S\/embed\" width=\"520\" height=\"575\" 0=\"\/iframe\" scrolling=\"yes\" class=\"iframe-class\" frameborder=\"0\"><\/iframe>\n<\/span><\/span><\/p>\n<div class=\"xt0psk2\">\n<h1 class=\"_ap3a _aaco _aacu _aacx _aad7 _aade\" dir=\"auto\" style=\"text-align: center\"><span style=\"font-size: 20px\">\u00a0SIN TITULO \/ Autora JEZABEL RODR\u00cdGUEZ<\/span><br \/>\n<span style=\"font-size: 20px\">Testu NATALIA ALONSO<\/span><\/h1>\n<p><em><span style=\"color: #008080;font-size: 20px\">Diz Marta D. Riezu que \u00ablos oxetos activen la nuesa conciencia\u00bb. La escritora va m\u00e1s all\u00e1 cuando aportuna en que cree que los oxetos \u00abtienen conciencia y t\u00e1n vivos\u00bb. Nun son meros instrumentos funcionales, sin\u00f3n que contrib\u00fain a la conformanza del nuesu habitar nel mundu ostentando, inclusive, una trescendencia l\u00e1rica nel sent\u00edu de deidaes del llar. Son depositarios de significaos, emociones y ci\u00f1os, alcordances y,inclusive, acciones, ayudando a la acomodaci\u00f3n de la nuesa esistencia. Les coses, como les persones, tami\u00e9n tienen biograf\u00eda. L&#8217;enser ta vencey\u00e1u al ser.<\/span><\/em><\/p>\n<p><!--more--><br \/>\n<span style=\"font-size: 20px;color: #008080\"><em>Como muertes desaterraes a la lluz, con un aura y una dignid\u00e1 casi humanes, aquellos oxetos callaos que pasen inalvert\u00edos na rutina del dir y venir de los d\u00edes a\u00edsllennos del ruiu esterior y, suspend\u00edos n&#8217;una especie de murnia mira, conformen paisaxes \u00edntimos del escurrir de la vida cotidiana que nagua por lo absoluto al travi\u00e9s de lo senciello.<\/em><\/span><\/p>\n<p>Esti testu de Natalia <a class=\"x1i10hfl xjbqb8w x1ejq31n x18oe1m7 x1sy0etr xstzfhl x972fbf x10w94by x1qhh985 x14e42zd x9f619 x1ypdohk xt0psk2 x3ct3a4 xdj266r x14z9mp xat24cr x1lziwak xexx8yu xyri2b x18d9i69 x1c1uobl x16tdsg8 x1hl2dhg xggy1nq x1a2a7pz notranslate _a6hd\" role=\"link\" href=\"https:\/\/www.instagram.com\/natalia_alar\/\">@natalia_alar<\/a> \u00a0describe a la perfecci\u00f3n esi silenciu reconfortante que nos tresmiten los oxetos esenciales que nos ufierta Jezabel, l&#8217;aparente cencellez tresmitida al travi\u00e9s d&#8217;infinites xeneraciones . Naide invent\u00f3&#8217;l vasu como un oxetu \u00fanicu, el vasu de vidriu surdi\u00f3 cola civilizaci\u00f3n minoica y sicas\u00ed nada representa meyor la idea de \u201ccompartir\u201d , la celebraci\u00f3n, qu&#8217;un vasu de sidra n&#8217;Asturies.<\/p>\n<p>Jezabel Rodr\u00edguez <a class=\"x1i10hfl xjbqb8w x1ejq31n x18oe1m7 x1sy0etr xstzfhl x972fbf x10w94by x1qhh985 x14e42zd x9f619 x1ypdohk xt0psk2 x3ct3a4 xdj266r x14z9mp xat24cr x1lziwak xexx8yu xyri2b x18d9i69 x1c1uobl x16tdsg8 x1hl2dhg xggy1nq x1a2a7pz notranslate _a6hd\" role=\"link\" href=\"https:\/\/www.instagram.com\/jezabel_rodriguez\/\">@jezabel_rodriguez<\/a>\u00a0 ye una de les artistes pl\u00e1stiques m\u00e1s relevantes del panorama visual asturianu, la so trayectoria profesional ta poblada de reconocencies, esposiciones individuales y colectives imposibles de numberar nesti pequenu espaciu, el m\u00e1s reci\u00e9n foi&#8217;l Premiu Nacional de Pintura de Villaviciosa recib\u00edu&#8217;l pas\u00e1u xueves.<\/p>\n<p>Natalia Alonso ye una reconocida xestora cultural d&#8217;\u00e1mbitu nacional especializada n&#8217;Arte Contemporaneo. Desenvolvi\u00f3 la so carrera nel \u00e1mbitu del comisari\u00e1u les galer\u00edes y les feries d&#8217;arte. Angua\u00f1o ye directora d&#8217;Arte Uvi\u00e9u y directora comercial d&#8217;Arte Inform\u00e1u, ente otres actividaes .<\/p>\n<p class=\"_ap3a _aaco _aacu _aacx _aad7 _aade\" dir=\"auto\"><a class=\"x1i10hfl xjbqb8w x1ejq31n x18oe1m7 x1sy0etr xstzfhl x972fbf x10w94by x1qhh985 x14e42zd x9f619 x1ypdohk xt0psk2 x3ct3a4 xdj266r x14z9mp xat24cr x1lziwak xexx8yu xyri2b x18d9i69 x1c1uobl x16tdsg8 x1hl2dhg xggy1nq x1a2a7pz notranslate _a6hd\" role=\"link\" href=\"https:\/\/www.instagram.com\/theasturianer\/\">@theasturianer<\/a> .<br \/>\n<a class=\"x1i10hfl xjbqb8w x1ejq31n x18oe1m7 x1sy0etr xstzfhl x972fbf x10w94by x1qhh985 x14e42zd x9f619 x1ypdohk xt0psk2 x3ct3a4 xdj266r x14z9mp xat24cr x1lziwak xexx8yu xyri2b x18d9i69 x1c1uobl x16tdsg8 x1hl2dhg xggy1nq x1a2a7pz _aa9_ _a6hd\" role=\"link\" href=\"https:\/\/www.instagram.com\/explore\/tags\/artistasplasticasasturianas\/\">#artistasplasticasasturianas<\/a>.<\/p>\n<\/div>\n<p>&nbsp;<\/p>\n","protected":false},"excerpt":{"rendered":"<p>\u00a0SIN TITULO \/ Autora JEZABEL RODR\u00cdGUEZ Testu NATALIA ALONSO Diz Marta D. Riezu que \u00ablos oxetos activen la nuesa conciencia\u00bb. La escritora va m\u00e1s all\u00e1 cuando aportuna en que cree que los oxetos \u00abtienen conciencia y t\u00e1n vivos\u00bb. Nun son meros instrumentos funcionales, sin\u00f3n que contrib\u00fain a la conformanza del nuesu habitar nel mundu ostentando, [&hellip;]<\/p>\n","protected":false},"author":117,"featured_media":0,"comment_status":"closed","ping_status":"closed","sticky":false,"template":"","format":"standard","meta":{"footnotes":""},"categories":[1],"tags":[],"class_list":["post-64161","post","type-post","status-publish","format-standard","hentry","category-sin-categoria"],"_links":{"self":[{"href":"https:\/\/edublog.educastur.es\/ixuxu\/wp-json\/wp\/v2\/posts\/64161","targetHints":{"allow":["GET"]}}],"collection":[{"href":"https:\/\/edublog.educastur.es\/ixuxu\/wp-json\/wp\/v2\/posts"}],"about":[{"href":"https:\/\/edublog.educastur.es\/ixuxu\/wp-json\/wp\/v2\/types\/post"}],"author":[{"embeddable":true,"href":"https:\/\/edublog.educastur.es\/ixuxu\/wp-json\/wp\/v2\/users\/117"}],"replies":[{"embeddable":true,"href":"https:\/\/edublog.educastur.es\/ixuxu\/wp-json\/wp\/v2\/comments?post=64161"}],"version-history":[{"count":2,"href":"https:\/\/edublog.educastur.es\/ixuxu\/wp-json\/wp\/v2\/posts\/64161\/revisions"}],"predecessor-version":[{"id":64172,"href":"https:\/\/edublog.educastur.es\/ixuxu\/wp-json\/wp\/v2\/posts\/64161\/revisions\/64172"}],"wp:attachment":[{"href":"https:\/\/edublog.educastur.es\/ixuxu\/wp-json\/wp\/v2\/media?parent=64161"}],"wp:term":[{"taxonomy":"category","embeddable":true,"href":"https:\/\/edublog.educastur.es\/ixuxu\/wp-json\/wp\/v2\/categories?post=64161"},{"taxonomy":"post_tag","embeddable":true,"href":"https:\/\/edublog.educastur.es\/ixuxu\/wp-json\/wp\/v2\/tags?post=64161"}],"curies":[{"name":"wp","href":"https:\/\/api.w.org\/{rel}","templated":true}]}}