{"id":64165,"date":"2025-12-23T12:40:54","date_gmt":"2025-12-23T10:40:54","guid":{"rendered":"https:\/\/edublog.educastur.es\/ixuxu\/?p=64165"},"modified":"2025-12-23T12:58:45","modified_gmt":"2025-12-23T10:58:45","slug":"conciertu-de-ferla-megia-nuna-senora-fiesta-2025","status":"publish","type":"post","link":"https:\/\/edublog.educastur.es\/ixuxu\/2025\/12\/conciertu-de-ferla-megia-nuna-senora-fiesta-2025\/","title":{"rendered":"Conciertu de Ferla Meg\u00eda n\u2019Una Se\u00f1ora Fiesta 2025"},"content":{"rendered":"<div class=\"elementor-element elementor-element-667e3c7 elementor-widget__width-inherit elementor-widget elementor-widget-theme-post-title elementor-page-title elementor-widget-heading\" data-id=\"667e3c7\" data-element_type=\"widget\" data-widget_type=\"theme-post-title.default\">\n<div class=\"elementor-widget-container\">\n<p style=\"text-align: center\">\n<!-- iframe plugin v.6.0 wordpress.org\/plugins\/iframe\/ -->\n<iframe loading=\"lazy\" width=\"100%\" height=\"419\" src=\"https:\/\/www.youtube.com\/embed\/zyPw63Tm8iU\" title=\"FERLA MEG\u00cdA - UNA SE\u00d1ORA FIESTA 2025 - P\u00e1xaros 02 en DIREUTU na BENEFICA\" frameborder=\"0\" allow=\"accelerometer; autoplay; clipboard-write; encrypted-media; gyroscope; picture-in-picture; web-share\" referrerpolicy=\"strict-origin-when-cross-origin\" 0=\"allowfullscreen\" 1=\"\/iframe\" scrolling=\"yes\" class=\"iframe-class\"><\/iframe>\n<\/p>\n<p class=\"elementor-heading-title elementor-size-default\">Ferla Meg\u00eda publica\u2019l videu completu del so conciertu n\u2019Una Se\u00f1ora Fiesta 2025. Incl\u00fai 17 temes ente los que suenen pieces que formen parte de los sos EPs, dalguna versi\u00f3n y rareza, am\u00e1s d&#8217;una collaboraci\u00f3n con Tania Pereira. <a href=\"https:\/\/musicasturiana.com\/ferla-megia-publical-videu-completu-del-so-conciertu-nuna-senora-fiesta-2025\/\">Musicasturiana.com<\/a><\/p>\n<\/div>\n<p><!--more--><\/p>\n<p>El s\u00e1badu 26 de xunetu <strong>Ferla Meg\u00eda<\/strong> foi parte del cartelu de los conciertos del festival <strong>Una Se\u00f1ora Fiesta<\/strong>, eventu que dende\u2019l 2018 enllena Pilo\u00f1a de <strong>m\u00fasiques de raiga\u00f1u, de vanguardia y d\u2019otres manifestaciones culturales<\/strong>. L\u2019artista multidisciplinar sierense ta acabante d\u2019estrenar na so canal de YouTube el<a href=\"https:\/\/youtu.be\/zyPw63Tm8iU?si=u8B972kZ7XxbksJx\" target=\"_blank\" rel=\"noreferrer noopener\"> <strong>conciertu completu<\/strong><\/a> de la so actuaci\u00f3n.<\/p>\n<p>N\u00e9l suenen <strong>17 temes<\/strong> que t\u00e1n repart\u00edes ente los dos EPs que\u2019l m\u00fasicu tien publicaos \u2013<em><strong><a href=\"https:\/\/musicasturiana.com\/producto\/ferla-megia-cd-ferla-megia\/\">P\u00e1xaros 01<\/a><\/strong><\/em> que Meg\u00eda llanz\u00f3 en payares de 2024 y <strong><em><a href=\"https:\/\/musicasturiana.com\/ferla-megia-asoleyal-so-ep-nuevu-paxaros-02\/\" target=\"_blank\" rel=\"noreferrer noopener\">P\u00e1xaros 02<\/a><\/em><\/strong> qu\u2019asoley\u00f3 esti mes d\u2019avientu-; am\u00e1s de dalguna versi\u00f3n y rareza. Tami\u00e9n incl\u00fai la collaboraci\u00f3n de <strong>Tania Pereira<\/strong> nel tema \u2018Conseyu\u2019. El trabayu audiovisual ta fechu por <strong>\u00c1lvaro Armas<\/strong>, mientres que l\u2019equipu t\u00e9cnicu tuvo form\u00e1u por <strong>Jorge Irazabal <\/strong>y <strong>Arturo Rodr\u00edguez<\/strong>.<\/p>\n<p style=\"text-align: center\"><a href=\"https:\/\/musicasturiana.com\/wp-content\/uploads\/2025\/12\/ferla-videu-la-benefica.jpg\"><img loading=\"lazy\" decoding=\"async\" class=\"aligncenter size-large\" src=\"https:\/\/musicasturiana.com\/wp-content\/uploads\/2025\/12\/ferla-videu-la-benefica.jpg\" width=\"1200\" height=\"600\" \/><\/a><\/p>\n<\/div>\n<p>&nbsp;<\/p>\n","protected":false},"excerpt":{"rendered":"<p>Ferla Meg\u00eda publica\u2019l videu completu del so conciertu n\u2019Una Se\u00f1ora Fiesta 2025. Incl\u00fai 17 temes ente los que suenen pieces que formen parte de los sos EPs, dalguna versi\u00f3n y rareza, am\u00e1s d&#8217;una collaboraci\u00f3n con Tania Pereira. Musicasturiana.com<\/p>\n","protected":false},"author":117,"featured_media":0,"comment_status":"closed","ping_status":"closed","sticky":false,"template":"","format":"standard","meta":{"footnotes":""},"categories":[35,125],"tags":[],"class_list":["post-64165","post","type-post","status-publish","format-standard","hentry","category-musica","category-musicasturiana-com"],"_links":{"self":[{"href":"https:\/\/edublog.educastur.es\/ixuxu\/wp-json\/wp\/v2\/posts\/64165","targetHints":{"allow":["GET"]}}],"collection":[{"href":"https:\/\/edublog.educastur.es\/ixuxu\/wp-json\/wp\/v2\/posts"}],"about":[{"href":"https:\/\/edublog.educastur.es\/ixuxu\/wp-json\/wp\/v2\/types\/post"}],"author":[{"embeddable":true,"href":"https:\/\/edublog.educastur.es\/ixuxu\/wp-json\/wp\/v2\/users\/117"}],"replies":[{"embeddable":true,"href":"https:\/\/edublog.educastur.es\/ixuxu\/wp-json\/wp\/v2\/comments?post=64165"}],"version-history":[{"count":3,"href":"https:\/\/edublog.educastur.es\/ixuxu\/wp-json\/wp\/v2\/posts\/64165\/revisions"}],"predecessor-version":[{"id":64168,"href":"https:\/\/edublog.educastur.es\/ixuxu\/wp-json\/wp\/v2\/posts\/64165\/revisions\/64168"}],"wp:attachment":[{"href":"https:\/\/edublog.educastur.es\/ixuxu\/wp-json\/wp\/v2\/media?parent=64165"}],"wp:term":[{"taxonomy":"category","embeddable":true,"href":"https:\/\/edublog.educastur.es\/ixuxu\/wp-json\/wp\/v2\/categories?post=64165"},{"taxonomy":"post_tag","embeddable":true,"href":"https:\/\/edublog.educastur.es\/ixuxu\/wp-json\/wp\/v2\/tags?post=64165"}],"curies":[{"name":"wp","href":"https:\/\/api.w.org\/{rel}","templated":true}]}}