{"id":64177,"date":"2025-12-22T08:55:00","date_gmt":"2025-12-22T06:55:00","guid":{"rendered":"https:\/\/edublog.educastur.es\/ixuxu\/?p=64177"},"modified":"2025-12-23T13:44:03","modified_gmt":"2025-12-23T11:44:03","slug":"navida-xelada-nasturies","status":"publish","type":"post","link":"https:\/\/edublog.educastur.es\/ixuxu\/2025\/12\/navida-xelada-nasturies\/","title":{"rendered":"Navid\u00e1 xelada n&#8217;Asturies"},"content":{"rendered":"<p>Navid\u00e1 xelada n&#8217;Asturies: l&#8217;Aemet alerta de la entrada de mases d&#8217;aire \u00abm\u00e1s fr\u00edu de lo normal\u00bb, con temperatures baxo cero en gran parte de la rex\u00f3n. <a href=\"https:\/\/www.lne.es\/asturias\/2025\/12\/22\/navidad-helada-asturias-aemet-alerta-125042306.html\">LNE<\/a> El xueves festivu va ser el d\u00eda m\u00e1s xelizu na rex\u00f3n: los term\u00f3metros n&#8217;Uvi\u00e9u van esbarrumbase hasta los 0 graos, en Llangr\u00e9u y Cangas hasta los 2 baxo cero, n&#8217;Ayer hasta los -3&#8230;<a href=\"https:\/\/twitter.com\/i\/status\/2002803535742988467\">Videu<\/a> \/<\/p>\n<p style=\"text-align: center\"><a href=\"https:\/\/services.meteored.com\/img\/article\/la-aemet-lo-confirma-vuelve-la-nieve-desde-cotas-de-500-metros-1766185865110_1024.png\"><img loading=\"lazy\" decoding=\"async\" class=\"aligncenter size-large\" src=\"https:\/\/services.meteored.com\/img\/article\/la-aemet-lo-confirma-vuelve-la-nieve-desde-cotas-de-500-metros-1766185865110_1024.png\" width=\"1024\" height=\"714\" \/><\/a><!--more--><\/p>\n<p>Esti llunes ta cerr\u00e1u&#8217;l puertu del Conio y les carreteres de los Llagos de Cuadonga y La Cubilla, en L.lena, y prec\u00edsense cadenes en catorce altos de monte. A consecuencia del frente fr\u00edu, la cota de nieve na rex\u00f3n volver\u00e1 baxar el xueves hasta los 800 metros, pudiendo baxar m\u00e1s a lo llargo del d\u00eda. Esti llunes la cota as\u00edtiase nos 700-800 metros, anque pela tarde va xubir hasta los 900-1.000. Ello ye que el Cordal y los Picos d&#8217;Europa t\u00e1n g\u00fcei n&#8217;alerta mariello por grandes acumuladures de nieve percima de los 900 hasta \u00faltima hora del d\u00eda. <a href=\"https:\/\/www.aemet.es\/es\/eltiempo\/prediccion\/avisos\">Avisos metereol\u00f3xicos.<\/a><\/p>\n","protected":false},"excerpt":{"rendered":"<p>Navid\u00e1 xelada n&#8217;Asturies: l&#8217;Aemet alerta de la entrada de mases d&#8217;aire \u00abm\u00e1s fr\u00edu de lo normal\u00bb, con temperatures baxo cero en gran parte de la rex\u00f3n. LNE El xueves festivu va ser el d\u00eda m\u00e1s xelizu na rex\u00f3n: los term\u00f3metros n&#8217;Uvi\u00e9u van esbarrumbase hasta los 0 graos, en Llangr\u00e9u y Cangas hasta los 2 baxo [&hellip;]<\/p>\n","protected":false},"author":117,"featured_media":0,"comment_status":"closed","ping_status":"closed","sticky":false,"template":"","format":"standard","meta":{"footnotes":""},"categories":[5],"tags":[],"class_list":["post-64177","post","type-post","status-publish","format-standard","hentry","category-tiempu"],"_links":{"self":[{"href":"https:\/\/edublog.educastur.es\/ixuxu\/wp-json\/wp\/v2\/posts\/64177","targetHints":{"allow":["GET"]}}],"collection":[{"href":"https:\/\/edublog.educastur.es\/ixuxu\/wp-json\/wp\/v2\/posts"}],"about":[{"href":"https:\/\/edublog.educastur.es\/ixuxu\/wp-json\/wp\/v2\/types\/post"}],"author":[{"embeddable":true,"href":"https:\/\/edublog.educastur.es\/ixuxu\/wp-json\/wp\/v2\/users\/117"}],"replies":[{"embeddable":true,"href":"https:\/\/edublog.educastur.es\/ixuxu\/wp-json\/wp\/v2\/comments?post=64177"}],"version-history":[{"count":6,"href":"https:\/\/edublog.educastur.es\/ixuxu\/wp-json\/wp\/v2\/posts\/64177\/revisions"}],"predecessor-version":[{"id":64192,"href":"https:\/\/edublog.educastur.es\/ixuxu\/wp-json\/wp\/v2\/posts\/64177\/revisions\/64192"}],"wp:attachment":[{"href":"https:\/\/edublog.educastur.es\/ixuxu\/wp-json\/wp\/v2\/media?parent=64177"}],"wp:term":[{"taxonomy":"category","embeddable":true,"href":"https:\/\/edublog.educastur.es\/ixuxu\/wp-json\/wp\/v2\/categories?post=64177"},{"taxonomy":"post_tag","embeddable":true,"href":"https:\/\/edublog.educastur.es\/ixuxu\/wp-json\/wp\/v2\/tags?post=64177"}],"curies":[{"name":"wp","href":"https:\/\/api.w.org\/{rel}","templated":true}]}}