{"id":64185,"date":"2025-12-26T11:37:59","date_gmt":"2025-12-26T09:37:59","guid":{"rendered":"https:\/\/edublog.educastur.es\/ixuxu\/?p=64185"},"modified":"2025-12-26T13:19:23","modified_gmt":"2025-12-26T11:19:23","slug":"cambeos-coles-zones-baxes-emisiones-a-partir-del-1-de-xineru","status":"publish","type":"post","link":"https:\/\/edublog.educastur.es\/ixuxu\/2025\/12\/cambeos-coles-zones-baxes-emisiones-a-partir-del-1-de-xineru\/","title":{"rendered":"Cambeos coles Zones Baxes emisiones a partir del 1 de xineru"},"content":{"rendered":"<p style=\"text-align: center\"><a href=\"https:\/\/estaticos-cdn.prensaiberica.es\/clip\/138eca83-7ec3-4a25-9641-3d0795790d9f_16-9-discover-aspect-ratio_default_0.webp\"><img loading=\"lazy\" decoding=\"async\" class=\"aligncenter \" src=\"https:\/\/estaticos-cdn.prensaiberica.es\/clip\/138eca83-7ec3-4a25-9641-3d0795790d9f_16-9-discover-aspect-ratio_default_0.webp\" width=\"814\" height=\"458\" \/><\/a><\/p>\n<p>Cambeos coles Zones Baxes emisiones a partir del 1 de xineru: la etiqueta A y los coches que t\u00e1n obligaos a llevala. Llega \u00abcol fin d&#8217;impulsar una movilid\u00e1 segura, tresparente y responsable\u00bb. <a href=\"https:\/\/www.lne.es\/motor\/2025\/12\/21\/cambios-zonas-bajas-emisiones-partir-125027324.html\">LNE<\/a> Uvi\u00e9u va ser una de les ciudaes nes que s&#8217;empiece a aplicar la <strong>Zona Baxa en Emisones (ZBE)<\/strong>, \u00abun \u00e1rea xeogr\u00e1ficamente definida que busca fomentar l&#8217;usu del tresporte p\u00fablicu, la micromovilidad por mediu de bicicletes, y patinetes, y la peatonalizaci\u00f3n, coles mires d&#8217;amenorgar la contaminaci\u00f3n del aire y el ruiu, y de esta manera ameyorar la calid\u00e1 de vida de la ciudadan\u00eda. <a href=\"https:\/\/www.oviedo.es\/zbe\">Uvi\u00e9u ZBE<\/a> \/<\/p>\n<p style=\"text-align: center\"><a href=\"https:\/\/www.oviedo.es\/documents\/25041\/2808250\/ZBE.png\/0a654533-fac9-4adb-9ab0-25779f1d54cc?t=1764770307421\"><img loading=\"lazy\" decoding=\"async\" class=\"aligncenter \" src=\"https:\/\/www.oviedo.es\/documents\/25041\/2808250\/ZBE.png\/0a654533-fac9-4adb-9ab0-25779f1d54cc?t=1764770307421\" width=\"281\" height=\"199\" \/><\/a><\/p>\n<p><!--more--><\/p>\n<p style=\"text-align: center\"><a href=\"https:\/\/estaticos-cdn.prensaiberica.es\/clip\/ec66072b-bc08-4ce8-929f-58030ae57c29_source-aspect-ratio_default_0.webp\"><img loading=\"lazy\" decoding=\"async\" class=\"aligncenter size-large\" src=\"https:\/\/estaticos-cdn.prensaiberica.es\/clip\/ec66072b-bc08-4ce8-929f-58030ae57c29_source-aspect-ratio_default_0.webp\" width=\"1771\" height=\"1603\" \/><\/a><\/p>\n<p>Coles mesmes, pretende optimizase la xesti\u00f3n de la Distribuci\u00f3n Urbana de Mercanc\u00edes esistente na actualid\u00e1\u00bb.. \u00abVa Entrar a valir el 1 de xineru de 2026, cuando se preve que tean implementaos tolos sos sistemes de control d&#8217;accesu y la so plataforma de xesti\u00f3n. De sigu\u00edo, va empecipiase un periodu de tiempu de calter informativu por que los ciudadanos conozan y convivan coles nueves normes d&#8217;accesu a la ZBE. Nam\u00e1 dempu\u00e9s d&#8217;esti procesu informativu, va entrar a valir de forma oficial la nueva normativa d&#8217;usu de la ZBE\u00bb, espliquen dende&#8217;l conceyu.<\/p>\n<p style=\"text-align: center\"><a href=\"https:\/\/www.oviedo.es\/documents\/25041\/2633754\/Mapa.jpg\/70a4310a-a184-4d6c-bce0-35cd6b165360?t=1743163677480\"><img loading=\"lazy\" decoding=\"async\" class=\"aligncenter size-large\" src=\"https:\/\/www.oviedo.es\/documents\/25041\/2633754\/Mapa.jpg\/70a4310a-a184-4d6c-bce0-35cd6b165360?t=1743163677480\" width=\"761\" height=\"537\" \/><\/a><\/p>\n<p>Son munches les duldes de los conductores sobro esti asuntu. Unu de los principales focos d&#8217;esmolici\u00f3n ye la etiqueta ambiental. Les consultes na oficina qu&#8217;habilit\u00f3&#8217;l Conceyu d&#8217;Uvi\u00e9u pa resolver duldes a los ciudadanos, p\u00e1rtense casi a partes iguales ente quien disponen de distintivu y quien nun lo tienen, anque ente los veh\u00edculos etiquetaos predomina de forma clara la etiqueta B (veh\u00edculos de gasolina matriculaos ente 2001 y 2006 y veh\u00edculos di\u00e9sel matriculaos ente 2006 y 2015). Esti datu cobra especial relevancia si se tien en cuenta que la Zona de Baxes Emisiones d&#8217;Uvi\u00e9u va afectar nam\u00e1 al 9,8 % del parque m\u00f3vil, correspondiente a los veh\u00edculos ensin etiqueta ambiental, en concretu, los veh\u00edculos di\u00e9sel anteriores al a\u00f1u 2000 y gasolina anteriores a 2006.<\/p>\n","protected":false},"excerpt":{"rendered":"<p>Cambeos coles Zones Baxes emisiones a partir del 1 de xineru: la etiqueta A y los coches que t\u00e1n obligaos a llevala. Llega \u00abcol fin d&#8217;impulsar una movilid\u00e1 segura, tresparente y responsable\u00bb. LNE Uvi\u00e9u va ser una de les ciudaes nes que s&#8217;empiece a aplicar la Zona Baxa en Emisones (ZBE), \u00abun \u00e1rea xeogr\u00e1ficamente definida [&hellip;]<\/p>\n","protected":false},"author":117,"featured_media":0,"comment_status":"closed","ping_status":"closed","sticky":false,"template":"","format":"standard","meta":{"footnotes":""},"categories":[232,493],"tags":[],"class_list":["post-64185","post","type-post","status-publish","format-standard","hentry","category-tresportes","category-zones-baxes-emisiones"],"_links":{"self":[{"href":"https:\/\/edublog.educastur.es\/ixuxu\/wp-json\/wp\/v2\/posts\/64185","targetHints":{"allow":["GET"]}}],"collection":[{"href":"https:\/\/edublog.educastur.es\/ixuxu\/wp-json\/wp\/v2\/posts"}],"about":[{"href":"https:\/\/edublog.educastur.es\/ixuxu\/wp-json\/wp\/v2\/types\/post"}],"author":[{"embeddable":true,"href":"https:\/\/edublog.educastur.es\/ixuxu\/wp-json\/wp\/v2\/users\/117"}],"replies":[{"embeddable":true,"href":"https:\/\/edublog.educastur.es\/ixuxu\/wp-json\/wp\/v2\/comments?post=64185"}],"version-history":[{"count":7,"href":"https:\/\/edublog.educastur.es\/ixuxu\/wp-json\/wp\/v2\/posts\/64185\/revisions"}],"predecessor-version":[{"id":64273,"href":"https:\/\/edublog.educastur.es\/ixuxu\/wp-json\/wp\/v2\/posts\/64185\/revisions\/64273"}],"wp:attachment":[{"href":"https:\/\/edublog.educastur.es\/ixuxu\/wp-json\/wp\/v2\/media?parent=64185"}],"wp:term":[{"taxonomy":"category","embeddable":true,"href":"https:\/\/edublog.educastur.es\/ixuxu\/wp-json\/wp\/v2\/categories?post=64185"},{"taxonomy":"post_tag","embeddable":true,"href":"https:\/\/edublog.educastur.es\/ixuxu\/wp-json\/wp\/v2\/tags?post=64185"}],"curies":[{"name":"wp","href":"https:\/\/api.w.org\/{rel}","templated":true}]}}