{"id":64193,"date":"2025-12-23T08:30:34","date_gmt":"2025-12-23T06:30:34","guid":{"rendered":"https:\/\/edublog.educastur.es\/ixuxu\/?p=64193"},"modified":"2025-12-23T13:52:56","modified_gmt":"2025-12-23T11:52:56","slug":"el-tiempu-el-comercio-218","status":"publish","type":"post","link":"https:\/\/edublog.educastur.es\/ixuxu\/2025\/12\/el-tiempu-el-comercio-218\/","title":{"rendered":"El tiempu (El Comercio)"},"content":{"rendered":"<p style=\"text-align: center\"><a href=\"https:\/\/s1.ppllstatics.com\/elcomercio\/www\/multimedia\/2025\/12\/22\/prevision-tiempo-asturias-k7PH-U2302588077118HVD-1200x870@El%20Comercio.jpg\"><img loading=\"lazy\" decoding=\"async\" class=\"aligncenter size-large\" src=\"https:\/\/s1.ppllstatics.com\/elcomercio\/www\/multimedia\/2025\/12\/22\/prevision-tiempo-asturias-k7PH-U2302588077118HVD-1200x870@El%20Comercio.jpg\" width=\"1200\" height=\"870\" \/><\/a><\/p>\n<p>Esperamos un d\u00eda carg\u00e1u de nubosid\u00e1 n&#8217;Asturies que va dexar precipitaciones de calter d\u00e9bil y esvalix\u00e1u a lo llargo de la xornada. <strong>La cota de nieve<\/strong> va rondar los 1000 o 1100 metros d&#8217;altor pero van ser nevaes bien d\u00e9biles y pocu importantes. <strong>Los vientos<\/strong> van ser fluexos polo xeneral. <strong>Les temperatures<\/strong> van ser bien similares a les del llunes. S\u00eda que non, podr\u00eden xubir llixeramente nel occidente del Princip\u00e1u tantu les m\u00e1ximes como<strong> les m\u00ednimes.<\/strong><\/p>\n<p><!--more--><\/p>\n<p><strong>El mi\u00e9rcoles, d\u00eda de Nuechebona<\/strong>, prevense cielos bien nublos con precipitaciones que van ser d\u00e9biles escontra l&#8217;interior y posiblemente moderaes na mari\u00f1a central y oriental de la rex\u00f3n. Los vientos van soplar de nordeste fluexos con delles raches daqu\u00e9 m\u00e1s significatives na mari\u00f1a. La cota de nieve va tar asitiada sobro los 1300 o 1400 metros d&#8217;altor. Les temperatures m\u00e1ximes nun van variar respectu al martes, y les m\u00ednimes van xubir nel oriente ente que se van caltener nel restu. Vamos Notar na recta final del d\u00eda como xuna masa d&#8217;aire fr\u00edo va entrar pol oriente consiguiendo baxar m\u00e1s les temperatures.<\/p>\n<p><strong>El xueves, d\u00eda de Navid\u00e1<\/strong>, va ser un d\u00eda bien fr\u00edu con precipitaciones xeneralizaes y nevaes que van dir vi\u00e9ndose cada vez en cotes m\u00e1s baxes cuidao que, pela tarde, acabar\u00e1 asiti\u00e1ndose la cota en redol a los 400 o 500 metros.<\/p>\n","protected":false},"excerpt":{"rendered":"<p>Esperamos un d\u00eda carg\u00e1u de nubosid\u00e1 n&#8217;Asturies que va dexar precipitaciones de calter d\u00e9bil y esvalix\u00e1u a lo llargo de la xornada. La cota de nieve va rondar los 1000 o 1100 metros d&#8217;altor pero van ser nevaes bien d\u00e9biles y pocu importantes. Los vientos van ser fluexos polo xeneral. Les temperatures van ser bien [&hellip;]<\/p>\n","protected":false},"author":117,"featured_media":0,"comment_status":"closed","ping_status":"closed","sticky":false,"template":"","format":"standard","meta":{"footnotes":""},"categories":[5],"tags":[],"class_list":["post-64193","post","type-post","status-publish","format-standard","hentry","category-tiempu"],"_links":{"self":[{"href":"https:\/\/edublog.educastur.es\/ixuxu\/wp-json\/wp\/v2\/posts\/64193","targetHints":{"allow":["GET"]}}],"collection":[{"href":"https:\/\/edublog.educastur.es\/ixuxu\/wp-json\/wp\/v2\/posts"}],"about":[{"href":"https:\/\/edublog.educastur.es\/ixuxu\/wp-json\/wp\/v2\/types\/post"}],"author":[{"embeddable":true,"href":"https:\/\/edublog.educastur.es\/ixuxu\/wp-json\/wp\/v2\/users\/117"}],"replies":[{"embeddable":true,"href":"https:\/\/edublog.educastur.es\/ixuxu\/wp-json\/wp\/v2\/comments?post=64193"}],"version-history":[{"count":4,"href":"https:\/\/edublog.educastur.es\/ixuxu\/wp-json\/wp\/v2\/posts\/64193\/revisions"}],"predecessor-version":[{"id":64197,"href":"https:\/\/edublog.educastur.es\/ixuxu\/wp-json\/wp\/v2\/posts\/64193\/revisions\/64197"}],"wp:attachment":[{"href":"https:\/\/edublog.educastur.es\/ixuxu\/wp-json\/wp\/v2\/media?parent=64193"}],"wp:term":[{"taxonomy":"category","embeddable":true,"href":"https:\/\/edublog.educastur.es\/ixuxu\/wp-json\/wp\/v2\/categories?post=64193"},{"taxonomy":"post_tag","embeddable":true,"href":"https:\/\/edublog.educastur.es\/ixuxu\/wp-json\/wp\/v2\/tags?post=64193"}],"curies":[{"name":"wp","href":"https:\/\/api.w.org\/{rel}","templated":true}]}}