{"id":64232,"date":"2025-12-24T13:16:30","date_gmt":"2025-12-24T11:16:30","guid":{"rendered":"https:\/\/edublog.educastur.es\/ixuxu\/?p=64232"},"modified":"2025-12-25T13:25:03","modified_gmt":"2025-12-25T11:25:03","slug":"lorixe-ancestral-de-la-navida","status":"publish","type":"post","link":"https:\/\/edublog.educastur.es\/ixuxu\/2025\/12\/lorixe-ancestral-de-la-navida\/","title":{"rendered":"L&#8217;ORIXE ANCESTRAL DE LA NAVID\u00c1"},"content":{"rendered":"<p style=\"text-align: center\"><em><span class=\"x193iq5w xeuugli x13faqbe x1vvkbs xt0psk2 x1i0vuye xvs91rp xo1l8bm x5n08af x10wh9bi xpm28yp x8viiok x1o7cslx x126k92a\"><span class=\"html-span xexx8yu x4uap5 x18d9i69 xkhd6sd x1hl2dhg x16tdsg8 x1vvkbs x3nfvp2 x1j61x8r x1fcty0u xdj266r xat24cr xgzva0m xhhsvwb xxymvpz xlup9mm x1kky2od\">\n<!-- iframe plugin v.6.0 wordpress.org\/plugins\/iframe\/ -->\n<iframe loading=\"lazy\" src=\"https:\/\/www.instagram.com\/p\/DSkCc49iMZx\/embed\" width=\"500\" height=\"645\" 0=\"\/iframe\" scrolling=\"yes\" class=\"iframe-class\" frameborder=\"0\"><\/iframe>\n<\/span><\/span><\/em><\/p>\n<p>Muncho primero de que la Navid\u00e1 fuera llamada \u201cNavid\u00e1\u201d, les cultures antig\u00fces celebraben un misteriu sagr\u00e1u que traviesa los sieglos: \u2728<span style=\"color: #008080\"><strong> la renacencia de la Lluz<\/strong> <\/span>\u2728\u00a0Na nueche m\u00e1s llarga del a\u00f1u, cuando tou paec\u00eda detenese, el Sol \u2014s\u00edmbolu de l&#8217;alma, de la conciencia, del fueu interno\u2014 baxaba al so puntu m\u00e1s baxu para volver alzase. <strong>Esi intre yera entend\u00edu como un portal. <\/strong>Un recordatoriu universal de que, inclusive na escurid\u00e1, la Lluz ta prepar\u00e1ndose para renacer.<\/p>\n<p><!--more--><\/p>\n<p>La humanid\u00e1 entera celebra: Exiptu con Horus, Persia con Mitra, Grecia con Dionisio, Roma col Sol Invictus, y los pueblos del Norte con Freya, Inanna y Br\u00edgida, los guardianes del fueu interior.<\/p>\n<p>La Navid\u00e1 nun naci\u00f3 con una fecha, naci\u00f3 con un arquetipu: <strong>l&#8217;arquetipu del renacer.\u00a0<\/strong>La Lluz que vuelve dempu\u00e9s de la solombra. La esperanza que torna. L&#8217;alma qu&#8217;espierta.<\/p>\n<p>Jes\u00fas, sieglos dempu\u00e9s, encarnar\u00eda este mesmu misteriu solar: la Lluz naciendo metanes la nueche del mundu.<\/p>\n<p>Por eso, m\u00e1s all\u00e1 de relixones o tradiciones, la Navid\u00e1 sigue tocando daqu\u00e9 fondu en toles almes: ye la memoria d&#8217;un tiempu nel que&#8217;l cielu y la tierra atop\u00e1bense para recordanos que la lluz siempres vuelve.<\/p>\n<p>\ud83d\udd8c\ufe0f Im\u00e1genes creada con IA, editada por <a class=\"x1i10hfl xjbqb8w x1ejq31n x18oe1m7 x1sy0etr xstzfhl x972fbf x10w94by x1qhh985 x14e42zd x9f619 x1ypdohk xt0psk2 x3ct3a4 xdj266r x14z9mp xat24cr x1lziwak xexx8yu xyri2b x18d9i69 x1c1uobl x16tdsg8 x1hl2dhg xggy1nq x1a2a7pz notranslate _a6hd\" role=\"link\" href=\"https:\/\/www.instagram.com\/leia.whisper\/\">@leia.whisper<\/a><br \/>\n\ud83d\udcd6 Texto original de <a class=\"x1i10hfl xjbqb8w x1ejq31n x18oe1m7 x1sy0etr xstzfhl x972fbf x10w94by x1qhh985 x14e42zd x9f619 x1ypdohk xt0psk2 x3ct3a4 xdj266r x14z9mp xat24cr x1lziwak xexx8yu xyri2b x18d9i69 x1c1uobl x16tdsg8 x1hl2dhg xggy1nq x1a2a7pz notranslate _a6hd\" role=\"link\" href=\"https:\/\/www.instagram.com\/leia.whisper\/\">@leia.whisper<\/a><\/p>\n<p style=\"text-align: center\"><em><span class=\"x193iq5w xeuugli x13faqbe x1vvkbs xt0psk2 x1i0vuye xvs91rp xo1l8bm x5n08af x10wh9bi xpm28yp x8viiok x1o7cslx x126k92a\"><span class=\"html-span xexx8yu x4uap5 x18d9i69 xkhd6sd x1hl2dhg x16tdsg8 x1vvkbs x3nfvp2 x1j61x8r x1fcty0u xdj266r xat24cr xgzva0m xhhsvwb xxymvpz xlup9mm x1kky2od\">\n<!-- iframe plugin v.6.0 wordpress.org\/plugins\/iframe\/ -->\n<iframe loading=\"lazy\" src=\"https:\/\/www.instagram.com\/p\/DSkwiDCDCHQ\/embed\" width=\"500\" height=\"645\" 0=\"\/iframe\" scrolling=\"yes\" class=\"iframe-class\" frameborder=\"0\"><\/iframe>\n<\/span><\/span><\/em><\/p>\n<p>L&#8217;ORIXE DEL \u00c1RBOL DE NAVID\u00c1\ud83c\udf84<\/p>\n<p>Muncho primero de que fuera una tradici\u00f3n navidiega, l&#8217;\u00e1rbol yera un s\u00edmbolu de protecci\u00f3n, de llar y de celebraci\u00f3n nes nueches fr\u00edes d&#8217;iviernu.<\/p>\n<p>Col pasu de los sieglos, esi s\u00edmbolu foi camudando de forma, viaxando por llares y tradiciones hasta tresformase nel \u00e1rbol que g\u00fcei asitiamos nos nuesos llares cada avientu: un ritual qu&#8217;entemez hestoria, fe, costumes y esperanza.<\/p>\n<p>&nbsp;<\/p>\n","protected":false},"excerpt":{"rendered":"<p>Muncho primero de que la Navid\u00e1 fuera llamada \u201cNavid\u00e1\u201d, les cultures antig\u00fces celebraben un misteriu sagr\u00e1u que traviesa los sieglos: \u2728 la renacencia de la Lluz \u2728\u00a0Na nueche m\u00e1s llarga del a\u00f1u, cuando tou paec\u00eda detenese, el Sol \u2014s\u00edmbolu de l&#8217;alma, de la conciencia, del fueu interno\u2014 baxaba al so puntu m\u00e1s baxu para volver [&hellip;]<\/p>\n","protected":false},"author":117,"featured_media":0,"comment_status":"closed","ping_status":"closed","sticky":false,"template":"","format":"standard","meta":{"footnotes":""},"categories":[81],"tags":[],"class_list":["post-64232","post","type-post","status-publish","format-standard","hentry","category-nadal"],"_links":{"self":[{"href":"https:\/\/edublog.educastur.es\/ixuxu\/wp-json\/wp\/v2\/posts\/64232","targetHints":{"allow":["GET"]}}],"collection":[{"href":"https:\/\/edublog.educastur.es\/ixuxu\/wp-json\/wp\/v2\/posts"}],"about":[{"href":"https:\/\/edublog.educastur.es\/ixuxu\/wp-json\/wp\/v2\/types\/post"}],"author":[{"embeddable":true,"href":"https:\/\/edublog.educastur.es\/ixuxu\/wp-json\/wp\/v2\/users\/117"}],"replies":[{"embeddable":true,"href":"https:\/\/edublog.educastur.es\/ixuxu\/wp-json\/wp\/v2\/comments?post=64232"}],"version-history":[{"count":4,"href":"https:\/\/edublog.educastur.es\/ixuxu\/wp-json\/wp\/v2\/posts\/64232\/revisions"}],"predecessor-version":[{"id":64241,"href":"https:\/\/edublog.educastur.es\/ixuxu\/wp-json\/wp\/v2\/posts\/64232\/revisions\/64241"}],"wp:attachment":[{"href":"https:\/\/edublog.educastur.es\/ixuxu\/wp-json\/wp\/v2\/media?parent=64232"}],"wp:term":[{"taxonomy":"category","embeddable":true,"href":"https:\/\/edublog.educastur.es\/ixuxu\/wp-json\/wp\/v2\/categories?post=64232"},{"taxonomy":"post_tag","embeddable":true,"href":"https:\/\/edublog.educastur.es\/ixuxu\/wp-json\/wp\/v2\/tags?post=64232"}],"curies":[{"name":"wp","href":"https:\/\/api.w.org\/{rel}","templated":true}]}}