{"id":64242,"date":"2025-12-24T18:27:39","date_gmt":"2025-12-24T16:27:39","guid":{"rendered":"https:\/\/edublog.educastur.es\/ixuxu\/?p=64242"},"modified":"2025-12-26T12:16:15","modified_gmt":"2025-12-26T10:16:15","slug":"algaire-asoleyen-un-videoclip-col-que-celebrar-estes-feches-navidiegues","status":"publish","type":"post","link":"https:\/\/edublog.educastur.es\/ixuxu\/2025\/12\/algaire-asoleyen-un-videoclip-col-que-celebrar-estes-feches-navidiegues\/","title":{"rendered":"Algaire, la Banda El Gumial y el Coru Infantil de Mieres llancen un villancicu a comu\u00f1a"},"content":{"rendered":"<div class=\"html-div xdj266r x14z9mp xat24cr x1lziwak xsag5q8 xz9dl7a xv54qhq xf7dkkf x1jx94hy\">\n<div class=\"html-div xdj266r x14z9mp xat24cr x1lziwak xexx8yu xyri2b x18d9i69 x1c1uobl x78zum5 x1q0g3np x1ba4aug\">\n<div class=\"html-div xdj266r x14z9mp xat24cr x1lziwak xexx8yu xyri2b x18d9i69 x1c1uobl x1iyjqo2 xeuugli\">\n<div class=\"x78zum5 xdt5ytf xz62fqu x16ldp7u\">\n<div class=\"xu06os2 x1ok221b\">\n<p style=\"text-align: center\">\n<!-- iframe plugin v.6.0 wordpress.org\/plugins\/iframe\/ -->\n<iframe loading=\"lazy\" width=\"100%\" height=\"419\" src=\"https:\/\/www.youtube.com\/embed\/D3Cx6Mk7uRw\" title=\"ALGAIRE - Villancicu 2025\" frameborder=\"0\" allow=\"accelerometer; autoplay; clipboard-write; encrypted-media; gyroscope; picture-in-picture; web-share\" referrerpolicy=\"strict-origin-when-cross-origin\" 0=\"allowfullscreen\" 1=\"\/iframe\" scrolling=\"yes\" class=\"iframe-class\"><\/iframe>\n<\/p>\n<p class=\"html-h3 x14z9mp xat24cr x1lziwak xexx8yu xyri2b x18d9i69 x1c1uobl x1vvkbs x1heor9g x1qlqyl8 x1pd3egz x1a2a7pz x1gslohp x1yc453h\"><span class=\"x78zum5 x1q0g3np\"><span class=\"x1lliihq x6ikm8r x10wlt62 x1n2onr6 xlyipyv xuxw1ft\"><span class=\"xt0psk2\"><a class=\"x1i10hfl xjbqb8w x1ejq31n x18oe1m7 x1sy0etr xstzfhl x972fbf x10w94by x1qhh985 x14e42zd x9f619 x1ypdohk xt0psk2 x3ct3a4 xdj266r x14z9mp xat24cr x1lziwak xexx8yu xyri2b x18d9i69 x1c1uobl x16tdsg8 x1hl2dhg xggy1nq x1a2a7pz xkrqix3 x1sur9pj xzsf02u x1s688f\" role=\"link\" href=\"https:\/\/www.facebook.com\/musicasturiana?__cft__[0]=AZaRYn4Hx5cgBQXn7th3CQxN6R7rZ9M1IFSc5Cg6TURZtE-laOfFELvteM30AoTPV66lDh-9R3jS7MzcsPVCWSideCvdR54-HA1-antVFSWaejHlTjNhNMgJMR2rj4YxDBjr-rLEQ42fYPCp_euXgf2y8f5rTpItPodzq1eIqgxp3aUZTH72qqcQjtjJ8X7so10n69KCxY5KfvYEi1Wpph1N&amp;__tn__=-UC%2CP-y-R\"><b class=\"html-b xdj266r x14z9mp xat24cr x1lziwak xexx8yu xyri2b x18d9i69 x1c1uobl x1hl2dhg x16tdsg8 x1vvkbs x1s688f\"><span class=\"html-span xdj266r x14z9mp xat24cr x1lziwak xexx8yu xyri2b x18d9i69 x1c1uobl x1hl2dhg x16tdsg8 x1vvkbs\">musicasturiana.com<\/span><\/b><\/a><\/span><\/span><\/span><span class=\"html-span xdj266r x14z9mp xat24cr x1lziwak xexx8yu xyri2b x18d9i69 x1c1uobl x1hl2dhg x16tdsg8 x1vvkbs\" style=\"font-size: 16px\"><span aria-hidden=\"true\">\u00b7<\/span><\/span><span style=\"font-size: 16px\">Como tolos d\u00edes de Nuechebona dende hai cuatro a\u00f1os, <\/span><span class=\"html-span xdj266r x14z9mp xat24cr x1lziwak xexx8yu xyri2b x18d9i69 x1c1uobl x1hl2dhg x16tdsg8 x1vvkbs\" style=\"font-size: 16px\"><a class=\"x1i10hfl xjbqb8w x1ejq31n x18oe1m7 x1sy0etr xstzfhl x972fbf x10w94by x1qhh985 x14e42zd x9f619 x1ypdohk xt0psk2 x3ct3a4 xdj266r x14z9mp xat24cr x1lziwak xexx8yu xyri2b x18d9i69 x1c1uobl x16tdsg8 x1hl2dhg xggy1nq x1a2a7pz xkrqix3 x1sur9pj x1fey0fg x1s688f\" role=\"link\" href=\"https:\/\/www.facebook.com\/algairepercusion?__cft__[0]=AZaRYn4Hx5cgBQXn7th3CQxN6R7rZ9M1IFSc5Cg6TURZtE-laOfFELvteM30AoTPV66lDh-9R3jS7MzcsPVCWSideCvdR54-HA1-antVFSWaejHlTjNhNMgJMR2rj4YxDBjr-rLEQ42fYPCp_euXgf2y8f5rTpItPodzq1eIqgxp3aUZTH72qqcQjtjJ8X7so10n69KCxY5KfvYEi1Wpph1N&amp;__tn__=-]K-y-R\"><span class=\"xt0psk2\"><span class=\"xjp7ctv\">Algaire<\/span><\/span><\/a><\/span><span style=\"font-size: 16px\"> asoleyen un videoclip col que celebrar estes feches navidiegues <\/span><span class=\"html-span xexx8yu xyri2b x18d9i69 x1c1uobl x1hl2dhg x16tdsg8 x1vvkbs x3nfvp2 x1j61x8r x1fcty0u xdj266r xat24cr xm2jcoa x1mpyi22 xxymvpz xlup9mm x1kky2od\" style=\"font-size: 16px\"><img loading=\"lazy\" decoding=\"async\" class=\"xz74otr x15mokao x1ga7v0g x16uus16 xbiv7yw\" src=\"https:\/\/static.xx.fbcdn.net\/images\/emoji.php\/v9\/t7\/1\/16\/1f384.png\" alt=\"\ud83c\udf84\" width=\"16\" height=\"16\" \/><\/span><span style=\"font-size: 16px\"> Angua\u00f1o, quixeron \u00abenguedeyase y tratar de facer coses diferentes\u00bb; asina ye como publiquen una obra que foi \u00abun retu\u00bb de sacar alantre y na qu\u2019andechen con elles la <\/span><span class=\"html-span xdj266r x14z9mp xat24cr x1lziwak xexx8yu xyri2b x18d9i69 x1c1uobl x1hl2dhg x16tdsg8 x1vvkbs\" style=\"font-size: 16px\"><a class=\"x1i10hfl xjbqb8w x1ejq31n x18oe1m7 x1sy0etr xstzfhl x972fbf x10w94by x1qhh985 x14e42zd x9f619 x1ypdohk xt0psk2 x3ct3a4 xdj266r x14z9mp xat24cr x1lziwak xexx8yu xyri2b x18d9i69 x1c1uobl x16tdsg8 x1hl2dhg xggy1nq x1a2a7pz xkrqix3 x1sur9pj x1fey0fg x1s688f\" role=\"link\" href=\"https:\/\/www.facebook.com\/profile.php?id=100064221303902&amp;__cft__[0]=AZaRYn4Hx5cgBQXn7th3CQxN6R7rZ9M1IFSc5Cg6TURZtE-laOfFELvteM30AoTPV66lDh-9R3jS7MzcsPVCWSideCvdR54-HA1-antVFSWaejHlTjNhNMgJMR2rj4YxDBjr-rLEQ42fYPCp_euXgf2y8f5rTpItPodzq1eIqgxp3aUZTH72qqcQjtjJ8X7so10n69KCxY5KfvYEi1Wpph1N&amp;__tn__=-]K-y-R\"><span class=\"xt0psk2\"><span class=\"xjp7ctv\">Banda Gaites El Gumial<\/span><\/span><\/a><\/span><span style=\"font-size: 16px\">, el Coru Infantil del <\/span><span class=\"html-span xdj266r x14z9mp xat24cr x1lziwak xexx8yu xyri2b x18d9i69 x1c1uobl x1hl2dhg x16tdsg8 x1vvkbs\" style=\"font-size: 16px\"><a class=\"x1i10hfl xjbqb8w x1ejq31n x18oe1m7 x1sy0etr xstzfhl x972fbf x10w94by x1qhh985 x14e42zd x9f619 x1ypdohk xt0psk2 x3ct3a4 xdj266r x14z9mp xat24cr x1lziwak xexx8yu xyri2b x18d9i69 x1c1uobl x16tdsg8 x1hl2dhg xggy1nq x1a2a7pz xkrqix3 x1sur9pj x1fey0fg x1s688f\" role=\"link\" href=\"https:\/\/www.facebook.com\/profile.php?id=100063135433824&amp;__cft__[0]=AZaRYn4Hx5cgBQXn7th3CQxN6R7rZ9M1IFSc5Cg6TURZtE-laOfFELvteM30AoTPV66lDh-9R3jS7MzcsPVCWSideCvdR54-HA1-antVFSWaejHlTjNhNMgJMR2rj4YxDBjr-rLEQ42fYPCp_euXgf2y8f5rTpItPodzq1eIqgxp3aUZTH72qqcQjtjJ8X7so10n69KCxY5KfvYEi1Wpph1N&amp;__tn__=-]K-y-R\"><span class=\"xt0psk2\"><span class=\"xjp7ctv\">Conservatorio \/ Escuela M\u00fasica Mieres<\/span><\/span><\/a><\/span><span style=\"font-size: 16px\"> y una montonera xente qu\u2019acudi\u00f3 a la llamada d\u2019esti grupu pa facer una danza colectiva en Mieres.<\/span><\/p>\n<p><!--more--><\/p>\n<p style=\"text-align: center\"><a href=\"https:\/\/musicasturiana.com\/wp-content\/uploads\/2025\/12\/algaire-villancicu-2025.jpg\"><img loading=\"lazy\" decoding=\"async\" class=\"aligncenter size-large\" src=\"https:\/\/musicasturiana.com\/wp-content\/uploads\/2025\/12\/algaire-villancicu-2025.jpg\" width=\"1200\" height=\"600\" \/><\/a><\/p>\n<p>\u00abLa idea surdi\u00f3 y\u00e1 enantes del branu, mentanto t\u00e1bemos revisando material pal<strong>\u00a0segundu discu<\/strong>. Dimos con un par de\u00a0<strong>dances recoy\u00edes nel conceyu Mieres\u00a0<\/strong>que nos prestaron mucho pa facer dalgo con elles\u00bb, desplica\u00a0<strong>Juan Yag\u00fce<\/strong>, guitarrista de la formaci\u00f3n. Foi en met\u00e1 del procesu de preproducci\u00f3n y grabaci\u00f3n del cantar cuando se decataron de que\u00a0<strong>\u00abla melod\u00eda taba nun tonu ideal pa tocase con gaita en si bemol\u00bb<\/strong>\u00a0y asina foi como aprovecharon esto pa facer realid\u00e1 dalgo colo que llevababen\u00a0<strong>\u00abtiempu detr\u00e1s d\u2019ello y qu\u2019hasta agora nun se llograra; que ye collaborar cola Banda Gaites El Gumial\u00bb<\/strong>. Pero nun ye qued\u00f3 eh\u00ed la cosa, porque Algaire tami\u00e9n convidaron al Coru Infantil de la Escuela de M\u00fasica de Mieres que, cola directora\u00a0<strong>Mar\u00eda Pe\u00f1alver<\/strong>\u00a0al frente, \u00abfizo un mui buen trabayu\u00bb, como desplica Yag\u00fce agradeciendo a estes dos formaciones la so predisposici\u00f3n pa\u00a0<strong>\u00abfacer realid\u00e1 una esperiencia que yera nueva pa toos y toes<\/strong>\u00bb y que da forma a un tema con<strong>\u00a0influencies folk-rock<\/strong>.<\/p>\n<p>Lo\u00a0<strong>colectivo marca la m\u00fasica y esto esp\u00e1rdese tami\u00e9n al videoclip<\/strong>\u00a0fechu por\u00a0<strong>B\u00e1ltico\u00a0<\/strong>nel que participaron munches persones que respondieron al\u00a0<a href=\"https:\/\/musicasturiana.com\/algaire-faen-un-llamamientu-pa-participar-na-grabacion-del-so-videoclip-navidiegu\/\">llamamientu qu\u2019Algaire fizo a travi\u00e9s de les sos redes sociales<\/a>. \u00abEl n\u00facleu d\u2019esta idega y a la par\u00a0<strong>el mayor retu llox\u00edsticu y t\u00e9cnicu foi\u2019l d\u2019intentar axuntar a muncha xente pa grabar unos planos baillando la danza<\/strong>\u00ab, desplica\u2019l guitarrista. \u00abYera<strong>\u00a0xug\u00e1selo too un d\u00eda a una carta<\/strong>\u00a0y, por suerte, sali\u00f3nos bien\u00bb, a\u00f1ade valorando que\u2019l tiempu \u00abrespet\u00f3\u00bb y agradeciendo la respuesta de \u00abcollacios, familiares, xente de grupos de baille, m\u00fasicos y toles persones qu\u2019acudieron al convite\u00bb.<\/p>\n<\/div>\n<\/div>\n<\/div>\n<\/div>\n<\/div>\n<h2 class=\"wp-block-heading\"><mark class=\"has-inline-color\">Lletra contra la guerra<\/mark><\/h2>\n<p>Pero ye qu\u2019am\u00e1s, lo nuevo d\u2019Algaire tami\u00e9n\u00a0<strong>calti\u00e9n esi compromisu colo com\u00fan na lletra<\/strong>: \u00abLa intenci\u00f3n orixinal yera siguir la llinia del videoclip del pas\u00e1u a\u00f1u, con tem\u00e1tica navidiega, pero<strong>\u00a0ensin cayer en t\u00f3picos o clix\u00e9s<\/strong>, naguando por da-y una visi\u00f3n un poco actualizada. Sicas\u00ed,\u00a0<strong>vi\u00e9ndonos mui influenciaos pola realid\u00e1 social que se taba viviendo<\/strong>, les noticies qu\u2019apaec\u00eden continuamente en tolos medios\u2026 termin\u00f3 saliendo una\u00a0<strong>lletra que quier falar de la situaci\u00f3n de les families en zones de guerra<\/strong>\u00ab. D\u2019esta manera, Algaire crearon \u00abun tema delic\u00e1u\u00bb que, como opina Juan Yag\u00fce,\u00a0<strong>\u00abde villancicu tien poco, realmente\u00bb<\/strong>. Sicas\u00ed, ye una amuesa de que les navidaes tami\u00e9n son unes feches pa\u00a0<strong>facer alcordanza\u00a0<\/strong>de la xente que y\u00e1 nun ta, pa<strong>\u00a0reivindicar la xusticia social\u00a0<\/strong>y pa que rescample la i<strong>mportancia de lo colectivo<\/strong>. Con esti tema, la formaci\u00f3n mierense algama too ello.<\/p>\n","protected":false},"excerpt":{"rendered":"<p>musicasturiana.com\u00b7Como tolos d\u00edes de Nuechebona dende hai cuatro a\u00f1os, Algaire asoleyen un videoclip col que celebrar estes feches navidiegues Angua\u00f1o, quixeron \u00abenguedeyase y tratar de facer coses diferentes\u00bb; asina ye como publiquen una obra que foi \u00abun retu\u00bb de sacar alantre y na qu\u2019andechen con elles la Banda Gaites El Gumial, el Coru Infantil del [&hellip;]<\/p>\n","protected":false},"author":117,"featured_media":0,"comment_status":"closed","ping_status":"closed","sticky":false,"template":"","format":"standard","meta":{"footnotes":""},"categories":[35,125,81,76],"tags":[],"class_list":["post-64242","post","type-post","status-publish","format-standard","hentry","category-musica","category-musicasturiana-com","category-nadal","category-villancicos"],"_links":{"self":[{"href":"https:\/\/edublog.educastur.es\/ixuxu\/wp-json\/wp\/v2\/posts\/64242","targetHints":{"allow":["GET"]}}],"collection":[{"href":"https:\/\/edublog.educastur.es\/ixuxu\/wp-json\/wp\/v2\/posts"}],"about":[{"href":"https:\/\/edublog.educastur.es\/ixuxu\/wp-json\/wp\/v2\/types\/post"}],"author":[{"embeddable":true,"href":"https:\/\/edublog.educastur.es\/ixuxu\/wp-json\/wp\/v2\/users\/117"}],"replies":[{"embeddable":true,"href":"https:\/\/edublog.educastur.es\/ixuxu\/wp-json\/wp\/v2\/comments?post=64242"}],"version-history":[{"count":3,"href":"https:\/\/edublog.educastur.es\/ixuxu\/wp-json\/wp\/v2\/posts\/64242\/revisions"}],"predecessor-version":[{"id":64246,"href":"https:\/\/edublog.educastur.es\/ixuxu\/wp-json\/wp\/v2\/posts\/64242\/revisions\/64246"}],"wp:attachment":[{"href":"https:\/\/edublog.educastur.es\/ixuxu\/wp-json\/wp\/v2\/media?parent=64242"}],"wp:term":[{"taxonomy":"category","embeddable":true,"href":"https:\/\/edublog.educastur.es\/ixuxu\/wp-json\/wp\/v2\/categories?post=64242"},{"taxonomy":"post_tag","embeddable":true,"href":"https:\/\/edublog.educastur.es\/ixuxu\/wp-json\/wp\/v2\/tags?post=64242"}],"curies":[{"name":"wp","href":"https:\/\/api.w.org\/{rel}","templated":true}]}}