{"id":64255,"date":"2025-12-26T08:50:27","date_gmt":"2025-12-26T06:50:27","guid":{"rendered":"https:\/\/edublog.educastur.es\/ixuxu\/?p=64255"},"modified":"2025-12-26T12:48:20","modified_gmt":"2025-12-26T10:48:20","slug":"blanca-navida-nasturies-la-nieve-ambienta-les-fiestes","status":"publish","type":"post","link":"https:\/\/edublog.educastur.es\/ixuxu\/2025\/12\/blanca-navida-nasturies-la-nieve-ambienta-les-fiestes\/","title":{"rendered":"Blanca Navid\u00e1 n&#8217;Asturies: la nieve ambienta les fiestes"},"content":{"rendered":"<p style=\"text-align: center\"><a href=\"https:\/\/s2.ppllstatics.com\/elcomercio\/www\/multimedia\/2025\/12\/25\/nieve-pajares%20(21).jpg\"><img loading=\"lazy\" decoding=\"async\" class=\"aligncenter size-large\" src=\"https:\/\/s2.ppllstatics.com\/elcomercio\/www\/multimedia\/2025\/12\/25\/nieve-pajares%20(21).jpg\" width=\"1920\" height=\"1280\" \/><\/a><\/p>\n<p><a href=\"https:\/\/www.elcomercio.es\/asturias\/nieve-asturias-navidad-fotos-20251225134822-ga.html\">El Comercio<\/a> \/ Blanca Navid\u00e1 n&#8217;Asturies: la nieve ambienta les fiestes. L&#8217;Axencia Estatal de Meteorolox\u00eda activa l&#8217;avisu mariellu por nevaes esti 25 d&#8217;avientu nos Picos d&#8217;Europa y el Cordal Cant\u00e1bricu.<\/p>\n<p><!--more--><\/p>\n<p>Y\u00e1 travesemos parte de les feches festives, dexando tras Nuechebona y Navid\u00e1, xornaes nes que&#8217;l fr\u00edu foi&#8217;l protagonista en pr\u00e1cticamente tol pa\u00eds. De cara a los \u00faltimos d\u00edes del a\u00f1u, l<a href=\"https:\/\/www.aemet.es\/es\/eltiempo\/prediccion\/destacados\/p5_t?tipo=p51tesp1\">&#8216;<strong>Axencia Estatal de Meterolog\u00eda (Aemet)<\/strong> <\/a>ufierta estes previsiones para&#8217;l tiempu que va faer n&#8217;Espa\u00f1a.<\/p>\n<p>Asina, l&#8217;ambiente ivernizo va siguise dexando notar en bona parte del pa\u00eds mientres los pr\u00f3ximos d\u00edes, con un tiempu marc\u00e1u pola inestabilid\u00e1 y les baxes temperatures que van acompa\u00f1ar a la recta final d&#8217;avientu.<\/p>\n<p>&nbsp;<\/p>\n<p>&nbsp;<\/p>\n","protected":false},"excerpt":{"rendered":"<p>El Comercio \/ Blanca Navid\u00e1 n&#8217;Asturies: la nieve ambienta les fiestes. L&#8217;Axencia Estatal de Meteorolox\u00eda activa l&#8217;avisu mariellu por nevaes esti 25 d&#8217;avientu nos Picos d&#8217;Europa y el Cordal Cant\u00e1bricu.<\/p>\n","protected":false},"author":117,"featured_media":0,"comment_status":"closed","ping_status":"closed","sticky":false,"template":"","format":"standard","meta":{"footnotes":""},"categories":[5],"tags":[],"class_list":["post-64255","post","type-post","status-publish","format-standard","hentry","category-tiempu"],"_links":{"self":[{"href":"https:\/\/edublog.educastur.es\/ixuxu\/wp-json\/wp\/v2\/posts\/64255","targetHints":{"allow":["GET"]}}],"collection":[{"href":"https:\/\/edublog.educastur.es\/ixuxu\/wp-json\/wp\/v2\/posts"}],"about":[{"href":"https:\/\/edublog.educastur.es\/ixuxu\/wp-json\/wp\/v2\/types\/post"}],"author":[{"embeddable":true,"href":"https:\/\/edublog.educastur.es\/ixuxu\/wp-json\/wp\/v2\/users\/117"}],"replies":[{"embeddable":true,"href":"https:\/\/edublog.educastur.es\/ixuxu\/wp-json\/wp\/v2\/comments?post=64255"}],"version-history":[{"count":3,"href":"https:\/\/edublog.educastur.es\/ixuxu\/wp-json\/wp\/v2\/posts\/64255\/revisions"}],"predecessor-version":[{"id":64268,"href":"https:\/\/edublog.educastur.es\/ixuxu\/wp-json\/wp\/v2\/posts\/64255\/revisions\/64268"}],"wp:attachment":[{"href":"https:\/\/edublog.educastur.es\/ixuxu\/wp-json\/wp\/v2\/media?parent=64255"}],"wp:term":[{"taxonomy":"category","embeddable":true,"href":"https:\/\/edublog.educastur.es\/ixuxu\/wp-json\/wp\/v2\/categories?post=64255"},{"taxonomy":"post_tag","embeddable":true,"href":"https:\/\/edublog.educastur.es\/ixuxu\/wp-json\/wp\/v2\/tags?post=64255"}],"curies":[{"name":"wp","href":"https:\/\/api.w.org\/{rel}","templated":true}]}}