{"id":64257,"date":"2025-12-26T12:39:45","date_gmt":"2025-12-26T10:39:45","guid":{"rendered":"https:\/\/edublog.educastur.es\/ixuxu\/?p=64257"},"modified":"2025-12-26T12:39:45","modified_gmt":"2025-12-26T10:39:45","slug":"el-tiempu-el-comercio-219","status":"publish","type":"post","link":"https:\/\/edublog.educastur.es\/ixuxu\/2025\/12\/el-tiempu-el-comercio-219\/","title":{"rendered":"El tiempu (El Comercio)"},"content":{"rendered":"<p style=\"text-align: center\"><a href=\"https:\/\/s2.ppllstatics.com\/elcomercio\/www\/multimedia\/2025\/12\/25\/tiempo-asturias-viernes-26-diciembre-kiOD-U2302588077118HVD-1200x870@El%20Comercio.jpg\"><img loading=\"lazy\" decoding=\"async\" class=\"aligncenter size-large\" src=\"https:\/\/s2.ppllstatics.com\/elcomercio\/www\/multimedia\/2025\/12\/25\/tiempo-asturias-viernes-26-diciembre-kiOD-U2302588077118HVD-1200x870@El%20Comercio.jpg\" width=\"1200\" height=\"870\" \/><\/a><\/p>\n<p>Xelaes y cielos asoleyaos. Estes xelaes van ser d\u00e9biles na met\u00e1 norte, moderaes nel restu salvu en puntos altos del cordal onde podr\u00eden aportar a fuertes. El xueves foi un d\u00eda bien fr\u00edu nel que les m\u00e1ximes rondaron los 9\/11 \u00baC na mari\u00f1a, y per debaxo de los 8 \u00baC nel interior. Por casu, n&#8217;Uvi\u00e9u&#8217;l mercuriu nun pas\u00f3 de los 6,9 \u00baC en tou la xornada. <strong>Esti vienres vamos amanecer<\/strong> con xelaes xeneralizaes salvu na mari\u00f1a. Estes xelaes van ser d\u00e9biles na met\u00e1 norte, moderaes nel restu salvu en puntos altos del cordal onde podr\u00eden aportar a fuertes. Concretamente, hasta les 10:00 hores de la ma\u00f1ana ent\u00e1 va tar activ\u00e1u l&#8217;avisu mariellu en zones altes del sur asturianu por posibilid\u00e1 de rexistrar temperatures d&#8217;hasta -6 \u00baC n&#8217;amplies zones. Pa esti vienres, <strong>les m\u00e1ximes<\/strong> van xubir ente 2 y 3 \u00baC en tola Comunid\u00e1 Aut\u00f3noma. En cuanto al est\u00e1u de los cielos, esperamos poco nubosid\u00e1 polo que&#8217;l sol va ser el claru protagonista. <strong>Los vientos<\/strong> van ser fluexos polo xeneral.<\/p>\n<p><!--more--><\/p>\n<p><strong>El s\u00e1badu<\/strong> tami\u00e9n se preve un d\u00eda soleyeru con unes temperatures m\u00e1ximes que, nuevamente, volver\u00e1n xubir un par de graos m\u00e1s. Pero les m\u00ednimes apenes van variar (a lo sumo dellos ascensos bien llixeros) polo que volveremos amanecer con xelaes n&#8217;Asturies. Finalmente, vamos concluyir la selmana con un domingu que tami\u00e9n va ser soleyeru.<\/p>\n","protected":false},"excerpt":{"rendered":"<p>Xelaes y cielos asoleyaos. Estes xelaes van ser d\u00e9biles na met\u00e1 norte, moderaes nel restu salvu en puntos altos del cordal onde podr\u00eden aportar a fuertes. El xueves foi un d\u00eda bien fr\u00edu nel que les m\u00e1ximes rondaron los 9\/11 \u00baC na mari\u00f1a, y per debaxo de los 8 \u00baC nel interior. Por casu, n&#8217;Uvi\u00e9u&#8217;l [&hellip;]<\/p>\n","protected":false},"author":117,"featured_media":0,"comment_status":"closed","ping_status":"closed","sticky":false,"template":"","format":"standard","meta":{"footnotes":""},"categories":[5],"tags":[],"class_list":["post-64257","post","type-post","status-publish","format-standard","hentry","category-tiempu"],"_links":{"self":[{"href":"https:\/\/edublog.educastur.es\/ixuxu\/wp-json\/wp\/v2\/posts\/64257","targetHints":{"allow":["GET"]}}],"collection":[{"href":"https:\/\/edublog.educastur.es\/ixuxu\/wp-json\/wp\/v2\/posts"}],"about":[{"href":"https:\/\/edublog.educastur.es\/ixuxu\/wp-json\/wp\/v2\/types\/post"}],"author":[{"embeddable":true,"href":"https:\/\/edublog.educastur.es\/ixuxu\/wp-json\/wp\/v2\/users\/117"}],"replies":[{"embeddable":true,"href":"https:\/\/edublog.educastur.es\/ixuxu\/wp-json\/wp\/v2\/comments?post=64257"}],"version-history":[{"count":1,"href":"https:\/\/edublog.educastur.es\/ixuxu\/wp-json\/wp\/v2\/posts\/64257\/revisions"}],"predecessor-version":[{"id":64258,"href":"https:\/\/edublog.educastur.es\/ixuxu\/wp-json\/wp\/v2\/posts\/64257\/revisions\/64258"}],"wp:attachment":[{"href":"https:\/\/edublog.educastur.es\/ixuxu\/wp-json\/wp\/v2\/media?parent=64257"}],"wp:term":[{"taxonomy":"category","embeddable":true,"href":"https:\/\/edublog.educastur.es\/ixuxu\/wp-json\/wp\/v2\/categories?post=64257"},{"taxonomy":"post_tag","embeddable":true,"href":"https:\/\/edublog.educastur.es\/ixuxu\/wp-json\/wp\/v2\/tags?post=64257"}],"curies":[{"name":"wp","href":"https:\/\/api.w.org\/{rel}","templated":true}]}}