{"id":64259,"date":"2025-12-24T08:40:12","date_gmt":"2025-12-24T06:40:12","guid":{"rendered":"https:\/\/edublog.educastur.es\/ixuxu\/?p=64259"},"modified":"2025-12-26T12:42:17","modified_gmt":"2025-12-26T10:42:17","slug":"64259","status":"publish","type":"post","link":"https:\/\/edublog.educastur.es\/ixuxu\/2025\/12\/64259\/","title":{"rendered":"Est\u00e1u del tiempu: mi\u00e9rcoles 24 d&#8217;avientu"},"content":{"rendered":"<div class=\"html-div xdj266r x14z9mp xat24cr x1lziwak xexx8yu xyri2b x18d9i69 x1c1uobl\">\n<div class=\"html-div xdj266r x14z9mp x1lziwak x18d9i69 x1cy8zhl x78zum5 x1q0g3np xod5an3 xz9dl7a x1g0dm76 xpdmqnj\">\n<div class=\"html-div xdj266r x14z9mp xat24cr x1lziwak xexx8yu xyri2b x18d9i69 x1c1uobl x1iyjqo2 xeuugli\">\n<div class=\"x78zum5 xdt5ytf xz62fqu x16ldp7u\">\n<div class=\"xu06os2 x1ok221b\">\n<div class=\"html-div xdj266r x14z9mp xat24cr x1lziwak xexx8yu xyri2b x18d9i69 x1c1uobl\" data-ad-rendering-role=\"profile_name\">\n<ul>\n<li id=\"_r_14p_\" class=\"html-h2 x14z9mp xat24cr x1lziwak xexx8yu xyri2b x18d9i69 x1c1uobl x1vvkbs x1heor9g x1qlqyl8 x1pd3egz x1a2a7pz x1gslohp x1yc453h\"><span class=\"x78zum5 x1q0g3np\"><span class=\"x1lliihq x6ikm8r x10wlt62 x1n2onr6 xlyipyv xuxw1ft\"><span class=\"xt0psk2\"><a class=\"x1i10hfl xjbqb8w x1ejq31n x18oe1m7 x1sy0etr xstzfhl x972fbf x10w94by x1qhh985 x14e42zd x9f619 x1ypdohk xt0psk2 x3ct3a4 xdj266r x14z9mp xat24cr x1lziwak xexx8yu xyri2b x18d9i69 x1c1uobl x16tdsg8 x1hl2dhg xggy1nq x1a2a7pz xkrqix3 x1sur9pj xzsf02u x1s688f\" role=\"link\" href=\"https:\/\/www.facebook.com\/eltiempuenasturies?__cft__[0]=AZawlpLKOyk0lkRNQnEi1aTrajPFY9rk0zJld88HzaZ_k-lMGtxDY1H44DE0zzfXkh9Ce5jkyJjy8Llk42QJG134dE5ins_YPub8Ikxq5njJQrJwMGPwLudLmW8NwaPRG3cTel1lcv67gmh_kZq-1PGlE88YE_8JheC-FF1SIzEnXyz0TeM-dFhKs1_CmXTKfZs&amp;__tn__=-UC%2CP-R\"><b class=\"html-b xdj266r x14z9mp xat24cr x1lziwak xexx8yu xyri2b x18d9i69 x1c1uobl x1hl2dhg x16tdsg8 x1vvkbs x1s688f\"><span class=\"html-span xdj266r x14z9mp xat24cr x1lziwak xexx8yu xyri2b x18d9i69 x1c1uobl x1hl2dhg x16tdsg8 x1vvkbs\">El Tiempu n&#8217;Asturies.<\/span><\/b><\/a><\/span><\/span><\/span><\/li>\n<li>Perguapa felicitaci\u00f3n que mos manda Tom\u00e1s Garc\u00eda dende la Ivernal.<\/li>\n<\/ul>\n<\/div>\n<\/div>\n<div class=\"xu06os2 x1ok221b\"><\/div>\n<\/div>\n<\/div>\n<\/div>\n<\/div>\n<div class=\"html-div xdj266r x14z9mp xat24cr x1lziwak xexx8yu xyri2b x18d9i69 x1c1uobl\">\n<div class=\"html-div xdj266r x14z9mp xat24cr x1lziwak xexx8yu xyri2b x18d9i69 x1c1uobl\" dir=\"auto\">\n<div class=\"html-div xdj266r x14z9mp xat24cr x1lziwak xexx8yu xyri2b x18d9i69 x1c1uobl\" data-ad-rendering-role=\"story_message\">\n<div id=\"_r_14r_\" class=\"x1l90r2v x1iorvi4 x1g0dm76 xpdmqnj\" data-ad-comet-preview=\"message\" data-ad-preview=\"message\">\n<div class=\"x78zum5 xdt5ytf xz62fqu x16ldp7u\">\n<div class=\"xu06os2 x1ok221b\">\n<div class=\"html-div xdj266r x14z9mp xat24cr x1lziwak xexx8yu xyri2b x18d9i69 x1c1uobl\">\n<div class=\"x14z9mp xat24cr x1lziwak x1vvkbs xtlvy1s x126k92a\">\n<div dir=\"auto\" style=\"text-align: center\">\n<!-- iframe plugin v.6.0 wordpress.org\/plugins\/iframe\/ -->\n<iframe loading=\"lazy\" src=\"https:\/\/www.facebook.com\/plugins\/post.php?href=https%3A%2F%2Fwww.facebook.com%2Feltiempuenasturies%2Fposts%2Fpfbid02jSjkRMzmpSfALW96xFuBByS8mHkgKqLJnq7UYCbChdsuo2FtT47icpaq4bztUPmkl&#038;show_text=false&#038;width=500\" width=\"500\" height=\"309\" style=\"border:none;overflow:hidden\" scrolling=\"no\" frameborder=\"0\" allowfullscreen=\"true\" allow=\"autoplay; clipboard-write; encrypted-media; picture-in-picture; web-share\" 0=\"\/iframe\" class=\"iframe-class\"><\/iframe>\n<\/div>\n<\/div>\n<div class=\"x14z9mp xat24cr x1lziwak x1vvkbs xtlvy1s x126k92a\">\n<ul>\n<li dir=\"auto\"><strong><span style=\"color: #008080\">Alborecemos<\/span><\/strong> col cielu nuboso y precipitaciones febles ya con unes temperatures que tan alrodiu de los 7\u00baC, rexistr\u00e1ndose nel puirtu Payeres -0,4\u00baC.<\/li>\n<\/ul>\n<\/div>\n<div class=\"x14z9mp xat24cr x1lziwak x1vvkbs xtlvy1s x126k92a\">\n<ul>\n<li dir=\"auto\"><strong><span style=\"color: #008080\">G\u00fcei<\/span> <\/strong>vamos tener el cielu mui nuboso con precipitaciones febles pero que puen ser persistentes, sobre too pela tarde cuando entamar\u00e1 a entrar aire fr\u00edu y baxar les temperatures, mentantu pela ma\u00f1ana la masa d&#8217;aire sedr\u00e1 dalgo m\u00e1s c\u00e1lida qu&#8217;estos d\u00edes anque malpenes lo vamos a notar, solo nos puertos de monta\u00f1a que durente unes hores estar\u00e1n en positivu pa tornar a baxar a baxu ceru pela tarde. L&#8217;aire sedr\u00e1 sele del norte-nord\u00e9s.<\/li>\n<\/ul>\n<p><!--more--><\/p>\n<\/div>\n<div class=\"x14z9mp xat24cr x1lziwak x1vvkbs xtlvy1s x126k92a\">\n<ul>\n<li dir=\"auto\"><strong><span style=\"color: #008080\">Ma\u00f1ana xueves<\/span><\/strong> vamos tener un d\u00eda mui fr\u00edu, probablemente&#8217;l Nadal m\u00e1s fr\u00edu de la \u00faltima d\u00e9cada que tampoco ye que faiga falta munchu, jijijj. Durante la ma\u00f1ana va tar el cielu mui nuboso ya tendremos precipitaciones de retenci\u00f3n que sedr\u00e1n febles ya intermitentes, sobre too alrodiu de los cordales monta\u00f1osos y sedr\u00e1n de nieve tan solu perriba de los 300-400m. Y\u00e1 pela tarde dir\u00e1 escamplando y xelando antes que camude&#8217;l d\u00eda. L&#8217;aire sedr\u00e1 del norte-nord\u00e9s sele en xeneral, pa quedar variable al finar el d\u00eda.<\/li>\n<\/ul>\n<\/div>\n<div class=\"x14z9mp xat24cr x1lziwak x1vvkbs xtlvy1s x126k92a\">\n<ul>\n<li dir=\"auto\"><strong><span style=\"color: #008080\">El vienres<\/span><\/strong> alboreceremos a baxu ceru na mayor parte d&#8217;Asturies y col cielu escampl\u00e1u, la llume del sol calecer\u00e1 dalgo al mediud\u00eda ell\u00ed onde entre, nel restu seguiremos teniendo un ambiente mui fr\u00edu.<\/li>\n<\/ul>\n<\/div>\n<div class=\"x14z9mp xat24cr x1lziwak x1vvkbs xtlvy1s x126k92a\">\n<ul>\n<li dir=\"auto\"><strong><span style=\"color: #008080\">El s\u00e1badu y domingu<\/span><\/strong> va tar poco nuboso o escampl\u00e1u con xelaes nuecherniegues, sobre too en zones d&#8217;iversi\u00f3n onde puen ser moderaes. A primera hora de la tarde y\u00e1 algamaremos los 10-11\u00baC pero al atapecer baxando de nuevu r\u00e1pidamente.<\/li>\n<\/ul>\n<\/div>\n<div class=\"x14z9mp xat24cr x1lziwak x1vvkbs xtlvy1s x126k92a\">\n<ul>\n<li dir=\"auto\"><strong><span style=\"color: #008080\">Hasta nueche vieya&#8217;l<\/span><\/strong> tiempu sedr\u00e1 pareciu, con escasa nubosid\u00e1 y xelaes nuecherniegues con ambiente fr\u00edu pero seliquino, a partir de a\u00f1u nuevu hai posibilidaes de que mos afeute una masa d&#8217;aire mui fr\u00edu viniente d&#8217;Europa onde por mor del bloqu\u00e9u anticicl\u00f3nicu sobre l&#8217;Atl\u00e1nticu d&#8217;estos d\u00edes va dir basculando parte del v\u00f3rtice polar sobre \u00e9lla. Y\u00e1 lu diremos viendo.<\/li>\n<\/ul>\n<\/div>\n<div class=\"x14z9mp xat24cr x1lziwak x1vvkbs xtlvy1s x126k92a\">\n<div dir=\"auto\">Que pas\u00e9is unes felices fiestes collacies ya collacios y que polo menos estos d\u00edes la bona xentea como vosotres cargu\u00e9is l&#8217;ambiente de bonos sentimientos y paz.<\/div>\n<div dir=\"auto\"><\/div>\n<\/div>\n<div class=\"x14z9mp xat24cr x1lziwak x1vvkbs xtlvy1s x126k92a\">\n<div dir=\"auto\"><\/div>\n<div dir=\"auto\"><\/div>\n<\/div>\n<\/div>\n<\/div>\n<\/div>\n<\/div>\n<\/div>\n<\/div>\n<\/div>\n<p>&nbsp;<\/p>\n","protected":false},"excerpt":{"rendered":"<p>El Tiempu n&#8217;Asturies. Perguapa felicitaci\u00f3n que mos manda Tom\u00e1s Garc\u00eda dende la Ivernal. Alborecemos col cielu nuboso y precipitaciones febles ya con unes temperatures que tan alrodiu de los 7\u00baC, rexistr\u00e1ndose nel puirtu Payeres -0,4\u00baC. G\u00fcei vamos tener el cielu mui nuboso con precipitaciones febles pero que puen ser persistentes, sobre too pela tarde cuando [&hellip;]<\/p>\n","protected":false},"author":117,"featured_media":0,"comment_status":"closed","ping_status":"closed","sticky":false,"template":"","format":"standard","meta":{"footnotes":""},"categories":[5],"tags":[],"class_list":["post-64259","post","type-post","status-publish","format-standard","hentry","category-tiempu"],"_links":{"self":[{"href":"https:\/\/edublog.educastur.es\/ixuxu\/wp-json\/wp\/v2\/posts\/64259","targetHints":{"allow":["GET"]}}],"collection":[{"href":"https:\/\/edublog.educastur.es\/ixuxu\/wp-json\/wp\/v2\/posts"}],"about":[{"href":"https:\/\/edublog.educastur.es\/ixuxu\/wp-json\/wp\/v2\/types\/post"}],"author":[{"embeddable":true,"href":"https:\/\/edublog.educastur.es\/ixuxu\/wp-json\/wp\/v2\/users\/117"}],"replies":[{"embeddable":true,"href":"https:\/\/edublog.educastur.es\/ixuxu\/wp-json\/wp\/v2\/comments?post=64259"}],"version-history":[{"count":3,"href":"https:\/\/edublog.educastur.es\/ixuxu\/wp-json\/wp\/v2\/posts\/64259\/revisions"}],"predecessor-version":[{"id":64262,"href":"https:\/\/edublog.educastur.es\/ixuxu\/wp-json\/wp\/v2\/posts\/64259\/revisions\/64262"}],"wp:attachment":[{"href":"https:\/\/edublog.educastur.es\/ixuxu\/wp-json\/wp\/v2\/media?parent=64259"}],"wp:term":[{"taxonomy":"category","embeddable":true,"href":"https:\/\/edublog.educastur.es\/ixuxu\/wp-json\/wp\/v2\/categories?post=64259"},{"taxonomy":"post_tag","embeddable":true,"href":"https:\/\/edublog.educastur.es\/ixuxu\/wp-json\/wp\/v2\/tags?post=64259"}],"curies":[{"name":"wp","href":"https:\/\/api.w.org\/{rel}","templated":true}]}}