{"id":64263,"date":"2025-12-26T12:43:24","date_gmt":"2025-12-26T10:43:24","guid":{"rendered":"https:\/\/edublog.educastur.es\/ixuxu\/?p=64263"},"modified":"2025-12-26T12:45:43","modified_gmt":"2025-12-26T10:45:43","slug":"64263","status":"publish","type":"post","link":"https:\/\/edublog.educastur.es\/ixuxu\/2025\/12\/64263\/","title":{"rendered":"La coordinaci\u00f3n del bienestar escolar n&#8217;Asturies"},"content":{"rendered":"<p style=\"text-align: center\"><a href=\"https:\/\/s2.ppllstatics.com\/elcomercio\/www\/multimedia\/2025\/12\/25\/coordinador-bienestar-asturias-R1ngwP0ZrDBJdbuCjQiDL5N-1200x840@El%20Comercio.jpg\"><img loading=\"lazy\" decoding=\"async\" class=\"aligncenter size-large\" src=\"https:\/\/s2.ppllstatics.com\/elcomercio\/www\/multimedia\/2025\/12\/25\/coordinador-bienestar-asturias-R1ngwP0ZrDBJdbuCjQiDL5N-1200x840@El%20Comercio.jpg\" width=\"1200\" height=\"840\" \/><\/a><\/p>\n<p>El Princip\u00e1u d&#8217;Asturies nun llogra consolidar la figura del coordinador de bienestar. La figura p\u00fasose en marcha nel cursu 2022-2023 coles mires de garantizar la protecci\u00f3n del alumn\u00e1u primero de too tipu de violencia. <a href=\"https:\/\/www.elcomercio.es\/asturias\/principado-asturias-coordinador-bienestar-20251225215041-nt.html\">El Comercio<\/a>\u00abA partir del pr\u00f3ximu cursu va esistir la figura de coordinador de bienestar infantil en cada escuela o centru educativu d&#8217;ociu y deporte.<\/p>\n","protected":false},"excerpt":{"rendered":"<p>El Princip\u00e1u d&#8217;Asturies nun llogra consolidar la figura del coordinador de bienestar. La figura p\u00fasose en marcha nel cursu 2022-2023 coles mires de garantizar la protecci\u00f3n del alumn\u00e1u primero de too tipu de violencia. El Comercio\u00abA partir del pr\u00f3ximu cursu va esistir la figura de coordinador de bienestar infantil en cada escuela o centru educativu [&hellip;]<\/p>\n","protected":false},"author":117,"featured_media":0,"comment_status":"closed","ping_status":"closed","sticky":false,"template":"","format":"standard","meta":{"footnotes":""},"categories":[132],"tags":[],"class_list":["post-64263","post","type-post","status-publish","format-standard","hentry","category-educastur"],"_links":{"self":[{"href":"https:\/\/edublog.educastur.es\/ixuxu\/wp-json\/wp\/v2\/posts\/64263","targetHints":{"allow":["GET"]}}],"collection":[{"href":"https:\/\/edublog.educastur.es\/ixuxu\/wp-json\/wp\/v2\/posts"}],"about":[{"href":"https:\/\/edublog.educastur.es\/ixuxu\/wp-json\/wp\/v2\/types\/post"}],"author":[{"embeddable":true,"href":"https:\/\/edublog.educastur.es\/ixuxu\/wp-json\/wp\/v2\/users\/117"}],"replies":[{"embeddable":true,"href":"https:\/\/edublog.educastur.es\/ixuxu\/wp-json\/wp\/v2\/comments?post=64263"}],"version-history":[{"count":3,"href":"https:\/\/edublog.educastur.es\/ixuxu\/wp-json\/wp\/v2\/posts\/64263\/revisions"}],"predecessor-version":[{"id":64266,"href":"https:\/\/edublog.educastur.es\/ixuxu\/wp-json\/wp\/v2\/posts\/64263\/revisions\/64266"}],"wp:attachment":[{"href":"https:\/\/edublog.educastur.es\/ixuxu\/wp-json\/wp\/v2\/media?parent=64263"}],"wp:term":[{"taxonomy":"category","embeddable":true,"href":"https:\/\/edublog.educastur.es\/ixuxu\/wp-json\/wp\/v2\/categories?post=64263"},{"taxonomy":"post_tag","embeddable":true,"href":"https:\/\/edublog.educastur.es\/ixuxu\/wp-json\/wp\/v2\/tags?post=64263"}],"curies":[{"name":"wp","href":"https:\/\/api.w.org\/{rel}","templated":true}]}}