{"id":64291,"date":"2025-12-26T13:56:53","date_gmt":"2025-12-26T11:56:53","guid":{"rendered":"https:\/\/edublog.educastur.es\/ixuxu\/?p=64291"},"modified":"2025-12-26T14:09:53","modified_gmt":"2025-12-26T12:09:53","slug":"les-sensaciones-y-emociones-del-arte-con-identida-asturiana-en-tiempos-de-la-ia","status":"publish","type":"post","link":"https:\/\/edublog.educastur.es\/ixuxu\/2025\/12\/les-sensaciones-y-emociones-del-arte-con-identida-asturiana-en-tiempos-de-la-ia\/","title":{"rendered":"Les sensaciones y emociones del arte con identid\u00e1 asturiana en tiempos de la IA."},"content":{"rendered":"<p>Les sensaciones y emociones del arte con identid\u00e1 asturiana en tiempos de la IA. Cinco artistes asturianes o residentes n&#8217;Asturies comparten la so esperiencia sobro la importancia del apueste por realizar les sos creaciones nel territoriu local y la so visi\u00f3n sobro&#8217;l futuru del oficiu. <a href=\"https:\/\/www.eldiario.es\/asturias\/sensaciones-emociones-arte-identidad-asturiana-tiempos-ia_1_12868770.html?fbclid=IwY2xjawO7Vu1leHRuA2FlbQIxMQBzcnRjBmFwcF9pZBAyMjIwMzkxNzg4MjAwODkyAAEeqL73N4zKcSzZYMGegeD12Qzh80x9H4ejWz8aAsT2_grGJcSgytndfHBS0GY_aem_EnRTwe9G6EA4Bjk0mA7-qw\">El Diario<\/a> \/<br \/>\n<a href=\"https:\/\/static.eldiario.es\/clip\/c07e32ef-539f-4f15-a255-1aab2945f47a_16-9-discover-aspect-ratio_default_0.webp\"><br \/>\n<img loading=\"lazy\" decoding=\"async\" class=\"aligncenter size-large\" src=\"https:\/\/static.eldiario.es\/clip\/c07e32ef-539f-4f15-a255-1aab2945f47a_16-9-discover-aspect-ratio_default_0.webp\" width=\"1200\" height=\"675\" \/><\/a><\/p>\n<p><!--more--><\/p>\n<p>Una hestoria en redes sociales compartiendo una ilustraci\u00f3n at\u00e9lite, un mercad\u00edn con ll\u00e1mines pintaes a mano, un puestu nes fiestes del Descensu de Llaviana&#8217; al llau de la m\u00fasica m\u00e1s tradicional de la zona, un gran eventu en Xix\u00f3n como&#8217;l &#8216;Lab Shop&#8217; para amosar qu\u00e9 ufierten los talentos d&#8217;arte local y ll\u00e1mines qu&#8217;acompa\u00f1aes d&#8217;una preciosa imaxe amuesen palabres asturianes qu&#8217;usaben les nueses g\u00fceles o que nos recuerden que \u201cAsturies nun enti\u00e9ndese ensin la mina\u201d.<\/p>\n<p><strong>Son les creaciones de cinco artistes asturianes o que moren nel Princip\u00e1u que, cola so profesionalid\u00e1 orixinalid\u00e1, tresmiten sensaciones y emociones nos tiempos de la Intelixencia Artificial (IA). <\/strong>Nieves Gonz\u00e1lez (&#8216;Nieve Sita&#8217;, nos sos perfiles de redes sociales), Mar\u00eda Ortiz Iglesias, Ana Cachafeiro, Agustina Palacios Machado y Celia Pandiella compartieron la so esperiencia con Eldiario.es Asturies.<\/p>\n<p>&nbsp;<\/p>\n<p><strong>Nieves Gonz\u00e1le<\/strong>z, conocida como &#8216;Nieve *Sita&#8217; nel so perfil de redes sociales, ye una muyer que gan\u00f3 muncha visibilid\u00e1 nos \u00faltimos a\u00f1os col so apueste pola llingua asturiana y por honrar a les tradiciones de la tierrina. Y tar faciendo con \u00e9situ.<\/p>\n<p style=\"text-align: center\"><a href=\"https:\/\/static.eldiario.es\/clip\/a04770f1-fe4e-4eb6-8b36-a38fcd4eec02_16-9-discover-aspect-ratio_default_0.webp\"><img loading=\"lazy\" decoding=\"async\" class=\"aligncenter size-large\" src=\"https:\/\/static.eldiario.es\/clip\/a04770f1-fe4e-4eb6-8b36-a38fcd4eec02_16-9-discover-aspect-ratio_default_0.webp\" width=\"1200\" height=\"675\" \/><\/a><\/p>\n<p>Nieves Gonz\u00e1lez, &#8216;Nieve Sita&#8217; nel so perfil de redes sociales. Cunta que quiciabes esta bona acoyida que tienen les sos creaciones d\u00e9bense a qu&#8217;ella percibe les necesidaes de la socied\u00e1 de buscar un pocu los raiga\u00f1os y \u201clo particular\u201d. Y argum\u00e9ntalo: \u201c<em>si dexamos llevar por esta globalizaci\u00f3n a la fin acabamos perdiendo la identid\u00e1, d&#8217;ende creo que vien un pocu l&#8217;\u00e9situ de lo local y lo \u00fanico\u201d.<\/em><\/p>\n<p>Compaxinar actividaes. Ella nun vive solo del arte. Ded\u00edcase a la educaci\u00f3n y compaxinar dambes actividaes dalu una estabilid\u00e1. Les redes sociales fueron un gran escaparate del so trabayu y munches persones enc\u00e1rguen-y les so creaciones pero reconoz que \u201cvivir del arte n&#8217;Asturies (o en cualesquier parte) ye posible pero bien complic\u00e1u ya inestable, depende tami\u00e9n enforma de modes, de contactos\u201d.<\/p>\n<p>Nieve Gonz\u00e1lez ye una artista comprometida y, na imaxe qu&#8217;acompa\u00f1a a esti reportaxe, puede vese el so llau m\u00e1s solidariu, al realizar un cartelu en sofitu a &#8216;Los Seis de La Suiza&#8217;.<\/p>\n<p><strong>Mar\u00eda Ortiz <\/strong>Mar\u00eda Ortiz Iglesias ye ilustradora y cree que la parte positiva del so oficiu ye que-y dexa vivir n&#8217;Asturies, ser artista y cuntar con veceros de cualesquier parte del mundu. Asegura qu&#8217;en \u201cla figura d&#8217;ilustradora\u201d ye onde puede dar rienda suelta a la so creaci\u00f3n y compaxinala cola so otra activid\u00e1 llaboral na Escuela d&#8217;Arte d&#8217;Uvi\u00e9u.<\/p>\n<p>Forma parte d&#8217;APIAS, l&#8217;asociaci\u00f3n de profesionales d&#8217;ilustraciones n&#8217;Asturies, que foi creada en 2024, y onde los sos integrantes\u00a0 ded\u00edcase a dar m\u00e1s visibilid\u00e1 a artistes en diversos espacios. Ortiz siente qu&#8217;estes iniciatives van dando m\u00e1s visibilid\u00e1 al arte local. Gracies a el so trabayu como profesora d&#8217;otros artistes reconoz qu&#8217;atopa enforma talentu nuevo.<\/p>\n<p style=\"text-align: center\"><a href=\"https:\/\/static.eldiario.es\/clip\/b3b56d3c-4267-4b72-adaf-20923ed989de_1-1-aspect-ratio_default_0.webp\"><img loading=\"lazy\" decoding=\"async\" class=\"aligncenter size-large\" src=\"https:\/\/static.eldiario.es\/clip\/b3b56d3c-4267-4b72-adaf-20923ed989de_1-1-aspect-ratio_default_0.webp\" width=\"450\" height=\"450\" \/><\/a><\/p>\n<p>Una de les obres de l&#8217;artista Ana Cachafeiro.<\/p>\n<p><strong>Ana Cachafeiro<\/strong> empez\u00f3 la so formaci\u00f3n n&#8217;arte en 1998 y nun par\u00f3 dende ent\u00f3s. La so primer exhibici\u00f3n fora d&#8217;Uvi\u00e9u foi nel so propiu pueblu na cuenca minera, na Sierra del Trabanqu\u00edn, un eventu qu&#8217;entamaba Manolo, de &#8216;Nuberu&#8217;.<\/p>\n<p>Ella resalta la enorme importancia del arte para la tradici\u00f3n y cultura d&#8217;Asturies: \u201cSiempres esisti\u00f3 la figura del artesanu. Forma parte de la nuesa cultura como pueblu y de los nuesos raiga\u00f1os. Dende la orfebrer\u00eda celta hasta la ebanister\u00eda presente na arquitectura tradicional, como los horros, o los tex\u00edos de los traxes de baille, el trabayu artesanal tuvo siempres amest\u00e1u a la nuesa identid\u00e1\u201d.<\/p>\n<p>L&#8217;apueste pola creaci\u00f3n local. Ana Cachafeiro considera que \u201capostar pol arte y la creaci\u00f3n local ye,a \u00faltima hora, una manera de caltener la nuesa hestoria, la nuesa cultura y la nuesa manera de ser\u201d.<\/p>\n<p>Al so xuiciu, Asturies siempres tuvo ciertu mieu a la so propia riqueza: a la so llingua, a la so identid\u00e1 y a la so capacid\u00e1 creativa, anque cree qu&#8217;esta idea adulces ta camudando. Y destaca qu&#8217;angua\u00f1o \u201cesisten numberosos colectivos, cases sociales y sales onde esponer y hai talentu de sobra\u201d.<\/p>\n<p style=\"text-align: center\"><a href=\"https:\/\/static.eldiario.es\/clip\/93584fcb-5b9f-4f3b-92b1-d4e98cd6abd3_16-9-discover-aspect-ratio_default_0.webp\"><img loading=\"lazy\" decoding=\"async\" class=\"aligncenter size-large\" src=\"https:\/\/static.eldiario.es\/clip\/93584fcb-5b9f-4f3b-92b1-d4e98cd6abd3_16-9-discover-aspect-ratio_default_0.webp\" width=\"1200\" height=\"675\" \/><\/a><\/p>\n<p>Una creaci\u00f3n d&#8217;Agustina Palacios.<\/p>\n<p><strong>Agustina Palacios Machado<\/strong> ye d&#8217;Arxentina. Lleva n&#8217;Asturies dende empiezos de 2024 y y\u00e1 consigui\u00f3 faese un buecu na rex\u00f3n, coles sos creaciones, gracies a les sos collaboraciones con propuestes culturales de distintes asociaciones. Valora la importancia de tener una identid\u00e1 s\u00f3lida y un productu curiosu y insertable nel merc\u00e1u.<\/p>\n<p>Consumir artesan\u00eda local. Agustina Palacios ye optimista sobro&#8217;l panorama actual del arte, porque repar\u00f3 que \u201cla xente ta acostumada a consumir artesan\u00eda local, lo qu&#8217;abre les puertes a los artistes de distintes disciplines a vender y a que diversos espacios, centros, chigres ya instituciones entamen mercaos. Asina se pluraliza la ufierta faciendo que l&#8217;arte s\u00eda daqu\u00e9 accesible\u201d.<\/p>\n<p>La so esperiencia demu\u00e9stralu qu&#8217;hai munchos llugares que son receptivos a recibir propuestes y collaborar viviegamente colos artistes.<\/p>\n<p style=\"text-align: center\"><a href=\"https:\/\/static.eldiario.es\/clip\/55015364-91c5-4632-aecc-4347f5426c00_16-9-discover-aspect-ratio_default_0.webp\"><img loading=\"lazy\" decoding=\"async\" class=\"aligncenter size-large\" src=\"https:\/\/static.eldiario.es\/clip\/55015364-91c5-4632-aecc-4347f5426c00_16-9-discover-aspect-ratio_default_0.webp\" width=\"1200\" height=\"675\" \/><\/a><\/p>\n<p>Celia Pandiella xuntu a una de les sos obres.<\/p>\n<p><strong>Celia Pandiella<\/strong> reconoz que&#8217;l trabayu de los artistes cada vez tien xuna meyor acoyida y cree que ye deb\u00edu en gran parte gracies al trabayu d&#8217;asociaciones, espacios y proyectos qu&#8217;apuesten viviegamente polos artistes locales, entamando esposiciones y alcuentros qu&#8217;averen l&#8217;arte a la xente d&#8217;una forma m\u00e1s accesible y cercana.<\/p>\n<p>Desque decidi\u00f3 dedicase a la so pasi\u00f3n pudo constatar la importancia de disponer d&#8217;estos espacios m\u00e1s atentos, onde pueden esplicase los procesos y normalizar la idea de que l&#8217;arte puede formar parte de la vida cotidiana, non solo de grandes galer\u00edes.<\/p>\n","protected":false},"excerpt":{"rendered":"<p>Les sensaciones y emociones del arte con identid\u00e1 asturiana en tiempos de la IA. Cinco artistes asturianes o residentes n&#8217;Asturies comparten la so esperiencia sobro la importancia del apueste por realizar les sos creaciones nel territoriu local y la so visi\u00f3n sobro&#8217;l futuru del oficiu. El Diario \/<\/p>\n","protected":false},"author":117,"featured_media":0,"comment_status":"closed","ping_status":"closed","sticky":false,"template":"","format":"standard","meta":{"footnotes":""},"categories":[89],"tags":[],"class_list":["post-64291","post","type-post","status-publish","format-standard","hentry","category-arte"],"_links":{"self":[{"href":"https:\/\/edublog.educastur.es\/ixuxu\/wp-json\/wp\/v2\/posts\/64291","targetHints":{"allow":["GET"]}}],"collection":[{"href":"https:\/\/edublog.educastur.es\/ixuxu\/wp-json\/wp\/v2\/posts"}],"about":[{"href":"https:\/\/edublog.educastur.es\/ixuxu\/wp-json\/wp\/v2\/types\/post"}],"author":[{"embeddable":true,"href":"https:\/\/edublog.educastur.es\/ixuxu\/wp-json\/wp\/v2\/users\/117"}],"replies":[{"embeddable":true,"href":"https:\/\/edublog.educastur.es\/ixuxu\/wp-json\/wp\/v2\/comments?post=64291"}],"version-history":[{"count":7,"href":"https:\/\/edublog.educastur.es\/ixuxu\/wp-json\/wp\/v2\/posts\/64291\/revisions"}],"predecessor-version":[{"id":64298,"href":"https:\/\/edublog.educastur.es\/ixuxu\/wp-json\/wp\/v2\/posts\/64291\/revisions\/64298"}],"wp:attachment":[{"href":"https:\/\/edublog.educastur.es\/ixuxu\/wp-json\/wp\/v2\/media?parent=64291"}],"wp:term":[{"taxonomy":"category","embeddable":true,"href":"https:\/\/edublog.educastur.es\/ixuxu\/wp-json\/wp\/v2\/categories?post=64291"},{"taxonomy":"post_tag","embeddable":true,"href":"https:\/\/edublog.educastur.es\/ixuxu\/wp-json\/wp\/v2\/tags?post=64291"}],"curies":[{"name":"wp","href":"https:\/\/api.w.org\/{rel}","templated":true}]}}