{"id":64311,"date":"2025-12-26T15:26:22","date_gmt":"2025-12-26T13:26:22","guid":{"rendered":"https:\/\/edublog.educastur.es\/ixuxu\/?p=64311"},"modified":"2025-12-27T19:34:10","modified_gmt":"2025-12-27T17:34:10","slug":"inauguracion-de-la-esposicion-paseu-botanicu-entel-verdor-la-naturaleza-na-obra-de-fernan-coronas","status":"publish","type":"post","link":"https:\/\/edublog.educastur.es\/ixuxu\/2025\/12\/inauguracion-de-la-esposicion-paseu-botanicu-entel-verdor-la-naturaleza-na-obra-de-fernan-coronas\/","title":{"rendered":"Inauguraci\u00f3n de la esposici\u00f3n &#8216;Pas\u00e9u bot\u00e1nicu ente&#8217;l verdor: la naturaleza na obra de Fern\u00e1n-Coronas&#8217;"},"content":{"rendered":"<p class=\"font-size-xxl margin-b-5 font-weight-b color-b-050 letter-spacing--1 fuente-corporativa\"><a href=\"https:\/\/www.rtpa.es\/noticias-sociedad-ast\/2025-12-26\/Inauguracion-de-la-esposicion-'Paseu-botanicu-ente'l-verdor:-la-naturaleza-na-obra-de-Fernan-Coronas'_111766741676.html\">Inauguraci\u00f3n de la esposici\u00f3n &#8216;Pas\u00e9u bot\u00e1nicu ente&#8217;l verdor: la naturaleza na obra de Fern\u00e1n-Coronas&#8217;.\u00a0<\/a><\/p>\n<p style=\"text-align: center\"><a href=\"https:\/\/www.rtpa.es\/fotos\/\/25\/12\/20251226101815_RTPA7515874.webp\"><img loading=\"lazy\" decoding=\"async\" class=\"aligncenter size-large\" src=\"https:\/\/www.rtpa.es\/fotos\/\/25\/12\/20251226101815_RTPA7515874.webp\" width=\"853\" height=\"480\" \/><\/a><\/p>\n<p class=\"font-size-m padding-b-20 font-weight-b margin-t-16\">Un pas\u00e9u bot\u00e1nicu pelos xardinos de La Fonte Baixa lleendo fragmentos de los poemes del Padre Galo. G\u00fcei a les 12:00 inaug\u00farase la esposici\u00f3n &#8216;Pas\u00e9u bot\u00e1nicu ente&#8217;l verdor: la naturaleza na obra de Fern\u00e1n-Coronas&#8217;. Un pas\u00e9u bot\u00e1nicu que va percorrer los xardinos de La Fonte Baixa, en L.luarca, lleendo fragmentos de los poemes del Padre Galo. <a href=\"https:\/\/actualidad.asturias.es\/-\/cultura-promociona-el-legado-de-fern\u00e1n-coronas-y-colabora-con-la-integraci\u00f3n-de-sus-poemas-en-el-jard\u00edn-de-la-fonte-baxa-en-vald\u00e9s?redirect=%2Fnoticias\">Actualid\u00e1<\/a><\/p>\n<p><!--more--><\/p>\n<p>Los visitantes van recibir un folletu col mapa onde se marquen los 12 puntos de la visita. Puntos que formen parte fundamental de la obra del poeta.<\/p>\n<p>A la inauguraci\u00f3n va asistir la conseyera de Cultura, Pol\u00edtica Lling\u00fc\u00edstica y Deporte, Vanessa Guti\u00e9rrez, el director xeneral d&#8217;Acci\u00f3n Cultural y Normalizaci\u00f3n Lling\u00fc\u00edstica, Ant\u00f3n Garc\u00eda, y miembros de la Universid\u00e1 d&#8217;Uvi\u00e9u y del Conceyu de Vald\u00e9s.<\/p>\n<p style=\"text-align: center\">\n<!-- iframe plugin v.6.0 wordpress.org\/plugins\/iframe\/ -->\n<iframe loading=\"lazy\" src=\"https:\/\/www.facebook.com\/plugins\/video.php?height=476&#038;href=https%3A%2F%2Fwww.facebook.com%2Freel%2F1201944431365788%2F&#038;show_text=false&#038;width=476&#038;t=0\" width=\"476\" height=\"476\" style=\"border:none;overflow:hidden\" scrolling=\"no\" frameborder=\"0\" allowfullscreen=\"true\" allow=\"autoplay; clipboard-write; encrypted-media; picture-in-picture; web-share\" 0=\"\/iframe\" class=\"iframe-class\"><\/iframe>\n<\/p>\n<p>Vald\u00e9s estrena nel Bosque-Xard\u00edn de la Fonte Baxa una ruta lliteraria dedic\u00e1 al Padre Galo que xune poes\u00eda y bot\u00e1nica. <span class=\"html-span xexx8yu xyri2b x18d9i69 x1c1uobl x1hl2dhg x16tdsg8 x1vvkbs x3nfvp2 x1j61x8r x1fcty0u xdj266r xat24cr xm2jcoa x1mpyi22 xxymvpz xlup9mm x1kky2od\"><img loading=\"lazy\" decoding=\"async\" class=\"xz74otr x15mokao x1ga7v0g x16uus16 xbiv7yw\" src=\"https:\/\/static.xx.fbcdn.net\/images\/emoji.php\/v9\/t1e\/1\/16\/1f33f.png\" alt=\"\ud83c\udf3f\" width=\"16\" height=\"16\" \/><\/span><span class=\"html-span xexx8yu xyri2b x18d9i69 x1c1uobl x1hl2dhg x16tdsg8 x1vvkbs x3nfvp2 x1j61x8r x1fcty0u xdj266r xat24cr xm2jcoa x1mpyi22 xxymvpz xlup9mm x1kky2od\"><img loading=\"lazy\" decoding=\"async\" class=\"xz74otr x15mokao x1ga7v0g x16uus16 xbiv7yw\" src=\"https:\/\/static.xx.fbcdn.net\/images\/emoji.php\/v9\/t9e\/1\/16\/1f4d6.png\" alt=\"\ud83d\udcd6\" width=\"16\" height=\"16\" \/><\/span> <span class=\"html-span xdj266r x14z9mp xat24cr x1lziwak xexx8yu xyri2b x18d9i69 x1c1uobl x1hl2dhg x16tdsg8 x1vvkbs\"><a class=\"x1i10hfl xjbqb8w x1ejq31n x18oe1m7 x1sy0etr xstzfhl x972fbf x10w94by x1qhh985 x14e42zd x9f619 x1ypdohk xt0psk2 x3ct3a4 xdj266r x14z9mp xat24cr x1lziwak xexx8yu xyri2b x18d9i69 x1c1uobl x16tdsg8 x1hl2dhg xggy1nq x1a2a7pz xkrqix3 x1sur9pj x1fey0fg x1s688f\" role=\"link\" href=\"https:\/\/www.facebook.com\/hashtag\/cultura?__eep__=6&amp;__cft__[0]=AZZd61AmEGe15K7b3UMV0ukHLu96Hx0MlUAKSm_p4UDHWm94mNT5dSpBUu9rfPF3KOzuQtwyagyTFlI8876VB3K71D1KAMOc1wwxy6QsurIyVtcrbk6OAvLnikvdudjgQHmigGGJ78LPQdxQYXfvz9WMwOYSh-ODrNzUg7_fbr0jpPIQ73h7KObRWVv2ndzZiNUWI9KxxkE7l0hAB3mu86WT&amp;__tn__=*NK-y-R\">#Cultura<\/a><\/span> <span class=\"html-span xdj266r x14z9mp xat24cr x1lziwak xexx8yu xyri2b x18d9i69 x1c1uobl x1hl2dhg x16tdsg8 x1vvkbs\"><a class=\"x1i10hfl xjbqb8w x1ejq31n x18oe1m7 x1sy0etr xstzfhl x972fbf x10w94by x1qhh985 x14e42zd x9f619 x1ypdohk xt0psk2 x3ct3a4 xdj266r x14z9mp xat24cr x1lziwak xexx8yu xyri2b x18d9i69 x1c1uobl x16tdsg8 x1hl2dhg xggy1nq x1a2a7pz xkrqix3 x1sur9pj x1fey0fg x1s688f\" role=\"link\" href=\"https:\/\/www.facebook.com\/hashtag\/vald%C3%A9s?__eep__=6&amp;__cft__[0]=AZZd61AmEGe15K7b3UMV0ukHLu96Hx0MlUAKSm_p4UDHWm94mNT5dSpBUu9rfPF3KOzuQtwyagyTFlI8876VB3K71D1KAMOc1wwxy6QsurIyVtcrbk6OAvLnikvdudjgQHmigGGJ78LPQdxQYXfvz9WMwOYSh-ODrNzUg7_fbr0jpPIQ73h7KObRWVv2ndzZiNUWI9KxxkE7l0hAB3mu86WT&amp;__tn__=*NK-y-R\">#Vald\u00e9s<\/a><\/span> <span class=\"html-span xdj266r x14z9mp xat24cr x1lziwak xexx8yu xyri2b x18d9i69 x1c1uobl x1hl2dhg x16tdsg8 x1vvkbs\"><a class=\"x1i10hfl xjbqb8w x1ejq31n x18oe1m7 x1sy0etr xstzfhl x972fbf x10w94by x1qhh985 x14e42zd x9f619 x1ypdohk xt0psk2 x3ct3a4 xdj266r x14z9mp xat24cr x1lziwak xexx8yu xyri2b x18d9i69 x1c1uobl x16tdsg8 x1hl2dhg xggy1nq x1a2a7pz xkrqix3 x1sur9pj x1fey0fg x1s688f\" role=\"link\" href=\"https:\/\/www.facebook.com\/hashtag\/turismo?__eep__=6&amp;__cft__[0]=AZZd61AmEGe15K7b3UMV0ukHLu96Hx0MlUAKSm_p4UDHWm94mNT5dSpBUu9rfPF3KOzuQtwyagyTFlI8876VB3K71D1KAMOc1wwxy6QsurIyVtcrbk6OAvLnikvdudjgQHmigGGJ78LPQdxQYXfvz9WMwOYSh-ODrNzUg7_fbr0jpPIQ73h7KObRWVv2ndzZiNUWI9KxxkE7l0hAB3mu86WT&amp;__tn__=*NK-y-R\">#Turismo<\/a><\/span><\/p>\n<p style=\"text-align: center\"><a href=\"https:\/\/actualidad.asturias.es\/documents\/537115\/2999890\/2025_12_26+Fonte+Baxa+8.jpeg\/1fa0b013-ea63-138e-51ba-82e147c18c32?t=1766762386349\"><img loading=\"lazy\" decoding=\"async\" class=\"aligncenter size-large\" src=\"https:\/\/actualidad.asturias.es\/documents\/537115\/2999890\/2025_12_26+Fonte+Baxa+8.jpeg\/1fa0b013-ea63-138e-51ba-82e147c18c32?t=1766762386349\" width=\"1600\" height=\"1200\" \/><\/a><\/p>\n<p style=\"text-align: center\">\n<!-- iframe plugin v.6.0 wordpress.org\/plugins\/iframe\/ -->\n<iframe loading=\"lazy\" src=\"https:\/\/www.facebook.com\/plugins\/post.php?href=https%3A%2F%2Fwww.facebook.com%2Fphoto.php%3Ffbid%3D1469358958525715%26set%3Da.516691693792451%26type%3D3&#038;show_text=false&#038;width=500\" width=\"500\" height=\"767\" style=\"border:none;overflow:hidden\" scrolling=\"no\" frameborder=\"0\" allowfullscreen=\"true\" allow=\"autoplay; clipboard-write; encrypted-media; picture-in-picture; web-share\" 0=\"\/iframe\" class=\"iframe-class\"><\/iframe>\n<\/p>\n<p style=\"text-align: center\"><a href=\"https:\/\/actualidad.asturias.es\/documents\/537115\/2999786\/2025_12_26+Fonte+Baxa+5.jpeg\/8032be58-26d2-a803-f87a-e3420e25b0b5?t=1766761675008\"><img loading=\"lazy\" decoding=\"async\" class=\"aligncenter size-large\" src=\"https:\/\/actualidad.asturias.es\/documents\/537115\/2999786\/2025_12_26+Fonte+Baxa+5.jpeg\/8032be58-26d2-a803-f87a-e3420e25b0b5?t=1766761675008\" width=\"1600\" height=\"1200\" \/><\/a><\/p>\n","protected":false},"excerpt":{"rendered":"<p>Inauguraci\u00f3n de la esposici\u00f3n &#8216;Pas\u00e9u bot\u00e1nicu ente&#8217;l verdor: la naturaleza na obra de Fern\u00e1n-Coronas&#8217;.\u00a0 Un pas\u00e9u bot\u00e1nicu pelos xardinos de La Fonte Baixa lleendo fragmentos de los poemes del Padre Galo. G\u00fcei a les 12:00 inaug\u00farase la esposici\u00f3n &#8216;Pas\u00e9u bot\u00e1nicu ente&#8217;l verdor: la naturaleza na obra de Fern\u00e1n-Coronas&#8217;. Un pas\u00e9u bot\u00e1nicu que va percorrer los [&hellip;]<\/p>\n","protected":false},"author":117,"featured_media":0,"comment_status":"closed","ping_status":"closed","sticky":false,"template":"","format":"standard","meta":{"footnotes":""},"categories":[32,14],"tags":[],"class_list":["post-64311","post","type-post","status-publish","format-standard","hentry","category-escritores","category-esposiciones"],"_links":{"self":[{"href":"https:\/\/edublog.educastur.es\/ixuxu\/wp-json\/wp\/v2\/posts\/64311","targetHints":{"allow":["GET"]}}],"collection":[{"href":"https:\/\/edublog.educastur.es\/ixuxu\/wp-json\/wp\/v2\/posts"}],"about":[{"href":"https:\/\/edublog.educastur.es\/ixuxu\/wp-json\/wp\/v2\/types\/post"}],"author":[{"embeddable":true,"href":"https:\/\/edublog.educastur.es\/ixuxu\/wp-json\/wp\/v2\/users\/117"}],"replies":[{"embeddable":true,"href":"https:\/\/edublog.educastur.es\/ixuxu\/wp-json\/wp\/v2\/comments?post=64311"}],"version-history":[{"count":6,"href":"https:\/\/edublog.educastur.es\/ixuxu\/wp-json\/wp\/v2\/posts\/64311\/revisions"}],"predecessor-version":[{"id":64386,"href":"https:\/\/edublog.educastur.es\/ixuxu\/wp-json\/wp\/v2\/posts\/64311\/revisions\/64386"}],"wp:attachment":[{"href":"https:\/\/edublog.educastur.es\/ixuxu\/wp-json\/wp\/v2\/media?parent=64311"}],"wp:term":[{"taxonomy":"category","embeddable":true,"href":"https:\/\/edublog.educastur.es\/ixuxu\/wp-json\/wp\/v2\/categories?post=64311"},{"taxonomy":"post_tag","embeddable":true,"href":"https:\/\/edublog.educastur.es\/ixuxu\/wp-json\/wp\/v2\/tags?post=64311"}],"curies":[{"name":"wp","href":"https:\/\/api.w.org\/{rel}","templated":true}]}}