{"id":6432,"date":"2021-05-29T12:00:59","date_gmt":"2021-05-29T10:00:59","guid":{"rendered":"https:\/\/edublog.educastur.es\/ixuxu\/?p=6432"},"modified":"2021-05-29T18:35:00","modified_gmt":"2021-05-29T16:35:00","slug":"pa-que-nun-taburras-2021-4","status":"publish","type":"post","link":"https:\/\/edublog.educastur.es\/ixuxu\/2021\/05\/pa-que-nun-taburras-2021-4\/","title":{"rendered":"Pa que nun t&#8217;aburras 2021"},"content":{"rendered":"<p style=\"text-align: center\">\n<!-- iframe plugin v.6.0 wordpress.org\/plugins\/iframe\/ -->\n<iframe loading=\"lazy\" width=\"100%\" height=\"364\" src=\"https:\/\/www.youtube.com\/embed\/9mSaNsyiHyo\" scrolling=\"yes\" class=\"iframe-class\" frameborder=\"0\"><\/iframe>\n<\/p>\n<ul>\n<li><a href=\"https:\/\/www.youtube.com\/watch?v=9mSaNsyiHyo\">El baille encant\u00e1u<\/a><\/li>\n<\/ul>\n<p><span class=\"d2edcug0 hpfvmrgz qv66sw1b c1et5uql lr9zc1uh a8c37x1j keod5gw0 nxhoafnm aigsh9s9 d3f4x2em fe6kdd0r mau55g9w c8b282yb iv3no6db jq4qci2q a3bd9o3v knj5qynh oo9gr5id hzawbc8m\" dir=\"auto\">Tercera parte del ciclu \u00abPa que nun t&#8217;aburras 2021\u00bb ufr\u00edu pola Estaya de la llingua d&#8217;Avil\u00e9s <a class=\"oajrlxb2 g5ia77u1 qu0x051f esr5mh6w e9989ue4 r7d6kgcz rq0escxv nhd2j8a9 nc684nl6 p7hjln8o kvgmc6g5 cxmmr5t8 oygrvhab hcukyx3x jb3vyjys rz4wbd8a qt6c0cv9 a8nywdso i1ao9s8h esuyzwwr f1sip0of lzcic4wl q66pz984 gpro0wi8 b1v8xokw\" role=\"link\" href=\"https:\/\/www.facebook.com\/aytoaviles\/?__cft__[0]=AZXECKSZysm1prh4r92VB52E1Bs68jio6umOCSjKIbXwvQVsBQYaVctwwoFt4FW4Y3DEL4lqchnWB1opbxs_aAPlVBvLiSZhSYovKw8pJGELUDRNvRMLdrA1mMXDkbcCvxoKLWYEAmh6Ihmu9qB_1evCg30qKdgftZZ8e-HgghFidw&amp;__tn__=kK-y-R\"><span class=\"nc684nl6\">Ayuntamiento de Avil\u00e9s<\/span><\/a>. G\u00fcei Rosa va contanos el cuentu de <strong><span style=\"color: #008080\">\u00abEl baille encant\u00e1u\u00bb. <\/span><\/strong><\/span>Una ne\u00f1a con muncha curiosid\u00e1, un ser mitol\u00f3xicu, un conxuru y unos cuantos animales baillarinos. \u00bfDesfacemos l\u2019encantamientu?<\/p>\n","protected":false},"excerpt":{"rendered":"<p>El baille encant\u00e1u Tercera parte del ciclu \u00abPa que nun t&#8217;aburras 2021\u00bb ufr\u00edu pola Estaya de la llingua d&#8217;Avil\u00e9s Ayuntamiento de Avil\u00e9s. G\u00fcei Rosa va contanos el cuentu de \u00abEl baille encant\u00e1u\u00bb. Una ne\u00f1a con muncha curiosid\u00e1, un ser mitol\u00f3xicu, un conxuru y unos cuantos animales baillarinos. \u00bfDesfacemos l\u2019encantamientu?<\/p>\n","protected":false},"author":117,"featured_media":0,"comment_status":"open","ping_status":"open","sticky":false,"template":"","format":"standard","meta":{"footnotes":""},"categories":[75],"tags":[],"class_list":["post-6432","post","type-post","status-publish","format-standard","hentry","category-videu"],"_links":{"self":[{"href":"https:\/\/edublog.educastur.es\/ixuxu\/wp-json\/wp\/v2\/posts\/6432","targetHints":{"allow":["GET"]}}],"collection":[{"href":"https:\/\/edublog.educastur.es\/ixuxu\/wp-json\/wp\/v2\/posts"}],"about":[{"href":"https:\/\/edublog.educastur.es\/ixuxu\/wp-json\/wp\/v2\/types\/post"}],"author":[{"embeddable":true,"href":"https:\/\/edublog.educastur.es\/ixuxu\/wp-json\/wp\/v2\/users\/117"}],"replies":[{"embeddable":true,"href":"https:\/\/edublog.educastur.es\/ixuxu\/wp-json\/wp\/v2\/comments?post=6432"}],"version-history":[{"count":5,"href":"https:\/\/edublog.educastur.es\/ixuxu\/wp-json\/wp\/v2\/posts\/6432\/revisions"}],"predecessor-version":[{"id":6435,"href":"https:\/\/edublog.educastur.es\/ixuxu\/wp-json\/wp\/v2\/posts\/6432\/revisions\/6435"}],"wp:attachment":[{"href":"https:\/\/edublog.educastur.es\/ixuxu\/wp-json\/wp\/v2\/media?parent=6432"}],"wp:term":[{"taxonomy":"category","embeddable":true,"href":"https:\/\/edublog.educastur.es\/ixuxu\/wp-json\/wp\/v2\/categories?post=6432"},{"taxonomy":"post_tag","embeddable":true,"href":"https:\/\/edublog.educastur.es\/ixuxu\/wp-json\/wp\/v2\/tags?post=6432"}],"curies":[{"name":"wp","href":"https:\/\/api.w.org\/{rel}","templated":true}]}}