{"id":64353,"date":"2026-01-01T11:00:37","date_gmt":"2026-01-01T09:00:37","guid":{"rendered":"https:\/\/edublog.educastur.es\/ixuxu\/?p=64353"},"modified":"2025-12-27T14:49:55","modified_gmt":"2025-12-27T12:49:55","slug":"64353","status":"publish","type":"post","link":"https:\/\/edublog.educastur.es\/ixuxu\/2026\/01\/64353\/","title":{"rendered":"Semando Fest, el festival de m\u00fasica moza n\u2019asturianu&#8217;l 7 de febreru"},"content":{"rendered":"<p><span class=\"html-span xdj266r x14z9mp xat24cr x1lziwak xexx8yu xyri2b x18d9i69 x1c1uobl x1hl2dhg x16tdsg8 x1vvkbs\"><a class=\"x1i10hfl xjbqb8w x1ejq31n x18oe1m7 x1sy0etr xstzfhl x972fbf x10w94by x1qhh985 x14e42zd x9f619 x1ypdohk xt0psk2 x3ct3a4 xdj266r x14z9mp xat24cr x1lziwak xexx8yu xyri2b x18d9i69 x1c1uobl x16tdsg8 x1hl2dhg xggy1nq x1a2a7pz xkrqix3 x1sur9pj x1fey0fg x1s688f\" role=\"link\" href=\"https:\/\/www.facebook.com\/latadezinc?__cft__[0]=AZblS_IHO5lUf0xqs_skHL0yIsLqEnhhtprqVNLJ9j1tou8ga2YIQjrS_Zj7JHXUlQo7Fk4UiE-NA-8G7x2_QIRgd6MwuU6W264le03nmuTVoUn_ehg25Hp1_yyvP1FR6rXoCFFBC4kt9459XyWMzONe7eWpxgA7Scqv1Dlv3ZWIpvyNh_1mVJ1FTpWnG8kQp8om7qloNScu1_DkZuNkhcOW&amp;__tn__=-]K-y-R\"><span class=\"xt0psk2\">Lata de Zinc<\/span><\/a><\/span> acueye&#8217;l festival de m\u00fasica moza n\u2019asturianu&#8217;l <strong>7 de febreru<\/strong> nel que toquen <span class=\"html-span xdj266r x14z9mp xat24cr x1lziwak xexx8yu xyri2b x18d9i69 x1c1uobl x1hl2dhg x16tdsg8 x1vvkbs\"><a class=\"x1i10hfl xjbqb8w x1ejq31n x18oe1m7 x1sy0etr xstzfhl x972fbf x10w94by x1qhh985 x14e42zd x9f619 x1ypdohk xt0psk2 x3ct3a4 xdj266r x14z9mp xat24cr x1lziwak xexx8yu xyri2b x18d9i69 x1c1uobl x16tdsg8 x1hl2dhg xggy1nq x1a2a7pz xkrqix3 x1sur9pj x1fey0fg x1s688f\" role=\"link\" href=\"https:\/\/www.facebook.com\/profile.php?id=61574142362369&amp;__cft__[0]=AZblS_IHO5lUf0xqs_skHL0yIsLqEnhhtprqVNLJ9j1tou8ga2YIQjrS_Zj7JHXUlQo7Fk4UiE-NA-8G7x2_QIRgd6MwuU6W264le03nmuTVoUn_ehg25Hp1_yyvP1FR6rXoCFFBC4kt9459XyWMzONe7eWpxgA7Scqv1Dlv3ZWIpvyNh_1mVJ1FTpWnG8kQp8om7qloNScu1_DkZuNkhcOW&amp;__tn__=-]K-y-R\"><span class=\"xt0psk2\"><span class=\"xjp7ctv\">rellumeast<\/span><\/span><\/a><\/span>, PVXARRA, <span class=\"html-span xdj266r x14z9mp xat24cr x1lziwak xexx8yu xyri2b x18d9i69 x1c1uobl x1hl2dhg x16tdsg8 x1vvkbs\"><a class=\"x1i10hfl xjbqb8w x1ejq31n x18oe1m7 x1sy0etr xstzfhl x972fbf x10w94by x1qhh985 x14e42zd x9f619 x1ypdohk xt0psk2 x3ct3a4 xdj266r x14z9mp xat24cr x1lziwak xexx8yu xyri2b x18d9i69 x1c1uobl x16tdsg8 x1hl2dhg xggy1nq x1a2a7pz xkrqix3 x1sur9pj x1fey0fg x1s688f\" role=\"link\" href=\"https:\/\/www.facebook.com\/profile.php?id=61566861977255&amp;__cft__[0]=AZblS_IHO5lUf0xqs_skHL0yIsLqEnhhtprqVNLJ9j1tou8ga2YIQjrS_Zj7JHXUlQo7Fk4UiE-NA-8G7x2_QIRgd6MwuU6W264le03nmuTVoUn_ehg25Hp1_yyvP1FR6rXoCFFBC4kt9459XyWMzONe7eWpxgA7Scqv1Dlv3ZWIpvyNh_1mVJ1FTpWnG8kQp8om7qloNScu1_DkZuNkhcOW&amp;__tn__=-]K-y-R\"><span class=\"xt0psk2\"><span class=\"xjp7ctv\">ent\u00f3s<\/span><\/span><\/a><\/span> y Luc\u00eda Rojo con <span class=\"html-span xdj266r x14z9mp xat24cr x1lziwak xexx8yu xyri2b x18d9i69 x1c1uobl x1hl2dhg x16tdsg8 x1vvkbs\"><a class=\"x1i10hfl xjbqb8w x1ejq31n x18oe1m7 x1sy0etr xstzfhl x972fbf x10w94by x1qhh985 x14e42zd x9f619 x1ypdohk xt0psk2 x3ct3a4 xdj266r x14z9mp xat24cr x1lziwak xexx8yu xyri2b x18d9i69 x1c1uobl x16tdsg8 x1hl2dhg xggy1nq x1a2a7pz xkrqix3 x1sur9pj x1fey0fg x1s688f\" role=\"link\" href=\"https:\/\/www.facebook.com\/fruela757?__cft__[0]=AZblS_IHO5lUf0xqs_skHL0yIsLqEnhhtprqVNLJ9j1tou8ga2YIQjrS_Zj7JHXUlQo7Fk4UiE-NA-8G7x2_QIRgd6MwuU6W264le03nmuTVoUn_ehg25Hp1_yyvP1FR6rXoCFFBC4kt9459XyWMzONe7eWpxgA7Scqv1Dlv3ZWIpvyNh_1mVJ1FTpWnG8kQp8om7qloNScu1_DkZuNkhcOW&amp;__tn__=-]K-y-R\"><span class=\"xt0psk2\"><span class=\"xjp7ctv\">Fruela 757<\/span><\/span><\/a><\/span>.<\/p>\n<p style=\"text-align: center\"><a href=\"https:\/\/musicasturiana.com\/wp-content\/uploads\/2025\/12\/SEMANDO-FEST-1200-x-600-px.png\"><img loading=\"lazy\" decoding=\"async\" class=\"aligncenter size-large\" src=\"https:\/\/musicasturiana.com\/wp-content\/uploads\/2025\/12\/SEMANDO-FEST-1200-x-600-px.png\" width=\"1200\" height=\"600\" \/><\/a><\/p>\n<p>Lata de Zinc acueye&#8217;l festival de m\u00fasica moza n\u2019asturianu&#8217;l 7 de febreru nel que toquen Rellume, PVXARRA, Ent\u00f3s y Luc\u00eda Rojo con Fruela 757<\/p>\n<p><!--more--><\/p>\n<p>La organizaci\u00f3n de<strong>l IV Semando Fest<\/strong>, el festival que celebra y potencia la m\u00fasica moza n\u2019asturianu, anuncia que y\u00e1 t\u00e1n disponibles les\u00a0<strong>entraes a la venta<\/strong>\u00a0pa la cuarta edici\u00f3n d\u2019esti alcuentru cultural y musical. Les entraes pueden mercase dende g\u00fcei al travi\u00e9s de la\u00a0<a href=\"https:\/\/entradium.com\/events\/iv-semando-fest\" target=\"_blank\" rel=\"noopener\">plataforma Entradium<\/a>. El festival va celebrase\u2019l\u00a0<strong>7 de febreru de 2026\u00a0<\/strong>a partir de les\u00a0<strong>20:00 hores<\/strong>\u00a0na sala\u00a0<strong>Lata de Zinc d\u2019Uvi\u00e9u,<\/strong>\u00a0un espaciu que que ye puntu de referencia pa la m\u00fasica alternativa y emerxente d\u2019Asturies.<\/p>\n<p>Nesta edici\u00f3n, como n\u2019anteriores, va haber dos tipos d\u2019entraes: d\u2019una banda, la\u00a0<strong>entrada moza<\/strong>, empobinada a xente mozo menor de 26 a\u00f1os, con un preciu de 10\u20ac. D\u2019otra banda, la\u00a0<strong>entrada xeneral<\/strong>, a un preciu de 15\u20ac.<\/p>\n<p style=\"text-align: center\"><a href=\"https:\/\/musicasturiana.com\/wp-content\/uploads\/2025\/12\/1.png\"><img loading=\"lazy\" decoding=\"async\" class=\"aligncenter size-large\" src=\"https:\/\/musicasturiana.com\/wp-content\/uploads\/2025\/12\/1.png\" width=\"1080\" height=\"1350\" \/><\/a><\/p>\n<div class=\"elementor-element elementor-element-a767a8c elementor-widget__width-inherit elementor-widget elementor-widget-theme-post-content\" data-id=\"a767a8c\" data-element_type=\"widget\" data-widget_type=\"theme-post-content.default\">\n<div class=\"elementor-widget-container\">\n<p>El cartelu d\u2019esta cuarta edici\u00f3n incl\u00fai actuaciones de dellos proyectos musicales. Los grupos confirmaos son\u00a0<strong>Rellume<\/strong>, un proyectu con raiga\u00f1os na m\u00fasica tradicional;\u00a0<strong>Ent\u00f3s<\/strong>, un tr\u00edu de folk de c\u00e1mara con influencies variaes;\u00a0<strong>PVXARRA<\/strong>, banda qu\u2019entemez punk, hardcore y electr\u00f3nica y la tonada lletr\u00f3nica de\u00a0<strong>Fruela 757 y Luc\u00eda Rojo<\/strong>\u00a0apocay\u00e1 anunci\u00e1u como parte del programa del festival.<\/p>\n<p>Semando Fest ye un eventu que busca ser m\u00e1s qu\u2019un conciertu y por eso tien una filosof\u00eda caracterizada por puxar pol<strong>\u00a0relevu xeneracional\u00a0<\/strong>na m\u00fasica asturiana; por ufrir un festival con un\u00a0<strong>formatu orixinal\u00a0<\/strong>qu\u2019entemeza aspectos d\u2019una gala colos d\u2019una actuaci\u00f3n; que reivindica les\u00a0<strong>sales de conciertos\u00a0<\/strong>como un espaciu afayadizu pal exposigue de la m\u00fasica de raiga\u00f1u; y qu\u2019apuesta por da-y oportunidaes a les y los\u00a0<strong>creadores x\u00f3venes<\/strong>.<\/p>\n<p>La iniciativa naci\u00f3 en 2023 y nella participaron el d\u00fau d\u2019asturianada\u00a0<strong>Alicia Villanueva y Luis \u00c1lvarez Pola<\/strong>; el tr\u00edu de folk de c\u00e1mara\u00a0<strong>Lo\u00edna<\/strong>; les pandereteres\u00a0<strong>Algaire\u00a0<\/strong>y el d\u00fau d\u2019electr\u00f3nica de raiga\u00f1u\u00a0<strong>Llev\u00f3lu\u2019l Sumiciu<\/strong>.\u00a0<strong>Cecilia D\u00edaz\u00a0<\/strong>foi l\u2019autora del cartelu y la identid\u00e1 visual, mientres que les semeyes y el videu resume del eventu fueron obra de<strong>\u00a0<\/strong><strong>Luc\u00eda Gar\u00f3<\/strong>. Yedra Riesgo y Ra\u00fal Alonso \u2013responsables del programa radiof\u00f3nicu\u00a0<strong>H\u00e9roes Ensin Nome<\/strong>\u2013 fueron los encargaos de presentar l\u2019eventu.<\/p>\n<p>En 2024 xubieron al escenariu\u00a0<strong>Sandra \u00c1lvarez y Noem\u00ed Gonz\u00e1lez<\/strong>\u00a0col so espect\u00e1culu de poes\u00eda feminista y tonada -qu\u2019angua\u00f1o pres\u00e9ntase como Milfueyes-;\u00a0<strong>Mostru l\u2019Horru\u00a0<\/strong>col so rap combativu; la banda de folk celta\u00a0<strong>Guieldu\u00a0<\/strong>y el grupu de punk-rock\u00a0<strong>Ochobre<\/strong>. Beatriz Men\u00e9ndez \u2013alter ego de\u00a0<strong>Made in Chigre\u2013<\/strong>\u00a0foi la responsable de tola parte gr\u00e1fica y\u00a0<strong>Leticia Cernuda\u00a0<\/strong>de les semeyes y del videu. H\u00e9roes Ensin Nome repitieron como presentadores.<\/p>\n<p>Y\u00e1 en 2025, foi\u2019l turnu nel escenariu pa la percusi\u00f3n y les voces d\u2019<strong>Ab\u00e9u<\/strong>, la propuesta novedosa con una montonera de x\u00e9neros estremaos de\u00a0<strong>Ferla Meg\u00eda<\/strong>, el power folk d\u2019<strong>Alienda<\/strong>\u00a0nel so d\u00e9cimu aniversariu nos escenarios magar de la so moced\u00e1 y la banda de post-rock\u00a0<strong>Melandru<\/strong>. L\u2019artista\u00a0<strong>Surimi<\/strong>,\u00a0<strong>\u2013<\/strong>nomatu de Paula Su\u00e1rez<strong>\u2013 encarg\u00f3se de la identid\u00e1 visual, mientres que Nay Semeya fixo lo propio coles semeyes y la realizaci\u00f3n audiovisual. H\u00e9roes ensin nome repitieron na presentaci\u00f3n.<\/strong><\/p>\n<\/div>\n<\/div>\n<div class=\"elementor-element elementor-element-6d96732 elementor-widget__width-inherit elementor-post-navigation-borders-yes elementor-widget elementor-widget-post-navigation\" data-id=\"6d96732\" data-element_type=\"widget\" data-widget_type=\"post-navigation.default\">\n<div class=\"elementor-widget-container\">\n<div class=\"elementor-post-navigation\">\n<div class=\"elementor-post-navigation__separator-wrapper\">\n<div class=\"elementor-post-navigation__separator\"><\/div>\n<\/div>\n<div class=\"elementor-post-navigation__next elementor-post-navigation__link\"><\/div>\n<\/div>\n<\/div>\n<\/div>\n","protected":false},"excerpt":{"rendered":"<p>Lata de Zinc acueye&#8217;l festival de m\u00fasica moza n\u2019asturianu&#8217;l 7 de febreru nel que toquen rellumeast, PVXARRA, ent\u00f3s y Luc\u00eda Rojo con Fruela 757. Lata de Zinc acueye&#8217;l festival de m\u00fasica moza n\u2019asturianu&#8217;l 7 de febreru nel que toquen Rellume, PVXARRA, Ent\u00f3s y Luc\u00eda Rojo con Fruela 757<\/p>\n","protected":false},"author":117,"featured_media":0,"comment_status":"closed","ping_status":"closed","sticky":false,"template":"","format":"standard","meta":{"footnotes":""},"categories":[204,35,125],"tags":[],"class_list":["post-64353","post","type-post","status-publish","format-standard","hentry","category-festivales","category-musica","category-musicasturiana-com"],"_links":{"self":[{"href":"https:\/\/edublog.educastur.es\/ixuxu\/wp-json\/wp\/v2\/posts\/64353","targetHints":{"allow":["GET"]}}],"collection":[{"href":"https:\/\/edublog.educastur.es\/ixuxu\/wp-json\/wp\/v2\/posts"}],"about":[{"href":"https:\/\/edublog.educastur.es\/ixuxu\/wp-json\/wp\/v2\/types\/post"}],"author":[{"embeddable":true,"href":"https:\/\/edublog.educastur.es\/ixuxu\/wp-json\/wp\/v2\/users\/117"}],"replies":[{"embeddable":true,"href":"https:\/\/edublog.educastur.es\/ixuxu\/wp-json\/wp\/v2\/comments?post=64353"}],"version-history":[{"count":3,"href":"https:\/\/edublog.educastur.es\/ixuxu\/wp-json\/wp\/v2\/posts\/64353\/revisions"}],"predecessor-version":[{"id":64356,"href":"https:\/\/edublog.educastur.es\/ixuxu\/wp-json\/wp\/v2\/posts\/64353\/revisions\/64356"}],"wp:attachment":[{"href":"https:\/\/edublog.educastur.es\/ixuxu\/wp-json\/wp\/v2\/media?parent=64353"}],"wp:term":[{"taxonomy":"category","embeddable":true,"href":"https:\/\/edublog.educastur.es\/ixuxu\/wp-json\/wp\/v2\/categories?post=64353"},{"taxonomy":"post_tag","embeddable":true,"href":"https:\/\/edublog.educastur.es\/ixuxu\/wp-json\/wp\/v2\/tags?post=64353"}],"curies":[{"name":"wp","href":"https:\/\/api.w.org\/{rel}","templated":true}]}}