{"id":64357,"date":"2025-12-27T14:54:32","date_gmt":"2025-12-27T12:54:32","guid":{"rendered":"https:\/\/edublog.educastur.es\/ixuxu\/?p=64357"},"modified":"2025-12-27T14:57:22","modified_gmt":"2025-12-27T12:57:22","slug":"berta-pinan-premiu-al-meyor-llibru-nasturianu-del-2024","status":"publish","type":"post","link":"https:\/\/edublog.educastur.es\/ixuxu\/2025\/12\/berta-pinan-premiu-al-meyor-llibru-nasturianu-del-2024\/","title":{"rendered":"Berta Pi\u00f1\u00e1n, premiu al meyor llibru n\u2019asturianu del 2024"},"content":{"rendered":"<p>La Tertulia Malory entrega esti s\u00e1badu a Berta Pi\u00f1\u00e1n el premiu al meyor llibru n\u2019asturianu del 2024. <a href=\"https:\/\/www.formientu.com\/noticies\/la-tertulia-malory-entrega-esti-sabadu-a-berta-pinan-el-premiu-al-meyor-llibru-nasturianu-del-2024\/\">Formientu\u00a0<\/a><\/p>\n<p style=\"text-align: center\"><a href=\"https:\/\/caravansari.com\/wp-content\/uploads\/2025\/04\/1722580597239-1200x800.jpg\"><img loading=\"lazy\" decoding=\"async\" class=\"aligncenter \" src=\"https:\/\/caravansari.com\/wp-content\/uploads\/2025\/04\/1722580597239-1200x800.jpg\" width=\"728\" height=\"485\" \/><\/a><\/p>\n<p><a href=\"https:\/\/www.formientu.com\/noticies\/la-tertulia-malory-entrega-esti-sabadu-a-berta-pinan-el-premiu-al-meyor-llibru-nasturianu-del-2024\/\">Formientu\u00a0 <\/a>La Tertulia Malory, de L\u2019Entregu, va entregar esti s\u00e1badu, 27 d\u2019avientu, a les 18:00 hores, el premiu al meyor llibru n\u2019asturianu del 2024, nun actu p\u00fablico que se va celebrar nel pub Tom Malory de L\u2019Entregu \u2014onde, dende hai y\u00e1 28 a\u00f1os, la tertulia vien aconceyando selmanalmente\u2014. La obra ganadora d\u2019esta d\u00e9cimucuarta edici\u00f3n del premiu ye\u2019l poemariu\u00a0<em>Argayu<\/em>\u00a0de la escritora Berta Pi\u00f1\u00e1n.<\/p>\n<p><!--more--><\/p>\n<p>El xur\u00e1u tuvo form\u00e1u polos escritores Xulio Arbes\u00fa, Jos\u00e9 Luis Rendueles, Solinca Turb\u00f3n, Roberto Corte, Aique Fernandi, Beatriz Quintana Coro, David Fern\u00e1n, Margarita D\u00edaz, Rosana Ord\u00edz Garc\u00eda, Chechu Garc\u00eda y Henrique G. Facuriella, que fallaron el premiu nun actu celebr\u00e1u na tertulia\u2019l vienres 10 d\u2019ochobre de 2025.<\/p>\n<p>El xur\u00e1u destac\u00f3, nel acta del fallu, \u00abArgayu furrula como met\u00e1fora f\u00edsica, como\u2019l tiempu qu\u2019arrampla colos cuerpos y tami\u00e9n como esbarrumbe d\u2019un mundu rural na so dif\u00edcil adaptaci\u00f3n a la modernid\u00e1. La so voz po\u00e9tica, clara y rellumante, percuerre tiempos, espacios, llugares y xeneraciones algamando un intensu di\u00e1logu sobre la culpa y la redenci\u00f3n\u00bb; el xur\u00e1u tami\u00e9n quixo rescamplar la gran calid\u00e1 de la producci\u00f3n lliteraria n\u2019asturianu del a\u00f1o 2024, lo que fixo que la decisi\u00f3n de premiar el poemariu se garrara por mayor\u00eda.<\/p>\n<p><strong>El gallard\u00f3n consiste nuna ilustraci\u00f3n d\u2019Alfonso Zapico y una medaya conmemorativa.<\/strong><\/p>\n<p>Esta ye la decimucuarta vez que\u2019l grupu concede esti premiu. L\u2019a\u00f1u pas\u00e1u result\u00f3 ganador l\u2019ensayu\u00a0<em>Nunca vencida, una historia de la idea d\u2019Asturies<\/em>\u00a0de David Guardado, y n\u2019ediciones anteriores premi\u00e1ronse les obres\u00a0<em>Tiempu d\u2019escoria<\/em>\u00a0de Xos\u00e9 Nel Riesgo;\u00a0<em>Onde\u2019l caos se texe y se destexe<\/em>, de Xulio Viejo;\u00a0<em>Les isles inciertes<\/em>, de Xuan Bello;\u00a0<em>Memoria de Tu\u00f1a<\/em>, d\u2019Ant\u00f3n Garc\u00eda;\u00a0<em>Incorrectos<\/em>, de David Artime;\u00a0<em>El llibru p\u00f3stumu de Sherezade<\/em>, de Raquel F. Men\u00e9ndez;\u00a0<em>Lluvia d\u2019agostu<\/em>, de Francisco \u00c1lvarez;\u00a0<em>L\u2019aire ente la rama<\/em>, d\u2019\u00c1ngeles Carbajal;\u00a0<em>M\u00e1s espeso que l\u2019agua<\/em>, de Consuelo Vega;\u00a0<em>Carne de melandru<\/em>, de Milio Rodr\u00edguez Cueto;\u00a0<em>La Chelita<\/em>, de Ruma Barbero, y\u00a0<em>La \u00f1eve del Cuquiellu<\/em>, de Xabiero Cayarga. Con esti gallard\u00f3n, los sos entamadores quieren prestixar les lletres asturianes, al empar que se da difusi\u00f3n a les obras que, a criteriu del xur\u00e1u, seyan consideraes los meyores llibros escritos cada a\u00f1u n\u2019asturianu.<\/p>\n<p><em>Argayu \/ Derrumbe<\/em>\u00a0ye\u2019l sextu poemariu de Berta Pi\u00f1\u00e1n. Asol\u00e9yase en edici\u00f3n billing\u00fce castellanu-asturianu.<\/p>\n<p><em>Argayu \/ Derrumbe<\/em>\u00a0ye un poemariu emocionante y mui bien filvan\u00e1u onde Berta Pi\u00f1\u00e1n percuerre espacios y xeneraciones d\u2019un mundu rural qu\u2019esbarrumba tal y como lu conocimos. N\u2019Argayu, l\u2019agua empapa la tierra. Los raiga\u00f1os de los \u00e1rboles y lo matos que forman una mecigaya nel subsuelu, tienen por ella, too forma parte d\u2019un equilibriu primixeniu. Pero la monta\u00f1a qu\u00e9mase, les m\u00e1quinas corten a tayos la roca pa trazar la carretera, el mofu y los raiga\u00f1os esapaecen y sigue lloviendo. Faelo hasta que la tierra queda blando, daqu\u00e9 argaya y una masa inmenso esbarrumba monte abaxo. Y esi movimientu xigantescu tolo arrastra al so pasu. Ye\u2019l argayu, met\u00e1fora qu\u2019acesna les nuestres vides, pe\u00f1er\u00e1es poles renuncies, mieos, goces y fracasos. Esti Argayu\/Derrumbe ye un glay\u00edu a la memoria viva d\u2019un mundu rural que s\u2019esvanez. Un esbarrumbe que alloria dende la so verd\u00e1 m\u00e1s \u00edntima.<\/p>\n<p>Berta Pi\u00f1\u00e1n (Ca\u00f1u, Cangues d\u2019On\u00eds, 1963) ye llicenciada en Filolox\u00eda Hisp\u00e1nica pola Universid\u00e1 d\u2019Uvi\u00e9u y una de les voces m\u00e1s destacaes de la lliteratura asturiana. Poeta, ensayista y novelista, ye tami\u00e9n miembru de n\u00famberu de l\u2019Academia de la Llingua Asturiana dende l\u2019a\u00f1u 2008. Xunto con Ant\u00f3n Garc\u00eda y Xuan Bello fund\u00f3 la revista lliteraria Adr\u00e9i, \u00fan de los fitos de lo que se dio en llamar segunda xeneraci\u00f3n del Surdimientu. Magar que la so obra abarca dende l\u2019ensayu sociolling\u00fc\u00edsticu hasta la lliteratura infantil y xuvenil, Pi\u00f1\u00e1n consid\u00e9rase poeta penriba de too, tien asoleyaos los poemarios Al abellu les besties (1985), Vida privada (1991) col que se fizo col premiu Teodoro Cuesta, Temporada de pesca (1998), Un mes (2003) y Noches de incendio (1985-2002) (2005), con una selecci\u00f3n billing\u00fce de los sos poemes, y La mancadura \/ El da\u00f1o (2010). En narrativa cuenta col reconocimientu del p\u00fablicu y la cr\u00edtica, como ye\u2019l casu de La tierra entero, un volume de cuentos ganador del Premiu de Narraciones Trabe (1996) o La maleta al agua (2005), coleici\u00f3n de relatos sobre la emigraci\u00f3n. Nel x\u00e9neru infantil y xuvenil tien gan\u00e1u\u2019l premiu Mar\u00eda Xosefa Canellada, dos vegaes, por Agua, arroz y ma\u00edz (2008) y por Vida nel Campu (2018) y el de la Cr\u00edtica d\u2019Asturies en dos ediciones consecutives con Les coses que-y presten a Fran (2008) y L\u2019estranxeru (2009). Como la muda al sol d\u2019una llagartesa (2018) ye la so primer novela. N\u2019ensayu tien espublizao Tres sieglos construyendo la iguald\u00e1. \u00bfQu\u00e9 ye\u2019l feminismu? (2003).<\/p>\n<p>Ente 2019 y 2023 foi Conseyera de Cultura, Pol\u00edtica Lling\u00fc\u00edstica y Turismu del Princip\u00e1u d\u2019Asturies.<\/p>\n<p>&nbsp;<\/p>\n","protected":false},"excerpt":{"rendered":"<p>La Tertulia Malory entrega esti s\u00e1badu a Berta Pi\u00f1\u00e1n el premiu al meyor llibru n\u2019asturianu del 2024. Formientu\u00a0 Formientu\u00a0 La Tertulia Malory, de L\u2019Entregu, va entregar esti s\u00e1badu, 27 d\u2019avientu, a les 18:00 hores, el premiu al meyor llibru n\u2019asturianu del 2024, nun actu p\u00fablico que se va celebrar nel pub Tom Malory de L\u2019Entregu [&hellip;]<\/p>\n","protected":false},"author":117,"featured_media":0,"comment_status":"closed","ping_status":"closed","sticky":false,"template":"","format":"standard","meta":{"footnotes":""},"categories":[58],"tags":[],"class_list":["post-64357","post","type-post","status-publish","format-standard","hentry","category-premios"],"_links":{"self":[{"href":"https:\/\/edublog.educastur.es\/ixuxu\/wp-json\/wp\/v2\/posts\/64357","targetHints":{"allow":["GET"]}}],"collection":[{"href":"https:\/\/edublog.educastur.es\/ixuxu\/wp-json\/wp\/v2\/posts"}],"about":[{"href":"https:\/\/edublog.educastur.es\/ixuxu\/wp-json\/wp\/v2\/types\/post"}],"author":[{"embeddable":true,"href":"https:\/\/edublog.educastur.es\/ixuxu\/wp-json\/wp\/v2\/users\/117"}],"replies":[{"embeddable":true,"href":"https:\/\/edublog.educastur.es\/ixuxu\/wp-json\/wp\/v2\/comments?post=64357"}],"version-history":[{"count":3,"href":"https:\/\/edublog.educastur.es\/ixuxu\/wp-json\/wp\/v2\/posts\/64357\/revisions"}],"predecessor-version":[{"id":64363,"href":"https:\/\/edublog.educastur.es\/ixuxu\/wp-json\/wp\/v2\/posts\/64357\/revisions\/64363"}],"wp:attachment":[{"href":"https:\/\/edublog.educastur.es\/ixuxu\/wp-json\/wp\/v2\/media?parent=64357"}],"wp:term":[{"taxonomy":"category","embeddable":true,"href":"https:\/\/edublog.educastur.es\/ixuxu\/wp-json\/wp\/v2\/categories?post=64357"},{"taxonomy":"post_tag","embeddable":true,"href":"https:\/\/edublog.educastur.es\/ixuxu\/wp-json\/wp\/v2\/tags?post=64357"}],"curies":[{"name":"wp","href":"https:\/\/api.w.org\/{rel}","templated":true}]}}