{"id":64373,"date":"2025-12-27T19:00:35","date_gmt":"2025-12-27T17:00:35","guid":{"rendered":"https:\/\/edublog.educastur.es\/ixuxu\/?p=64373"},"modified":"2025-12-27T19:18:10","modified_gmt":"2025-12-27T17:18:10","slug":"presentacion-dalfaya-marca-dusu-llinguisticu","status":"publish","type":"post","link":"https:\/\/edublog.educastur.es\/ixuxu\/2025\/12\/presentacion-dalfaya-marca-dusu-llinguisticu\/","title":{"rendered":"Presentaci\u00f3n d&#8217;Alfaya, marca d&#8217;usu lling\u00fc\u00edsticu"},"content":{"rendered":"<p>\ud83c\udfdb\ufe0fEl pr\u00f3ximu martes 30, en Llaboral Ciud\u00e1 de la Cultura (Xix\u00f3n), va celebrase la xornada de presentaci\u00f3n d&#8217;<strong><span style=\"color: #008080\">Alfaya, marca d&#8217;usu lling\u00fc\u00edsticu<\/span><\/strong>, impulsada pola Conseyer\u00eda de Cultura, Pol\u00edtica Lling\u00fc\u00edstica y Deporte <strong>pa reconocer a les empreses qu&#8217;integren les lling\u00fces propies d\u2019Asturies<\/strong> \u2014l\u2019asturianu y l\u2019eonaviegu\u2014 nel desarrollu de la so activid\u00e1 profesional. <a class=\"jpg\" title=\"Programa jornada Alfaya (asturiano). Abre una nueva ventana\" href=\"https:\/\/actualidad.asturias.es\/documents\/533407\/0\/2025_12_26+jornada+alfaya+asturiano.jpg\/6dfdc703-4615-7c22-0f6e-0e5e3e60733e?t=1766771608959\" target=\"_blank\" rel=\"noopener\">Programa jornada Alfaya (asturiano)<\/a><\/p>\n<p style=\"text-align: center\"><a href=\"https:\/\/actualidad.asturias.es\/documents\/537115\/3000414\/alfaya+%281%29.jpg\/0c29ae1b-625e-c065-7c25-d867f353f9b2?t=1766771687540\"><img loading=\"lazy\" decoding=\"async\" class=\"aligncenter size-large\" src=\"https:\/\/actualidad.asturias.es\/documents\/537115\/3000414\/alfaya+%281%29.jpg\/0c29ae1b-625e-c065-7c25-d867f353f9b2?t=1766771687540\" width=\"582\" height=\"366\" \/><\/a><\/p>\n<p><!--more--><\/p>\n<p>\ud83d\udd24 Una iniciativa que busca promover la normalizaci\u00f3n lling\u00fc\u00edstica como un valor amest\u00e1u na comunicaci\u00f3n, la identid\u00e1 corporativa y la responsabilid\u00e1 cultural del tex\u00edu empresarial asturianu.<\/p>\n<p>La xornada de presentaci\u00f3n va empezar a les 11:00 hores y va axuntar a persones espertes, profesionales y representantes del tex\u00edu empresarial rexonal, que van cavilgar sobro la funci\u00f3n de la llingua na econom\u00eda, la innovaci\u00f3n y la sostenibilid\u00e1.<\/p>\n<p>\ud83d\udd5a La xornada va empezar a les 11:00 hores y va axuntar a persones espertes, profesionales y representantes del \u00e1mbitu empresarial, pa reflexonar sobre\u2019l papel del idioma na econom\u00eda, l&#8217;anovaci\u00f3n y la sostenibilid\u00e1.\ud83d\udd17 M\u00e1s informaci\u00f3n y programa completu: <a href=\"https:\/\/actualidad.asturias.es\/-\/cultura-organiza-el-martes-una-jornada-sobre-el-papel-de-las-lenguas-propias-en-el-\u00e1mbito-empresarial?redirect=%2F\">Actualid\u00e1<\/a><\/p>\n<p><strong>Alfaya conc\u00edbese como una ferramienta para incentivar l&#8217;usu del asturianu y del eonaviego en contestos profesionales<\/strong>, normalizar la so presencia na comunicaci\u00f3n comercial, institucional y dixital, y crear una rede d&#8217;empreses que combinen excelencia profesional con identid\u00e1 cultural. Les compa\u00f1\u00edes van poder xuntase voluntariamente y acreditar el so compromisu por aciu tr\u00e9s niveles de reconocencia: inicial, entemediu y excelencia.<\/p>\n","protected":false},"excerpt":{"rendered":"<p>\ud83c\udfdb\ufe0fEl pr\u00f3ximu martes 30, en Llaboral Ciud\u00e1 de la Cultura (Xix\u00f3n), va celebrase la xornada de presentaci\u00f3n d&#8217;Alfaya, marca d&#8217;usu lling\u00fc\u00edsticu, impulsada pola Conseyer\u00eda de Cultura, Pol\u00edtica Lling\u00fc\u00edstica y Deporte pa reconocer a les empreses qu&#8217;integren les lling\u00fces propies d\u2019Asturies \u2014l\u2019asturianu y l\u2019eonaviegu\u2014 nel desarrollu de la so activid\u00e1 profesional. Programa jornada Alfaya (asturiano)<\/p>\n","protected":false},"author":117,"featured_media":0,"comment_status":"closed","ping_status":"closed","sticky":false,"template":"","format":"standard","meta":{"footnotes":""},"categories":[119],"tags":[],"class_list":["post-64373","post","type-post","status-publish","format-standard","hentry","category-empreses"],"_links":{"self":[{"href":"https:\/\/edublog.educastur.es\/ixuxu\/wp-json\/wp\/v2\/posts\/64373","targetHints":{"allow":["GET"]}}],"collection":[{"href":"https:\/\/edublog.educastur.es\/ixuxu\/wp-json\/wp\/v2\/posts"}],"about":[{"href":"https:\/\/edublog.educastur.es\/ixuxu\/wp-json\/wp\/v2\/types\/post"}],"author":[{"embeddable":true,"href":"https:\/\/edublog.educastur.es\/ixuxu\/wp-json\/wp\/v2\/users\/117"}],"replies":[{"embeddable":true,"href":"https:\/\/edublog.educastur.es\/ixuxu\/wp-json\/wp\/v2\/comments?post=64373"}],"version-history":[{"count":3,"href":"https:\/\/edublog.educastur.es\/ixuxu\/wp-json\/wp\/v2\/posts\/64373\/revisions"}],"predecessor-version":[{"id":64376,"href":"https:\/\/edublog.educastur.es\/ixuxu\/wp-json\/wp\/v2\/posts\/64373\/revisions\/64376"}],"wp:attachment":[{"href":"https:\/\/edublog.educastur.es\/ixuxu\/wp-json\/wp\/v2\/media?parent=64373"}],"wp:term":[{"taxonomy":"category","embeddable":true,"href":"https:\/\/edublog.educastur.es\/ixuxu\/wp-json\/wp\/v2\/categories?post=64373"},{"taxonomy":"post_tag","embeddable":true,"href":"https:\/\/edublog.educastur.es\/ixuxu\/wp-json\/wp\/v2\/tags?post=64373"}],"curies":[{"name":"wp","href":"https:\/\/api.w.org\/{rel}","templated":true}]}}