{"id":64384,"date":"2025-12-27T08:31:48","date_gmt":"2025-12-27T06:31:48","guid":{"rendered":"https:\/\/edublog.educastur.es\/ixuxu\/?p=64384"},"modified":"2025-12-27T20:26:00","modified_gmt":"2025-12-27T18:26:00","slug":"el-tiempu-el-comercio-220","status":"publish","type":"post","link":"https:\/\/edublog.educastur.es\/ixuxu\/2025\/12\/el-tiempu-el-comercio-220\/","title":{"rendered":"El tiempu (El Comercio)"},"content":{"rendered":"<p style=\"text-align: center\"><a href=\"https:\/\/s2.ppllstatics.com\/elcomercio\/www\/multimedia\/2025\/12\/26\/tiempo-asturias-sabado-27-diciembre-kxvE-U2302588077118HVD-1200x870@El%20Comercio.jpg\"><img loading=\"lazy\" decoding=\"async\" class=\"aligncenter size-large\" src=\"https:\/\/s2.ppllstatics.com\/elcomercio\/www\/multimedia\/2025\/12\/26\/tiempo-asturias-sabado-27-diciembre-kxvE-U2302588077118HVD-1200x870@El%20Comercio.jpg\" width=\"1200\" height=\"870\" \/><\/a><\/p>\n<p>Esti s\u00e1badu esperamos tami\u00e9n enforma fr\u00edu ya igualmente xelaes, anque se preve un ascensu llixeru de les temperatures m\u00ednimes. Concretamente, esp\u00e9rase que xuban ente 1 y 2 \u00baC a lo sumo tanto nel centru como nel oriente asturianu, ente que nel occidente ye posible que se caltengan ensin grandes cambeos respecto al vienres. <strong>Les m\u00e1ximes<\/strong> van xubir ente 2 y 3 \u00baC en tol Princip\u00e1u d&#8217;Asturies. En cuanto al <strong>est\u00e1u de los cielos<\/strong> van tar soleyeros cuidao que apenes s&#8217;espera nubosid\u00e1. <strong>Los vientos<\/strong> van ser fluexos con raches moderaes na mari\u00f1a pela tarde de componente este. Tami\u00e9n ye posible que puedan rexistrase delles raches d&#8217;intensid\u00e1 moderada en zones altes del cordal.<\/p>\n<p><!--more--><\/p>\n<p><strong>El domingu<\/strong> vamos concluyir la selmana tami\u00e9n con cielos soleyeros, anque nun se refuguen delles nubes altes nam\u00e1 mientres la ma\u00f1ana. Les temperatures m\u00e1ximes podr\u00eden xubir un pocu al respective de g\u00fcei, y les m\u00ednimes s\u00ed que van xubir de forma m\u00e1s significativa.<\/p>\n","protected":false},"excerpt":{"rendered":"<p>Esti s\u00e1badu esperamos tami\u00e9n enforma fr\u00edu ya igualmente xelaes, anque se preve un ascensu llixeru de les temperatures m\u00ednimes. Concretamente, esp\u00e9rase que xuban ente 1 y 2 \u00baC a lo sumo tanto nel centru como nel oriente asturianu, ente que nel occidente ye posible que se caltengan ensin grandes cambeos respecto al vienres. Les m\u00e1ximes [&hellip;]<\/p>\n","protected":false},"author":117,"featured_media":0,"comment_status":"closed","ping_status":"closed","sticky":false,"template":"","format":"standard","meta":{"footnotes":""},"categories":[5],"tags":[],"class_list":["post-64384","post","type-post","status-publish","format-standard","hentry","category-tiempu"],"_links":{"self":[{"href":"https:\/\/edublog.educastur.es\/ixuxu\/wp-json\/wp\/v2\/posts\/64384","targetHints":{"allow":["GET"]}}],"collection":[{"href":"https:\/\/edublog.educastur.es\/ixuxu\/wp-json\/wp\/v2\/posts"}],"about":[{"href":"https:\/\/edublog.educastur.es\/ixuxu\/wp-json\/wp\/v2\/types\/post"}],"author":[{"embeddable":true,"href":"https:\/\/edublog.educastur.es\/ixuxu\/wp-json\/wp\/v2\/users\/117"}],"replies":[{"embeddable":true,"href":"https:\/\/edublog.educastur.es\/ixuxu\/wp-json\/wp\/v2\/comments?post=64384"}],"version-history":[{"count":1,"href":"https:\/\/edublog.educastur.es\/ixuxu\/wp-json\/wp\/v2\/posts\/64384\/revisions"}],"predecessor-version":[{"id":64385,"href":"https:\/\/edublog.educastur.es\/ixuxu\/wp-json\/wp\/v2\/posts\/64384\/revisions\/64385"}],"wp:attachment":[{"href":"https:\/\/edublog.educastur.es\/ixuxu\/wp-json\/wp\/v2\/media?parent=64384"}],"wp:term":[{"taxonomy":"category","embeddable":true,"href":"https:\/\/edublog.educastur.es\/ixuxu\/wp-json\/wp\/v2\/categories?post=64384"},{"taxonomy":"post_tag","embeddable":true,"href":"https:\/\/edublog.educastur.es\/ixuxu\/wp-json\/wp\/v2\/tags?post=64384"}],"curies":[{"name":"wp","href":"https:\/\/api.w.org\/{rel}","templated":true}]}}