{"id":64392,"date":"2025-12-27T20:38:23","date_gmt":"2025-12-27T18:38:23","guid":{"rendered":"https:\/\/edublog.educastur.es\/ixuxu\/?p=64392"},"modified":"2025-12-27T20:43:32","modified_gmt":"2025-12-27T18:43:32","slug":"el-pueblu-mas-altu-dasturies","status":"publish","type":"post","link":"https:\/\/edublog.educastur.es\/ixuxu\/2025\/12\/el-pueblu-mas-altu-dasturies\/","title":{"rendered":"\u00abEl pueblu m\u00e1s altu d&#8217;Asturies\u00bb La Raya (Ayer)."},"content":{"rendered":"<p>El pueblu asturianu para esfrutar del ambiente navidiego ente cases nevaes y monte: el m\u00e1s altu de la rex\u00f3n, a 1.560 metros, onde comer la carne roxa de xata, picadiellu o un bon panch\u00f3n. \u00abEl pueblu m\u00e1s altu d&#8217;Asturies\u00bb figura nel cartelu que recibe a los visitantes al pueblu.<\/p>\n<p style=\"text-align: center\"><a href=\"https:\/\/estaticos-cdn.prensaiberica.es\/clip\/594d3cf1-7acd-42d6-adcf-c989a161c4a5_16-9-discover-aspect-ratio_default_0.webp\"><img loading=\"lazy\" decoding=\"async\" class=\"aligncenter size-large\" src=\"https:\/\/estaticos-cdn.prensaiberica.es\/clip\/594d3cf1-7acd-42d6-adcf-c989a161c4a5_16-9-discover-aspect-ratio_default_0.webp\" width=\"1200\" height=\"675\" \/><\/a><\/p>\n<p style=\"text-align: center\">Asturies cunta con unu de los meyores pueblos pal y\u00e1 empez\u00e1u iviernu. <a href=\"https:\/\/viajar.elperiodico.com\/escapate_cerca\/pueblo-asturiano-ambiente-navideno-casas-nevadas-montana-125050464\">El Peri\u00f3dico<\/a><\/p>\n<p><!--more--><\/p>\n<p>&nbsp;<\/p>\n<p>Les nieves empiecen a ti\u00f1ir de blancu los cumes asturianos y en delles localidaes de monte llega una d\u00f3mina na que les m\u00edtiques estampes ivernices converties en realid\u00e1 per unes selmanes. Una imaxe buc\u00f3lica pa los amantes del fr\u00edu y de la Navid\u00e1, que y\u00e1 ta al volver la esquina.<\/p>\n<p style=\"text-align: center\"><a href=\"https:\/\/estaticos-cdn.prensaiberica.es\/clip\/f248d35e-a5d4-4f9c-848d-51547fe8a406_source-aspect-ratio_default_0.webp\"><img loading=\"lazy\" decoding=\"async\" class=\"aligncenter size-large\" src=\"https:\/\/estaticos-cdn.prensaiberica.es\/clip\/f248d35e-a5d4-4f9c-848d-51547fe8a406_source-aspect-ratio_default_0.webp\" width=\"1257\" height=\"835\" \/><\/a><\/p>\n<p><strong>Asina ye vivir o visitar \u00abel pueblu m\u00e1s altu d&#8217;Asturies\u00bb, La Raya (Ayer).<\/strong> Esta localid\u00e1 cunta con una casa que ye la construcci\u00f3n m\u00e1s elevada de la rex\u00f3n, seg\u00fan el Sadei (Socied\u00e1 Asturiana d&#8217;Estudios Econ\u00f3micos ya Industriales). Ta asitiada a 1.540 metros y supera por bien pocu (solo ocho metros) a la casa m\u00e1s prominente del puertu de L.leitariegos (Cangas), allugada a 1.532.<\/p>\n<p>Los escasos habitantes de La Raya t\u00e1n \u00abarguyosos\u00bb de vivir nel visu d&#8217;Asturies. \u00abYe un honor y un privilexu\u00bb, cunten al peri\u00f3dicu La Nueva Espa\u00f1a. Anque ensin cuntar construcciones, el cume real del Princip\u00e1u (y de Lli\u00f3n y del Cordal Cant\u00e1bricu) ye Torre Zarr\u00e9u, a 2.649 metros, nel conceyu de Cabrales. Asturies ta nos altores como demuestra&#8217;l fechu de que casi&#8217;l 5% de la superficie at\u00f3pase a m\u00e1s de 1.500 metros.<\/p>\n<p>\u00abEl pueblu m\u00e1s altu d&#8217;Asturies\u00bb. Ye&#8217;l cartelu que recibe a los visitantes a La Raya, nel altu de San Isidro (Ayer). Seis palabres que dan carpetazo a una antigua \u00abpiquilla\u00bb ente la localid\u00e1 ayerana y L.leitariegos. \u00abLes mid\u00edes dannos la raz\u00f3n\u00bb, apunten los vecinos de La Raya que, am\u00e1s, realizaron la so propia midida sobro la casa m\u00e1s elevada, asitiada a 1.560 metros, 20 m\u00e1s que l&#8217;altit\u00fa oficial del pueblu.<\/p>\n<p>Ciertu ye que&#8217;l pasu de carretera a mayor altit\u00fa d&#8217;Asturies ta en L.leitariegos, en Cangas (1.525 metros sobro&#8217;l nivel del mar). Con estes precisiones, los vecinos de La Raya sentencien: \u00abYe un honor y un privilexu vivir equ\u00ed\u00bb. La nieve, dacuando, fai de les suyes. \u00abTenemos que tar preparaos y tener suministros de comida y combustible, sobremanera, en vistes a un posible aislamientu\u00bb.<\/p>\n<p>Anque la maquinaria y los recursos actuales torguen que tean aisllaos mientres m\u00e1s de dos d\u00edes. Fernando Corderu cri\u00f3se y\u00e1 en familia hostelera, amestada al turismu que llegaba a La Raya llam\u00e1u pola estaci\u00f3n de San Isidro. El so g\u00fcelu, ello ye que fixo hestoria nel sector. \u00abDende la inauguraci\u00f3n de Fontes d&#8217;Iviernu (a\u00f1u 2006), foi un \u2018*boom\u2019\u00bb, se\u00f1ala l&#8217;hosteleru.<\/p>\n","protected":false},"excerpt":{"rendered":"<p>El pueblu asturianu para esfrutar del ambiente navidiego ente cases nevaes y monte: el m\u00e1s altu de la rex\u00f3n, a 1.560 metros, onde comer la carne roxa de xata, picadiellu o un bon panch\u00f3n. \u00abEl pueblu m\u00e1s altu d&#8217;Asturies\u00bb figura nel cartelu que recibe a los visitantes al pueblu. Asturies cunta con unu de los [&hellip;]<\/p>\n","protected":false},"author":117,"featured_media":0,"comment_status":"closed","ping_status":"closed","sticky":false,"template":"","format":"standard","meta":{"footnotes":""},"categories":[22],"tags":[],"class_list":["post-64392","post","type-post","status-publish","format-standard","hentry","category-pueblos"],"_links":{"self":[{"href":"https:\/\/edublog.educastur.es\/ixuxu\/wp-json\/wp\/v2\/posts\/64392","targetHints":{"allow":["GET"]}}],"collection":[{"href":"https:\/\/edublog.educastur.es\/ixuxu\/wp-json\/wp\/v2\/posts"}],"about":[{"href":"https:\/\/edublog.educastur.es\/ixuxu\/wp-json\/wp\/v2\/types\/post"}],"author":[{"embeddable":true,"href":"https:\/\/edublog.educastur.es\/ixuxu\/wp-json\/wp\/v2\/users\/117"}],"replies":[{"embeddable":true,"href":"https:\/\/edublog.educastur.es\/ixuxu\/wp-json\/wp\/v2\/comments?post=64392"}],"version-history":[{"count":4,"href":"https:\/\/edublog.educastur.es\/ixuxu\/wp-json\/wp\/v2\/posts\/64392\/revisions"}],"predecessor-version":[{"id":64396,"href":"https:\/\/edublog.educastur.es\/ixuxu\/wp-json\/wp\/v2\/posts\/64392\/revisions\/64396"}],"wp:attachment":[{"href":"https:\/\/edublog.educastur.es\/ixuxu\/wp-json\/wp\/v2\/media?parent=64392"}],"wp:term":[{"taxonomy":"category","embeddable":true,"href":"https:\/\/edublog.educastur.es\/ixuxu\/wp-json\/wp\/v2\/categories?post=64392"},{"taxonomy":"post_tag","embeddable":true,"href":"https:\/\/edublog.educastur.es\/ixuxu\/wp-json\/wp\/v2\/tags?post=64392"}],"curies":[{"name":"wp","href":"https:\/\/api.w.org\/{rel}","templated":true}]}}