{"id":6441,"date":"2021-05-27T19:29:54","date_gmt":"2021-05-27T17:29:54","guid":{"rendered":"https:\/\/edublog.educastur.es\/ixuxu\/?p=6441"},"modified":"2021-05-27T19:44:05","modified_gmt":"2021-05-27T17:44:05","slug":"carta-duna-madre-asturiana-al-so-fiu-que-ta-fora","status":"publish","type":"post","link":"https:\/\/edublog.educastur.es\/ixuxu\/2021\/05\/carta-duna-madre-asturiana-al-so-fiu-que-ta-fora\/","title":{"rendered":"Carta d\u00b4una madre asturiana al so f\u00edu que ta fora."},"content":{"rendered":"<div class=\"\" dir=\"auto\">\n<div class=\"\" dir=\"auto\">\n<div class=\"ecm0bbzt hv4rvrfc ihqw7lf3 dati1w0a\" data-ad-comet-preview=\"message\" data-ad-preview=\"message\">\n<div class=\"j83agx80 cbu4d94t ew0dbk1b irj2b8pg\">\n<div class=\"qzhwtbm6 knvmm38d\">\n<div class=\"kvgmc6g5 cxmmr5t8 oygrvhab hcukyx3x c1et5uql ii04i59q\">\n<div dir=\"auto\" style=\"text-align: center\"><img loading=\"lazy\" decoding=\"async\" class=\"alignnone \" src=\"https:\/\/4.bp.blogspot.com\/-RlY5WMtq534\/WATquwcAz0I\/AAAAAAAABBw\/RrO2t62KhOYbrF70gPLqTcvIySDWPyv0gCLcB\/s640\/LA%252520VIEYINA.jpg\" width=\"433\" height=\"342\" \/><\/div>\n<div dir=\"auto\"><\/div>\n<div dir=\"auto\"><em><span style=\"font-size: 20px\">Quer\u00edu f\u00edu;<\/span><\/em><\/div>\n<div dir=\"auto\"><\/div>\n<div dir=\"auto\"><em><span style=\"font-size: 20px\">P\u00f3ngote estes llinies pa que sepas que toy viva. Toy escribi\u00e9ndote, despaciu, porque se que nun yes pa lleer deprisa. Si recibes esta carta ye que llegote, si non, d\u00edcesmelo y m\u00e1ndotela otra vez.<\/span><\/em><\/div>\n<div dir=\"auto\"><!--more--><\/div>\n<div dir=\"auto\"><em><span style=\"font-size: 20px\">El tiempu por aqui nun ta mal; la semana pas\u00e1 solo llovi\u00f3 dos veces, la primera vez tuvo lloviendo tres dies y la segunda cuatro. Ya te mand\u00e9 la chaqueta que quer\u00eds, pero d\u00edgote que el to t\u00edu Pepe dixo que si la mand\u00e1bamos con los botones puestos pesar\u00eda muncho y el env\u00edu ser\u00eda muy caru, as\u00ed que quit\u00e1mosilos y met\u00edmostelos en el bolsu de adientro.<\/span><\/em><\/div>\n<div dir=\"auto\"><\/div>\n<div dir=\"auto\"><em><span style=\"font-size: 20px\">Por fin ya pudimos enterrar a to g\u00fcelu, alcontr\u00e1moslu cuando lo de la mudanza, taba met\u00edu en el armariu desde el dia aquel que nos gan\u00f3 xugando al escondite.<\/span><\/em><\/div>\n<div dir=\"auto\"><em><span style=\"font-size: 20px\">Cu\u00e9ntote que el otru dia explot\u00f3 la cocina de gas y to p\u00e1 y yo salimos disparaos pol aire y cayimos afuera de la casa, \u00a1qu\u00e9 emoci\u00f3n! . Yera la primera vez que to p\u00e1 y yo saliamos xuntos de casa.<\/span><\/em><\/div>\n<div dir=\"auto\"><\/div>\n<div dir=\"auto\"><em><span style=\"font-size: 20px\">Vino el m\u00e9dicu pues yo tenia fiebre, p\u00fasome un tubin de cristal en la boca y d\u00edxome que nun podia hablar en diez minutos; to p\u00e1 queria comprai el tubu.<\/span><\/em><\/div>\n<div dir=\"auto\"><span style=\"font-size: 20px\"><em>Perdona la mala lletra y les faltes de ortografia, ye que yo cans\u00e9 de escribite y ahora toy dict\u00e1ndoi a to p\u00e1, ya sabes lo burru que ye. Y hablando de to p\u00e1, \u00a1qu\u00e9 orgullosu ta!. Cu\u00e9ntote que ahora tien un buen trabayu, tien cerca de 500 persones por debaxiu d&#8217;\u00e9l; ye l&#8217;encargau de segar el cementeriu.<\/em><\/span><\/div>\n<div dir=\"auto\"><\/div>\n<div dir=\"auto\"><span style=\"font-size: 20px\"><em>El otru dia to p\u00e1 ley\u00f3 en el peri\u00f3dicu que, seg\u00fan les encuestes, la mayoria de los accidentes pasen a un kil\u00f3metru de casa, asi que mud\u00e9mosnos m\u00e1s lejos. Nun vas a reconocer casa. El sitiu ye muy guapu y ahora tengo llavaora, aunque no estoy muy segura de que funcione; ayer meti la ropa, tir\u00e9 de la cadena y, desde esi momentu nun la volv\u00ed a ver.<\/em><\/span><\/div>\n<div dir=\"auto\"><\/div>\n<div dir=\"auto\"><span style=\"font-size: 20px\"><em>La tu hermana Xulia, la que se cas\u00f3 con el su home, pari\u00f3, pero como tovia nun se de que sexu ye, nun se si decite si yes t\u00edu o t\u00eda. Si por fin ye nena van llamala como yo; ella a la to hermana llamarai \u00abmam\u00e1\u00bb. La otra hermana, Pilar, ta embaraz\u00e1 de 5 meses; to p\u00e1 preguntoi si taba segura de que yera de ella.<\/em><\/span><\/div>\n<div dir=\"auto\"><span style=\"font-size: 20px\"><em>Y por \u00faltimo, el to hermanu Juanchu sigue tan despistau como siempre; el otru dia cerr\u00f3 el coche y dex\u00f3 las llaves dientru; tuvo que caminar tres kil\u00f3metros p&#8217;all\u00e1 y otros tres p&#8217;ac\u00e1, hasta casa por el duplicau pa poder sacanos a to p\u00e1 ya mi del coche.<\/em><\/span><\/div>\n<div dir=\"auto\"><\/div>\n<div dir=\"auto\"><span style=\"font-size: 20px\"><em>El to primu Paco cas\u00f3se y pasa to la noche rezandoi a la muyer porque dixeironi que yera virgen. A quien nunca m\u00e1s vimos per aqui ye al t\u00edu Carlones, el que morri\u00f3 el a\u00f1u pasau. Ahora el que nos tien muy preocupaos ye el tu perru, el Puski, emp\u00e9fiase en correr detr\u00e1s de los coches que tan paraos.<\/em><\/span><\/div>\n<div dir=\"auto\"><span style=\"font-size: 20px\"><em>\u00bfRecuerdes al to amigu Ant\u00f3n?, ya nun ta m\u00e1s n&#8217;esti mundu. So p\u00e1 morri\u00f3 fai dos meses y como habia pediu ser enterrao en el llagu, el probe Ant\u00f3n morri\u00f3 cavando la poza en el fondu.<\/em><\/span><\/div>\n<div dir=\"auto\"><\/div>\n<div dir=\"auto\"><span style=\"font-size: 20px\"><em>Bueno fiu, non te pongo direcci\u00f3n en la carta porque no la s\u00e9; resulta que la xente que vivi\u00f3 aqui llev\u00f3 los n\u00fameros pa nun tener que cambiar de domiciliu. Si ves a do\u00f1a Remedios sal\u00fadala de mi parte; si nun la ves, noi digas n\u00e1.<\/em><\/span><\/div>\n<div dir=\"auto\"><\/div>\n<div dir=\"auto\"><span style=\"font-size: 20px\"><em>To m\u00e1 que te quier, Carmina.<\/em><\/span><\/div>\n<div dir=\"auto\"><\/div>\n<div dir=\"auto\"><span style=\"font-size: 20px\"><em>Pdt: Diba mandate 100 euros, pero ya cerre el sobre!<\/em><\/span><\/div>\n<\/div>\n<ul>\n<li><a href=\"https:\/\/www.facebook.com\/groups\/asturiasnuestratierra\">Fonte: Asturias, nuestra tierra<\/a><\/li>\n<\/ul>\n<\/div>\n<\/div>\n<\/div>\n<\/div>\n<\/div>\n<p>&nbsp;<\/p>\n<p>&nbsp;<\/p>\n","protected":false},"excerpt":{"rendered":"<p>Quer\u00edu f\u00edu; P\u00f3ngote estes llinies pa que sepas que toy viva. Toy escribi\u00e9ndote, despaciu, porque se que nun yes pa lleer deprisa. Si recibes esta carta ye que llegote, si non, d\u00edcesmelo y m\u00e1ndotela otra vez.<\/p>\n","protected":false},"author":117,"featured_media":0,"comment_status":"open","ping_status":"open","sticky":false,"template":"","format":"standard","meta":{"footnotes":""},"categories":[173],"tags":[],"class_list":["post-6441","post","type-post","status-publish","format-standard","hentry","category-cartes"],"_links":{"self":[{"href":"https:\/\/edublog.educastur.es\/ixuxu\/wp-json\/wp\/v2\/posts\/6441","targetHints":{"allow":["GET"]}}],"collection":[{"href":"https:\/\/edublog.educastur.es\/ixuxu\/wp-json\/wp\/v2\/posts"}],"about":[{"href":"https:\/\/edublog.educastur.es\/ixuxu\/wp-json\/wp\/v2\/types\/post"}],"author":[{"embeddable":true,"href":"https:\/\/edublog.educastur.es\/ixuxu\/wp-json\/wp\/v2\/users\/117"}],"replies":[{"embeddable":true,"href":"https:\/\/edublog.educastur.es\/ixuxu\/wp-json\/wp\/v2\/comments?post=6441"}],"version-history":[{"count":3,"href":"https:\/\/edublog.educastur.es\/ixuxu\/wp-json\/wp\/v2\/posts\/6441\/revisions"}],"predecessor-version":[{"id":6450,"href":"https:\/\/edublog.educastur.es\/ixuxu\/wp-json\/wp\/v2\/posts\/6441\/revisions\/6450"}],"wp:attachment":[{"href":"https:\/\/edublog.educastur.es\/ixuxu\/wp-json\/wp\/v2\/media?parent=6441"}],"wp:term":[{"taxonomy":"category","embeddable":true,"href":"https:\/\/edublog.educastur.es\/ixuxu\/wp-json\/wp\/v2\/categories?post=6441"},{"taxonomy":"post_tag","embeddable":true,"href":"https:\/\/edublog.educastur.es\/ixuxu\/wp-json\/wp\/v2\/tags?post=6441"}],"curies":[{"name":"wp","href":"https:\/\/api.w.org\/{rel}","templated":true}]}}