{"id":64430,"date":"2025-12-28T08:30:01","date_gmt":"2025-12-28T06:30:01","guid":{"rendered":"https:\/\/edublog.educastur.es\/ixuxu\/?p=64430"},"modified":"2025-12-28T14:19:50","modified_gmt":"2025-12-28T12:19:50","slug":"el-tiempu-el-comercio-221","status":"publish","type":"post","link":"https:\/\/edublog.educastur.es\/ixuxu\/2025\/12\/el-tiempu-el-comercio-221\/","title":{"rendered":"El tiempu (El Comercio)"},"content":{"rendered":"<p style=\"text-align: center\"><a href=\"https:\/\/s3.ppllstatics.com\/elcomercio\/www\/multimedia\/2025\/12\/27\/tiempo-asturias-domingo-28-diciembre-kxVF-U2302588077118HVD-1200x870@El%20Comercio.jpg\"><img loading=\"lazy\" decoding=\"async\" class=\"aligncenter size-large\" src=\"https:\/\/s3.ppllstatics.com\/elcomercio\/www\/multimedia\/2025\/12\/27\/tiempo-asturias-domingo-28-diciembre-kxVF-U2302588077118HVD-1200x870@El%20Comercio.jpg\" width=\"1200\" height=\"868\" \/><\/a><\/p>\n<p><strong>Vamos amanecer<\/strong> con dellos intervalos de nubes medies y altes. Pero <strong>a lo llargo de la ma\u00f1ana<\/strong> vamos reparar como estes nubes van dir desfaciendose hasta dexar los cielos pr\u00e1cticamente estenos al mediud\u00eda. Con \u00e9ses<strong> tola segunda met\u00e1 de g\u00fcei<\/strong> va tar marcada per unos cielos llimpios de nubosid\u00e1 y, evidentemente, la nula probabilid\u00e1 de precipitaciones. <strong>Los vientos<\/strong> van ser fluexos polo xeneral, pero nun se refuguen delles raches moderaes en zones altes del cordal mientres la ma\u00f1ana y nes hores centrales.<strong> Les temperatures<\/strong> van xubir llixeramente tantu nel casu de les m\u00e1ximes como nel de les m\u00ednimes.<strong> L&#8217;ambiente<\/strong> va ser fr\u00edu pero con estos pequenos ascensos, y\u00e1 van tar les temperatures bastante allo\u00f1aes de les que se llegaron a anotar el d\u00eda de Navid\u00e1 o&#8217;l vienres 26.<\/p>\n<p><!--more--><\/p>\n<p><strong>El llunes<\/strong> vamos empezar la selmana con una xornada na que va predominar la nubosid\u00e1 de tipu mediu y alto mientres pr\u00e1cticamente tol d\u00eda. Asina tou, van ser nubes insignificantes que nun van dexar precipitaciones en neng\u00fan momentu. Los vientos van ser fluexos y variables. Les temperatures apenes van variar polo que van ser bien similares a les que vamos tener g\u00fcei domingu.<\/p>\n","protected":false},"excerpt":{"rendered":"<p>Vamos amanecer con dellos intervalos de nubes medies y altes. Pero a lo llargo de la ma\u00f1ana vamos reparar como estes nubes van dir desfaciendose hasta dexar los cielos pr\u00e1cticamente estenos al mediud\u00eda. Con \u00e9ses tola segunda met\u00e1 de g\u00fcei va tar marcada per unos cielos llimpios de nubosid\u00e1 y, evidentemente, la nula probabilid\u00e1 de [&hellip;]<\/p>\n","protected":false},"author":117,"featured_media":0,"comment_status":"closed","ping_status":"closed","sticky":false,"template":"","format":"standard","meta":{"footnotes":""},"categories":[5],"tags":[],"class_list":["post-64430","post","type-post","status-publish","format-standard","hentry","category-tiempu"],"_links":{"self":[{"href":"https:\/\/edublog.educastur.es\/ixuxu\/wp-json\/wp\/v2\/posts\/64430","targetHints":{"allow":["GET"]}}],"collection":[{"href":"https:\/\/edublog.educastur.es\/ixuxu\/wp-json\/wp\/v2\/posts"}],"about":[{"href":"https:\/\/edublog.educastur.es\/ixuxu\/wp-json\/wp\/v2\/types\/post"}],"author":[{"embeddable":true,"href":"https:\/\/edublog.educastur.es\/ixuxu\/wp-json\/wp\/v2\/users\/117"}],"replies":[{"embeddable":true,"href":"https:\/\/edublog.educastur.es\/ixuxu\/wp-json\/wp\/v2\/comments?post=64430"}],"version-history":[{"count":3,"href":"https:\/\/edublog.educastur.es\/ixuxu\/wp-json\/wp\/v2\/posts\/64430\/revisions"}],"predecessor-version":[{"id":64433,"href":"https:\/\/edublog.educastur.es\/ixuxu\/wp-json\/wp\/v2\/posts\/64430\/revisions\/64433"}],"wp:attachment":[{"href":"https:\/\/edublog.educastur.es\/ixuxu\/wp-json\/wp\/v2\/media?parent=64430"}],"wp:term":[{"taxonomy":"category","embeddable":true,"href":"https:\/\/edublog.educastur.es\/ixuxu\/wp-json\/wp\/v2\/categories?post=64430"},{"taxonomy":"post_tag","embeddable":true,"href":"https:\/\/edublog.educastur.es\/ixuxu\/wp-json\/wp\/v2\/tags?post=64430"}],"curies":[{"name":"wp","href":"https:\/\/api.w.org\/{rel}","templated":true}]}}