{"id":64443,"date":"2025-12-28T14:43:03","date_gmt":"2025-12-28T12:43:03","guid":{"rendered":"https:\/\/edublog.educastur.es\/ixuxu\/?p=64443"},"modified":"2025-12-28T14:43:03","modified_gmt":"2025-12-28T12:43:03","slug":"alda-merini","status":"publish","type":"post","link":"https:\/\/edublog.educastur.es\/ixuxu\/2025\/12\/alda-merini\/","title":{"rendered":"Alda Merini"},"content":{"rendered":"<div dir=\"auto\"><\/div>\n<div dir=\"auto\"><\/div>\n<div dir=\"auto\"><span style=\"font-size: 28px;color: #008080\"><em>\u00abHai un llugar nel mundu <\/em><\/span><br \/>\n<span style=\"font-size: 28px;color: #008080\"><em>onde&#8217;l coraz\u00f3n llate r\u00e1pido <\/em><\/span><br \/>\n<span style=\"font-size: 28px;color: #008080\"><em>onde la emoci\u00f3n que sientes;<\/em><\/span><br \/>\n<span style=\"font-size: 28px;color: #008080\"><em>te quita l&#8217;aliendu,<\/em><\/span><br \/>\n<span style=\"font-size: 28px;color: #008080\"><em> onde&#8217;l tiempu detiense, <\/em><\/span><br \/>\n<span style=\"font-size: 28px;color: #008080\"><em>esi llugar esta nos tos brazos<\/em><\/span><br \/>\n<span style=\"font-size: 28px;color: #008080\"><em>onde&#8217;l coraz\u00f3n nun avieya,<\/em><\/span><br \/>\n<span style=\"font-size: 28px;color: #008080\"><em> mientres la mente nunca dexa de sua\u00f1ar \u2026<\/em><\/span><br \/>\n<span style=\"font-size: 28px;color: #008080\"><em>D&#8217;ende nun voi poder escapar<\/em><\/span><br \/>\n<span style=\"font-size: 28px;color: #008080\"><em>la fantas\u00eda del encantu depende <\/em><\/span><br \/>\n<span style=\"font-size: 28px;color: #008080\"><em>de la nuesa calid\u00e1.<\/em><\/span><br \/>\n<span style=\"font-size: 28px;color: #008080\"><em>Nunca voi dexar rindime \u2026<\/em><\/span><br \/>\n<span style=\"font-size: 28px;color: #008080\"><em>Por amor pudiera hasta volar\u00bb.<\/em><\/span><\/div>\n<p><!--more--><\/p>\n<div dir=\"auto\"><\/div>\n<div dir=\"auto\">\u00abHay un lugar en el mundo donde el coraz\u00f3n late r\u00e1pido<\/div>\n<div dir=\"auto\">donde la emoci\u00f3n que sientes;<\/div>\n<div dir=\"auto\">te quita el aliento,<\/div>\n<div dir=\"auto\">donde el tiempo se detiene,<\/div>\n<div dir=\"auto\">ese lugar esta en tus brazos<\/div>\n<div dir=\"auto\">donde el coraz\u00f3n no envejece,<\/div>\n<div dir=\"auto\">mientras la mente nunca deja de so\u00f1ar \u2026<\/div>\n<div dir=\"auto\">De ah\u00ed no podr\u00e9 escapar<\/div>\n<div dir=\"auto\">la fantas\u00eda del encanto<\/div>\n<div dir=\"auto\">depende de nuestra calidad.<\/div>\n<div dir=\"auto\">Nunca permitir\u00e9 rendirme \u2026<\/div>\n<div dir=\"auto\">Por amor pudiera hasta volar\u00bb.<\/div>\n<div dir=\"auto\"><strong>Alda Merini<\/strong><\/div>\n","protected":false},"excerpt":{"rendered":"<p>\u00abHai un llugar nel mundu onde&#8217;l coraz\u00f3n llate r\u00e1pido onde la emoci\u00f3n que sientes; te quita l&#8217;aliendu, onde&#8217;l tiempu detiense, esi llugar esta nos tos brazos onde&#8217;l coraz\u00f3n nun avieya, mientres la mente nunca dexa de sua\u00f1ar \u2026 D&#8217;ende nun voi poder escapar la fantas\u00eda del encantu depende de la nuesa calid\u00e1. Nunca voi dexar [&hellip;]<\/p>\n","protected":false},"author":117,"featured_media":0,"comment_status":"closed","ping_status":"closed","sticky":false,"template":"","format":"standard","meta":{"footnotes":""},"categories":[39],"tags":[],"class_list":["post-64443","post","type-post","status-publish","format-standard","hentry","category-poesia"],"_links":{"self":[{"href":"https:\/\/edublog.educastur.es\/ixuxu\/wp-json\/wp\/v2\/posts\/64443","targetHints":{"allow":["GET"]}}],"collection":[{"href":"https:\/\/edublog.educastur.es\/ixuxu\/wp-json\/wp\/v2\/posts"}],"about":[{"href":"https:\/\/edublog.educastur.es\/ixuxu\/wp-json\/wp\/v2\/types\/post"}],"author":[{"embeddable":true,"href":"https:\/\/edublog.educastur.es\/ixuxu\/wp-json\/wp\/v2\/users\/117"}],"replies":[{"embeddable":true,"href":"https:\/\/edublog.educastur.es\/ixuxu\/wp-json\/wp\/v2\/comments?post=64443"}],"version-history":[{"count":1,"href":"https:\/\/edublog.educastur.es\/ixuxu\/wp-json\/wp\/v2\/posts\/64443\/revisions"}],"predecessor-version":[{"id":64444,"href":"https:\/\/edublog.educastur.es\/ixuxu\/wp-json\/wp\/v2\/posts\/64443\/revisions\/64444"}],"wp:attachment":[{"href":"https:\/\/edublog.educastur.es\/ixuxu\/wp-json\/wp\/v2\/media?parent=64443"}],"wp:term":[{"taxonomy":"category","embeddable":true,"href":"https:\/\/edublog.educastur.es\/ixuxu\/wp-json\/wp\/v2\/categories?post=64443"},{"taxonomy":"post_tag","embeddable":true,"href":"https:\/\/edublog.educastur.es\/ixuxu\/wp-json\/wp\/v2\/tags?post=64443"}],"curies":[{"name":"wp","href":"https:\/\/api.w.org\/{rel}","templated":true}]}}