{"id":64453,"date":"2025-12-28T14:53:14","date_gmt":"2025-12-28T12:53:14","guid":{"rendered":"https:\/\/edublog.educastur.es\/ixuxu\/?p=64453"},"modified":"2025-12-31T16:49:46","modified_gmt":"2025-12-31T14:49:46","slug":"les-actividaes-lliteraries","status":"publish","type":"post","link":"https:\/\/edublog.educastur.es\/ixuxu\/2025\/12\/les-actividaes-lliteraries\/","title":{"rendered":"Les actividaes lliteraries"},"content":{"rendered":"<div class=\"x1rg5ohu x2fvf9\">\n<div>\n<div class=\"html-div xdj266r x14z9mp xat24cr x1lziwak xexx8yu xyri2b x18d9i69 x1c1uobl x9f619 xjbqb8w x1rg5ohu x15mokao x1ga7v0g x16uus16 xbiv7yw x1uhb9sk x1plvlek xryxfnj x1c4vz4f x2lah0s x1oa3qoh\"><\/div>\n<\/div>\n<\/div>\n<div style=\"text-align: center\"><span class=\"_ap3a _aaco _aacu _aacx _aad7 _aade\" dir=\"auto\"><em><span class=\"x193iq5w xeuugli x13faqbe x1vvkbs xt0psk2 x1i0vuye xvs91rp xo1l8bm x5n08af x10wh9bi xpm28yp x8viiok x1o7cslx x126k92a\"><span class=\"html-span xexx8yu x4uap5 x18d9i69 xkhd6sd x1hl2dhg x16tdsg8 x1vvkbs x3nfvp2 x1j61x8r x1fcty0u xdj266r xat24cr xgzva0m xhhsvwb xxymvpz xlup9mm x1kky2od\">\n<!-- iframe plugin v.6.0 wordpress.org\/plugins\/iframe\/ -->\n<iframe loading=\"lazy\" src=\"https:\/\/www.instagram.com\/p\/DSzcgFwkcbP\/embed\" width=\"500\" height=\"540\" 0=\"\/iframe\" scrolling=\"yes\" class=\"iframe-class\" frameborder=\"0\"><\/iframe>\n<\/span><\/span><\/em><br \/>\n&#8212;<br \/>\n\ud83d\udcd8<strong>Les actividaes lliteraries<\/strong> de la selmana que vien son:<br \/>\n<\/span><\/div>\n<div style=\"text-align: center\"><\/div>\n<div style=\"text-align: left\"><span class=\"_ap3a _aaco _aacu _aacx _aad7 _aade\" dir=\"auto\">\ud83d\udd39Na Casa la Cultura d\u2019As Figueiras, ma\u00f1ana llunes a les 17 h, taller de Mitolox\u00eda asturiana con Elisabet Mart\u00edn Teatro.<br \/>\n\ud83d\udd39El martes a les 19:30 en Cangas del Narcea, \u00bfPor qu\u00e9 los p\u00e1jaros no tienen rey? con David Acera.<\/span><\/div>\n","protected":false},"excerpt":{"rendered":"<p>&#8212; \ud83d\udcd8Les actividaes lliteraries de la selmana que vien son: \ud83d\udd39Na Casa la Cultura d\u2019As Figueiras, ma\u00f1ana llunes a les 17 h, taller de Mitolox\u00eda asturiana con Elisabet Mart\u00edn Teatro. \ud83d\udd39El martes a les 19:30 en Cangas del Narcea, \u00bfPor qu\u00e9 los p\u00e1jaros no tienen rey? con David Acera.<\/p>\n","protected":false},"author":117,"featured_media":0,"comment_status":"closed","ping_status":"closed","sticky":false,"template":"","format":"standard","meta":{"footnotes":""},"categories":[1],"tags":[],"class_list":["post-64453","post","type-post","status-publish","format-standard","hentry","category-sin-categoria"],"_links":{"self":[{"href":"https:\/\/edublog.educastur.es\/ixuxu\/wp-json\/wp\/v2\/posts\/64453","targetHints":{"allow":["GET"]}}],"collection":[{"href":"https:\/\/edublog.educastur.es\/ixuxu\/wp-json\/wp\/v2\/posts"}],"about":[{"href":"https:\/\/edublog.educastur.es\/ixuxu\/wp-json\/wp\/v2\/types\/post"}],"author":[{"embeddable":true,"href":"https:\/\/edublog.educastur.es\/ixuxu\/wp-json\/wp\/v2\/users\/117"}],"replies":[{"embeddable":true,"href":"https:\/\/edublog.educastur.es\/ixuxu\/wp-json\/wp\/v2\/comments?post=64453"}],"version-history":[{"count":2,"href":"https:\/\/edublog.educastur.es\/ixuxu\/wp-json\/wp\/v2\/posts\/64453\/revisions"}],"predecessor-version":[{"id":64455,"href":"https:\/\/edublog.educastur.es\/ixuxu\/wp-json\/wp\/v2\/posts\/64453\/revisions\/64455"}],"wp:attachment":[{"href":"https:\/\/edublog.educastur.es\/ixuxu\/wp-json\/wp\/v2\/media?parent=64453"}],"wp:term":[{"taxonomy":"category","embeddable":true,"href":"https:\/\/edublog.educastur.es\/ixuxu\/wp-json\/wp\/v2\/categories?post=64453"},{"taxonomy":"post_tag","embeddable":true,"href":"https:\/\/edublog.educastur.es\/ixuxu\/wp-json\/wp\/v2\/tags?post=64453"}],"curies":[{"name":"wp","href":"https:\/\/api.w.org\/{rel}","templated":true}]}}