{"id":64461,"date":"2025-12-28T09:00:16","date_gmt":"2025-12-28T07:00:16","guid":{"rendered":"https:\/\/edublog.educastur.es\/ixuxu\/?p=64461"},"modified":"2025-12-28T16:14:12","modified_gmt":"2025-12-28T14:14:12","slug":"inocenta-pa-los-ovetenses","status":"publish","type":"post","link":"https:\/\/edublog.educastur.es\/ixuxu\/2025\/12\/inocenta-pa-los-ovetenses\/","title":{"rendered":"Inocent\u00e1 pa los ovetenses ;-)"},"content":{"rendered":"<div class=\"xdj266r x14z9mp xat24cr x1lziwak x1vvkbs x126k92a\">\n<div dir=\"auto\"><span class=\"html-span xexx8yu xyri2b x18d9i69 x1c1uobl x1hl2dhg x16tdsg8 x1vvkbs x3nfvp2 x1j61x8r x1fcty0u xdj266r xat24cr xm2jcoa x1mpyi22 xxymvpz xlup9mm x1kky2od\"><img loading=\"lazy\" decoding=\"async\" class=\"xz74otr x15mokao x1ga7v0g x16uus16 xbiv7yw\" src=\"https:\/\/static.xx.fbcdn.net\/images\/emoji.php\/v9\/tfa\/1\/16\/1f7e0.png\" alt=\"\ud83d\udfe0\" width=\"16\" height=\"16\" \/><\/span>Inocent\u00e1 pa los ovetenses: Mafalda desaparez y nel so llugar amanez el monigote de la <span class=\"html-span xdj266r x14z9mp xat24cr x1lziwak xexx8yu xyri2b x18d9i69 x1c1uobl x1hl2dhg x16tdsg8 x1vvkbs\"><a class=\"x1i10hfl xjbqb8w x1ejq31n x18oe1m7 x1sy0etr xstzfhl x972fbf x10w94by x1qhh985 x14e42zd x9f619 x1ypdohk xt0psk2 x3ct3a4 xdj266r x14z9mp xat24cr x1lziwak xexx8yu xyri2b x18d9i69 x1c1uobl x16tdsg8 x1hl2dhg xggy1nq x1a2a7pz xkrqix3 x1sur9pj x1fey0fg x1s688f\" role=\"link\" href=\"https:\/\/www.facebook.com\/fundacioninocente?__cft__[0]=AZYKHeg4KMlcLG_Zbngicp6pFrwWbNl4vsDT7fo95wDJ6gDIY07bwhqAyVrbkixbg9d6x99J_tqOP5Ne-aXoWUQeNJBj0tAPJQLD5-14waEXwnGX9uS4Sq5kP3LxUDQI522wyBp3_QMNouJZGds2vMCVlxYdCyUZkM2jFS2eiqY0yNYUsptjM64cIfUXKV1312e6GZdo-lXmxrrcU_xLJP3E&amp;__tn__=-]K-R\"><span class=\"xt0psk2\"><span class=\"xjp7ctv\">Fundaci\u00f3n Inocente Inocente. <\/span><\/span><\/a><\/span><span class=\"html-span xexx8yu xyri2b x18d9i69 x1c1uobl x1hl2dhg x16tdsg8 x1vvkbs x3nfvp2 x1j61x8r x1fcty0u xdj266r xat24cr xm2jcoa x1mpyi22 xxymvpz xlup9mm x1kky2od\"><img loading=\"lazy\" decoding=\"async\" class=\"xz74otr x15mokao x1ga7v0g x16uus16 xbiv7yw\" src=\"https:\/\/static.xx.fbcdn.net\/images\/emoji.php\/v9\/tfa\/1\/16\/1f7e0.png\" alt=\"\ud83d\udfe0\" width=\"16\" height=\"16\" \/><\/span>Un gui\u00f1u simb\u00f3lico pa despedir 2025, a\u00f1u nel que Uvi\u00e9u foi Ciud\u00e1 Inocente y di\u00f3 a conocer el so llabor de la fundaci\u00f3n. Noticia: <span class=\"html-span xdj266r x14z9mp xat24cr x1lziwak xexx8yu xyri2b x18d9i69 x1c1uobl x1hl2dhg x16tdsg8 x1vvkbs\"><a class=\"x1i10hfl xjbqb8w x1ejq31n x18oe1m7 x1sy0etr xstzfhl x972fbf x10w94by x1qhh985 x14e42zd x9f619 x1ypdohk xt0psk2 x3ct3a4 xdj266r x14z9mp xat24cr x1lziwak xexx8yu xyri2b x18d9i69 x1c1uobl x16tdsg8 x1hl2dhg xggy1nq x1a2a7pz xkrqix3 x1sur9pj x1fey0fg x1s688f\" role=\"link\" href=\"https:\/\/tinyurl.com\/3ska54m6?fbclid=IwZXh0bgNhZW0CMTAAYnJpZBExWHg0U3FvN0xCUFhEV21YeHNydGMGYXBwX2lkEDIyMjAzOTE3ODgyMDA4OTIAAR6TLAAQpyCfuSGlmS2FzKstXCSa69UPPSc-H_jpPrEDAtm2OpAH3yJ4-oc-7w_aem_r4DrCWMGcTgDEsvpmo_mHw\" target=\"_blank\" rel=\"nofollow noopener noreferrer\">https:\/\/tinyurl.com\/3ska54m6<\/a><\/span><\/div>\n<div dir=\"auto\"><\/div>\n<div dir=\"auto\" style=\"text-align: center\"><a href=\"https:\/\/s1.ppllstatics.com\/elcomercio\/www\/multimedia\/2025\/12\/28\/inocente1-RRHSqeGq0gcTnLqTIjhPdSN-1200x840@El%20Comercio.jpg\"><img loading=\"lazy\" decoding=\"async\" class=\"aligncenter \" src=\"https:\/\/s1.ppllstatics.com\/elcomercio\/www\/multimedia\/2025\/12\/28\/inocente1-RRHSqeGq0gcTnLqTIjhPdSN-1200x840@El%20Comercio.jpg\" width=\"821\" height=\"575\" \/><\/a><\/div>\n<div dir=\"auto\" style=\"text-align: center\">Feliz D\u00eda de los inocentes&#8230; \ud83d\ude09<\/div>\n<div dir=\"auto\"><!--more--><\/div>\n<div dir=\"auto\">\n<p>El Campu San Francisco d&#8217;Uvi\u00e9u amaneci\u00f3 esta ma\u00f1ana ensin unu de los sos personaxes favoritos, Mafalda. La popular estatua &#8216;sumi\u00f3&#8217; del so actual allugamientu, frente al estanque de los cor\u00edos, y ocupa el so llugar un monigote de la Fundaci\u00f3n Inocente.<\/p>\n<p style=\"text-align: center\"><a href=\"https:\/\/s3.ppllstatics.com\/elcomercio\/www\/multimedia\/2025\/12\/28\/inocente%202-U42664771535IAQ-1200x841@El%20Comercio.jpg\"><img loading=\"lazy\" decoding=\"async\" class=\"aligncenter \" src=\"https:\/\/s3.ppllstatics.com\/elcomercio\/www\/multimedia\/2025\/12\/28\/inocente%202-U42664771535IAQ-1200x841@El%20Comercio.jpg\" width=\"759\" height=\"532\" \/><\/a><\/p>\n<p>Esta foi la sorpresa preparada pol Conceyu, en collaboraci\u00f3n cola citada fundaci\u00f3n, para celebrar esti 28 d&#8217;avientu. A esto sum\u00f3se que&#8217;l <strong>calendariu vexetal del pas\u00e9u de los \u00c1lamos lluci\u00f3 de color naranxa en llugar del verde habitual.<\/strong><\/p>\n<p style=\"text-align: center\"><a href=\"https:\/\/s2.ppllstatics.com\/elcomercio\/www\/multimedia\/2025\/12\/28\/inocente3-U16412233188TLQ-1200x841@El%20Comercio.jpg\"><img loading=\"lazy\" decoding=\"async\" class=\"aligncenter \" src=\"https:\/\/s2.ppllstatics.com\/elcomercio\/www\/multimedia\/2025\/12\/28\/inocente3-U16412233188TLQ-1200x841@El%20Comercio.jpg\" width=\"789\" height=\"553\" \/><\/a><\/p>\n<\/div>\n<\/div>\n<p>&nbsp;<\/p>\n","protected":false},"excerpt":{"rendered":"<p>Inocent\u00e1 pa los ovetenses: Mafalda desaparez y nel so llugar amanez el monigote de la Fundaci\u00f3n Inocente Inocente. Un gui\u00f1u simb\u00f3lico pa despedir 2025, a\u00f1u nel que Uvi\u00e9u foi Ciud\u00e1 Inocente y di\u00f3 a conocer el so llabor de la fundaci\u00f3n. Noticia: https:\/\/tinyurl.com\/3ska54m6 Feliz D\u00eda de los inocentes&#8230; \ud83d\ude09<\/p>\n","protected":false},"author":117,"featured_media":0,"comment_status":"closed","ping_status":"closed","sticky":false,"template":"","format":"standard","meta":{"footnotes":""},"categories":[6],"tags":[],"class_list":["post-64461","post","type-post","status-publish","format-standard","hentry","category-dia-de"],"_links":{"self":[{"href":"https:\/\/edublog.educastur.es\/ixuxu\/wp-json\/wp\/v2\/posts\/64461","targetHints":{"allow":["GET"]}}],"collection":[{"href":"https:\/\/edublog.educastur.es\/ixuxu\/wp-json\/wp\/v2\/posts"}],"about":[{"href":"https:\/\/edublog.educastur.es\/ixuxu\/wp-json\/wp\/v2\/types\/post"}],"author":[{"embeddable":true,"href":"https:\/\/edublog.educastur.es\/ixuxu\/wp-json\/wp\/v2\/users\/117"}],"replies":[{"embeddable":true,"href":"https:\/\/edublog.educastur.es\/ixuxu\/wp-json\/wp\/v2\/comments?post=64461"}],"version-history":[{"count":7,"href":"https:\/\/edublog.educastur.es\/ixuxu\/wp-json\/wp\/v2\/posts\/64461\/revisions"}],"predecessor-version":[{"id":64481,"href":"https:\/\/edublog.educastur.es\/ixuxu\/wp-json\/wp\/v2\/posts\/64461\/revisions\/64481"}],"wp:attachment":[{"href":"https:\/\/edublog.educastur.es\/ixuxu\/wp-json\/wp\/v2\/media?parent=64461"}],"wp:term":[{"taxonomy":"category","embeddable":true,"href":"https:\/\/edublog.educastur.es\/ixuxu\/wp-json\/wp\/v2\/categories?post=64461"},{"taxonomy":"post_tag","embeddable":true,"href":"https:\/\/edublog.educastur.es\/ixuxu\/wp-json\/wp\/v2\/tags?post=64461"}],"curies":[{"name":"wp","href":"https:\/\/api.w.org\/{rel}","templated":true}]}}