{"id":64494,"date":"2025-12-29T08:50:03","date_gmt":"2025-12-29T06:50:03","guid":{"rendered":"https:\/\/edublog.educastur.es\/ixuxu\/?p=64494"},"modified":"2025-12-29T16:54:29","modified_gmt":"2025-12-29T14:54:29","slug":"64494","status":"publish","type":"post","link":"https:\/\/edublog.educastur.es\/ixuxu\/2025\/12\/64494\/","title":{"rendered":"L&#8217;a\u00f1u 2025 va despidise so la influencia d&#8217;una nueva umbada atl\u00e1ntica"},"content":{"rendered":"<p style=\"text-align: center\"><a href=\"https:\/\/cdns3.eltiempo.es\/eltiempo\/blog\/noticias\/2025\/12\/29111720\/n.isobarico_jue-1536x864.jpg\"><img loading=\"lazy\" decoding=\"async\" class=\"aligncenter size-large\" src=\"https:\/\/cdns3.eltiempo.es\/eltiempo\/blog\/noticias\/2025\/12\/29111720\/n.isobarico_jue-1536x864.jpg\" width=\"1536\" height=\"864\" \/><\/a><\/p>\n<p>L&#8217;a\u00f1u 2025 va despidise so la influencia d&#8217;una nueva umbada atl\u00e1ntica que se va averar a la Pen\u00ednsula y que va traer consigo un episodiu de tiempu inestable en bona parte d&#8217;Espa\u00f1a. Seg\u00fan los modelos meteorol\u00f3xicos actuales, la umbada va empezar a notase nes primeres hores del nuevu a\u00f1u, cola entrada de precipitaciones dende l&#8217;Atl\u00e1nticu por socesivos frentes. <a href=\"https:\/\/www.eltiempo.es\/noticias\/una-borrasca-marcara-el-arranque-de-2026-tras-dias-de-heladas-y-frio-intenso-en-espana?fbclid=IwY2xjawO_dCRleHRuA2FlbQIxMQBzcnRjBmFwcF9pZBAyMjIwMzkxNzg4MjAwODkyAAEeLRgi_98tQif36FTwl6nrDp_M3vh7OUNyTs4jGcXUy1YeAQzUraC3PXgOBd8_aem_MUnEC_lZ9ErE8g2pl6XENQ\">El Tiempo<\/a> \/<\/p>\n<p><!--more--><a href=\"https:\/\/cdns3.eltiempo.es\/eltiempo\/blog\/noticias\/2025\/12\/29111812\/n.intensidad_jue-2-1536x864.jpg\"><img loading=\"lazy\" decoding=\"async\" class=\"aligncenter size-large\" src=\"https:\/\/cdns3.eltiempo.es\/eltiempo\/blog\/noticias\/2025\/12\/29111812\/n.intensidad_jue-2-1536x864.jpg\" width=\"1536\" height=\"864\" \/><\/a>El domingu<\/p>\n<p style=\"text-align: center\"><a href=\"https:\/\/cdns3.eltiempo.es\/eltiempo\/blog\/noticias\/2025\/12\/29111847\/n.prec_acum_dom-1536x864.jpg\"><img loading=\"lazy\" decoding=\"async\" class=\"aligncenter size-large\" src=\"https:\/\/cdns3.eltiempo.es\/eltiempo\/blog\/noticias\/2025\/12\/29111847\/n.prec_acum_dom-1536x864.jpg\" width=\"1536\" height=\"864\" \/><\/a><\/p>\n","protected":false},"excerpt":{"rendered":"<p>L&#8217;a\u00f1u 2025 va despidise so la influencia d&#8217;una nueva umbada atl\u00e1ntica que se va averar a la Pen\u00ednsula y que va traer consigo un episodiu de tiempu inestable en bona parte d&#8217;Espa\u00f1a. Seg\u00fan los modelos meteorol\u00f3xicos actuales, la umbada va empezar a notase nes primeres hores del nuevu a\u00f1u, cola entrada de precipitaciones dende l&#8217;Atl\u00e1nticu [&hellip;]<\/p>\n","protected":false},"author":117,"featured_media":0,"comment_status":"closed","ping_status":"closed","sticky":false,"template":"","format":"standard","meta":{"footnotes":""},"categories":[5],"tags":[],"class_list":["post-64494","post","type-post","status-publish","format-standard","hentry","category-tiempu"],"_links":{"self":[{"href":"https:\/\/edublog.educastur.es\/ixuxu\/wp-json\/wp\/v2\/posts\/64494","targetHints":{"allow":["GET"]}}],"collection":[{"href":"https:\/\/edublog.educastur.es\/ixuxu\/wp-json\/wp\/v2\/posts"}],"about":[{"href":"https:\/\/edublog.educastur.es\/ixuxu\/wp-json\/wp\/v2\/types\/post"}],"author":[{"embeddable":true,"href":"https:\/\/edublog.educastur.es\/ixuxu\/wp-json\/wp\/v2\/users\/117"}],"replies":[{"embeddable":true,"href":"https:\/\/edublog.educastur.es\/ixuxu\/wp-json\/wp\/v2\/comments?post=64494"}],"version-history":[{"count":3,"href":"https:\/\/edublog.educastur.es\/ixuxu\/wp-json\/wp\/v2\/posts\/64494\/revisions"}],"predecessor-version":[{"id":64497,"href":"https:\/\/edublog.educastur.es\/ixuxu\/wp-json\/wp\/v2\/posts\/64494\/revisions\/64497"}],"wp:attachment":[{"href":"https:\/\/edublog.educastur.es\/ixuxu\/wp-json\/wp\/v2\/media?parent=64494"}],"wp:term":[{"taxonomy":"category","embeddable":true,"href":"https:\/\/edublog.educastur.es\/ixuxu\/wp-json\/wp\/v2\/categories?post=64494"},{"taxonomy":"post_tag","embeddable":true,"href":"https:\/\/edublog.educastur.es\/ixuxu\/wp-json\/wp\/v2\/tags?post=64494"}],"curies":[{"name":"wp","href":"https:\/\/api.w.org\/{rel}","templated":true}]}}