{"id":64505,"date":"2025-12-29T17:03:28","date_gmt":"2025-12-29T15:03:28","guid":{"rendered":"https:\/\/edublog.educastur.es\/ixuxu\/?p=64505"},"modified":"2025-12-29T22:19:01","modified_gmt":"2025-12-29T20:19:01","slug":"cursu-destension-de-la-escuela-dasturiania-narxentina","status":"publish","type":"post","link":"https:\/\/edublog.educastur.es\/ixuxu\/2025\/12\/cursu-destension-de-la-escuela-dasturiania-narxentina\/","title":{"rendered":"Cursu de la Escuela d&#8217;Asturian\u00eda n&#8217;Arxentina: tonada, baille, gaita tambor y pandereta."},"content":{"rendered":"<p style=\"text-align: center\"><a href=\"https:\/\/actualidad.asturias.es\/documents\/537115\/3001257\/2025_12_28+escuela+asturiania+argentina+1.jpg\/294bb3b8-78ba-f3f8-6dba-582acda3693e?t=1766910984078\"><img loading=\"lazy\" decoding=\"async\" class=\"aligncenter \" src=\"https:\/\/actualidad.asturias.es\/documents\/537115\/3001257\/2025_12_28+escuela+asturiania+argentina+1.jpg\/294bb3b8-78ba-f3f8-6dba-582acda3693e?t=1766910984078\" width=\"575\" height=\"767\" \/><\/a><\/p>\n<p>El cursu de la Escuela d&#8217;Asturian\u00eda axunta na localid\u00e1 arxentina de Mendoza a 56 estudiantes de<strong> tonada, baille, gaita tambor y pandereta.<\/strong>\u00a0Esta ye la cuarta edici\u00f3n entamada pola Direcci\u00f3n Xeneral d&#8217;Emigraci\u00f3n tres la recuperaci\u00f3n de la iniciativa en 2024. La directora Olaya Romano destaca la importancia d&#8217;estos alcuentros, que fomenten la uni\u00f3n de la poblaci\u00f3n asturiana nel esterior. <a href=\"https:\/\/actualidad.asturias.es\/-\/el-curso-de-extensi%C3%B3n-de-la-escuela-de-asturian%C3%ADa-re%C3%BAne-en-la-localidad-argentina-de-mendoza-a-56-estudiantes-de-tonada-baile-gaita-tambor-y-pandereta?redirect=%2Fnoticias\">Actualid\u00e1<\/a><\/p>\n<p><!--more--><\/p>\n<p>El Centru Asturianu de Mendoza (Arxentina) acueye estes Navidaes un<strong> cursu d&#8217;estensi\u00f3n de la Escuela d&#8217;Asturian\u00eda<\/strong> nel que participen 56 persones procedentes de les coleutividaes rexonales de *Mendoza, Santa Fe, Rosario, Cangas, La Plata, Necochea, Coleutivid\u00e1 de Chile y Coleutivid\u00e1 de Valpara\u00edso. Les clases, que concl\u00fain ma\u00f1ana, ufiertaron conocencies sobro tonada, gaita, tambor, pandereta y baille.<\/p>\n<p>La iniciativa, abierta a tolos integrantes de los centros asturianos d&#8217;Am\u00e9rica Llatina, da continuid\u00e1 a la Escuela de Branu d&#8217;Asturian\u00eda celebrada&#8217;l pas\u00e1u xunetu nel Princip\u00e1u, col oxetivu formar a monitores y monitores que garanticen la continuid\u00e1 d&#8217;estes ense\u00f1ances nos sos respectivos centros.<\/p>\n<p>El de Mendoza ye&#8217;l cuartu cursu d&#8217;estensi\u00f3n de la Escuela d&#8217;Asturian\u00eda qu&#8217;entama la Direcci\u00f3n Xeneral d&#8217;Emigraci\u00f3n y Pol\u00edtiques de Torna tres la recuperaci\u00f3n de la iniciativa en 2024. Hasta&#8217;l momentu celebr\u00e1ronse n&#8217;Alicante, Bonos Aires y Alcobendas.<\/p>\n<p>La directora xeneral d&#8217;Emigraci\u00f3n y Pol\u00edtiques de Torna, Olaya Romano, destac\u00f3 la importancia d&#8217;estos alcuentros, que fomenten la uni\u00f3n y los venceyos de la poblaci\u00f3n asturiana nel esterior: \u201cLa recuperaci\u00f3n de los cursos d&#8217;estensi\u00f3n de la Escuela d&#8217;Asturian\u00eda ye un compromisu qu&#8217;adquiri\u00e9ramos colos centros asturianos, cuidao que la formaci\u00f3n de monitores y monitores de los grupos de baille y m\u00fasica tradicional ye xuna manera de garantizar la continuid\u00e1 nel futuru\u201d.<\/p>\n","protected":false},"excerpt":{"rendered":"<p>El cursu de la Escuela d&#8217;Asturian\u00eda axunta na localid\u00e1 arxentina de Mendoza a 56 estudiantes de tonada, baille, gaita tambor y pandereta.\u00a0Esta ye la cuarta edici\u00f3n entamada pola Direcci\u00f3n Xeneral d&#8217;Emigraci\u00f3n tres la recuperaci\u00f3n de la iniciativa en 2024. La directora Olaya Romano destaca la importancia d&#8217;estos alcuentros, que fomenten la uni\u00f3n de la poblaci\u00f3n [&hellip;]<\/p>\n","protected":false},"author":117,"featured_media":0,"comment_status":"closed","ping_status":"closed","sticky":false,"template":"","format":"standard","meta":{"footnotes":""},"categories":[405,35],"tags":[],"class_list":["post-64505","post","type-post","status-publish","format-standard","hentry","category-asturianada","category-musica"],"_links":{"self":[{"href":"https:\/\/edublog.educastur.es\/ixuxu\/wp-json\/wp\/v2\/posts\/64505","targetHints":{"allow":["GET"]}}],"collection":[{"href":"https:\/\/edublog.educastur.es\/ixuxu\/wp-json\/wp\/v2\/posts"}],"about":[{"href":"https:\/\/edublog.educastur.es\/ixuxu\/wp-json\/wp\/v2\/types\/post"}],"author":[{"embeddable":true,"href":"https:\/\/edublog.educastur.es\/ixuxu\/wp-json\/wp\/v2\/users\/117"}],"replies":[{"embeddable":true,"href":"https:\/\/edublog.educastur.es\/ixuxu\/wp-json\/wp\/v2\/comments?post=64505"}],"version-history":[{"count":5,"href":"https:\/\/edublog.educastur.es\/ixuxu\/wp-json\/wp\/v2\/posts\/64505\/revisions"}],"predecessor-version":[{"id":64552,"href":"https:\/\/edublog.educastur.es\/ixuxu\/wp-json\/wp\/v2\/posts\/64505\/revisions\/64552"}],"wp:attachment":[{"href":"https:\/\/edublog.educastur.es\/ixuxu\/wp-json\/wp\/v2\/media?parent=64505"}],"wp:term":[{"taxonomy":"category","embeddable":true,"href":"https:\/\/edublog.educastur.es\/ixuxu\/wp-json\/wp\/v2\/categories?post=64505"},{"taxonomy":"post_tag","embeddable":true,"href":"https:\/\/edublog.educastur.es\/ixuxu\/wp-json\/wp\/v2\/tags?post=64505"}],"curies":[{"name":"wp","href":"https:\/\/api.w.org\/{rel}","templated":true}]}}