{"id":64512,"date":"2025-12-29T17:00:33","date_gmt":"2025-12-29T15:00:33","guid":{"rendered":"https:\/\/edublog.educastur.es\/ixuxu\/?p=64512"},"modified":"2025-12-29T17:14:47","modified_gmt":"2025-12-29T15:14:47","slug":"64512","status":"publish","type":"post","link":"https:\/\/edublog.educastur.es\/ixuxu\/2025\/12\/64512\/","title":{"rendered":"Mar\u00eda Trubia entama a poner clases de pandereta n\u2019Uvi\u00e9u"},"content":{"rendered":"<p style=\"text-align: center\"><a href=\"https:\/\/musicasturiana.com\/wp-content\/uploads\/2025\/12\/maria-trubia.jpg\"><img loading=\"lazy\" decoding=\"async\" class=\"aligncenter size-large\" src=\"https:\/\/musicasturiana.com\/wp-content\/uploads\/2025\/12\/maria-trubia.jpg\" width=\"1500\" height=\"750\" \/><\/a><em>Semeya de Nay Semeya<\/em>.<\/p>\n<p><span class=\"_ap3a _aaco _aacu _aacx _aad7 _aade\" dir=\"auto\">Lleva tocando la pandereta dende los 6 a\u00f1os, ye cofundadora y componente d <a class=\"x1i10hfl xjbqb8w x1ejq31n x18oe1m7 x1sy0etr xstzfhl x972fbf x10w94by x1qhh985 x14e42zd x9f619 x1ypdohk xt0psk2 x3ct3a4 xdj266r x14z9mp xat24cr x1lziwak xexx8yu xyri2b x18d9i69 x1c1uobl x16tdsg8 x1hl2dhg xggy1nq x1a2a7pz notranslate _a6hd\" role=\"link\" href=\"https:\/\/www.instagram.com\/herbamora\/\">@herbamora<\/a> y de <a class=\"x1i10hfl xjbqb8w x1ejq31n x18oe1m7 x1sy0etr xstzfhl x972fbf x10w94by x1qhh985 x14e42zd x9f619 x1ypdohk xt0psk2 x3ct3a4 xdj266r x14z9mp xat24cr x1lziwak xexx8yu xyri2b x18d9i69 x1c1uobl x16tdsg8 x1hl2dhg xggy1nq x1a2a7pz notranslate _a6hd\" role=\"link\" href=\"https:\/\/www.instagram.com\/xeitu_asturies\/\">@xeitu_asturies<\/a> y, dempu\u00e9s de toa una trayectoria dedicada a esti instrumentu -anque nunca de manera profesional-, <a class=\"x1i10hfl xjbqb8w x1ejq31n x18oe1m7 x1sy0etr xstzfhl x972fbf x10w94by x1qhh985 x14e42zd x9f619 x1ypdohk xt0psk2 x3ct3a4 xdj266r x14z9mp xat24cr x1lziwak xexx8yu xyri2b x18d9i69 x1c1uobl x16tdsg8 x1hl2dhg xggy1nq x1a2a7pz notranslate _a6hd\" role=\"link\" href=\"https:\/\/www.instagram.com\/maritruherbamora\/\">@maritruherbamora<\/a> \u00abTrubia\u00bb, da agora da el pasu a poner clases de pandereta \ud83c\udfb6 A partir del 9 xineru, nel Hotel d\u2019Asociaciones de Santuyano (Uvi\u00e9u), va haber dos turnos y niveles: aniciu, de 17h a 18h; y mediu-avanz\u00e1u, de 18h a 19h.<\/span><\/p>\n<p><!--more--><\/p>\n<p>Lleva tocando la pandereta <strong>dende los 6 a\u00f1os<\/strong>, ye cofundadora y componente d\u2019<strong>Herbamora<\/strong> y de <strong>Xeitu <\/strong>y, dempu\u00e9s de toa una trayectoria dedicada a esti instrumentu -anque nunca de manera profesional-,<strong> Mar\u00eda V\u00e1zquez \u00abTrubia\u00bb<\/strong>, da agora da el pasu a poner<strong> clases de pandereta<\/strong>. A partir de<strong>l 9 xineru<\/strong>, nel Hotel d\u2019Asociaciones de <strong>Santuyano<\/strong> (Uvi\u00e9u), va haber dos turnos y niveles: <strong>aniciu<\/strong>, de 17h a 18h; y <strong>mediu-avanz\u00e1u<\/strong>, de 18h a 19h. La xente interesao pue <strong>apuntase <\/strong>llamando al 696 333 970.<\/p>\n<p>\u00ab<strong>Siempre tuvi la idea <\/strong>y yera una cuesti\u00f3n d\u2019atrevese y dar el saltu, asina que decid\u00edlo mui animada sobre manera poles compa\u00f1eres d\u2019Herbamora y de la xente que m\u2019arrodia\u00bb, desplica Mar\u00eda \u00abTrubia\u00bb al rodiu d\u2019esta nueva etapa pa la que ta \u00ab<strong>mui contenta, mui ilusionada, con ganes d\u2019entamar<\/strong>\u00bb y pa la qu\u2019arranca \u00abpas\u00edn a pasu\u00bb poniendo clase los vienres nam\u00e1s.<\/p>\n<p>Am\u00e1s d\u2019esto, la vetera m\u00fasica sorraya otres razones: \u00abApetezme <strong>unime a tou esti movimientu que ta habiendo de pandereta y dar la mio visi\u00f3n<\/strong> de lo que llevo viv\u00edo toos estos a\u00f1os; y xunto a toes eses voces de muyer que nos deprendieron tanto, tami\u00e9n quiero aportar el mi gran\u00edn d\u2019arena a esti movimientu que me paez que ta siendo <strong>mui potente y qu\u2019espero que seya muncho mayor<\/strong>\u00ab. Asina ye como anima \u00aba tola xente<strong> a poner escuela, a probar l\u2019instrumentu y a conocer la cultura asturiana<\/strong> dende esti llau, porque hai sitiu pa toes\u00bb. A partir d\u2019agora, la escuela de Mar\u00eda Trubia ye otra ferramienta m\u00e1s al serviciu de la m\u00fasica\u2019l pa\u00eds.<\/p>\n<p>&nbsp;<\/p>\n","protected":false},"excerpt":{"rendered":"<p>Semeya de Nay Semeya. Lleva tocando la pandereta dende los 6 a\u00f1os, ye cofundadora y componente d @herbamora y de @xeitu_asturies y, dempu\u00e9s de toa una trayectoria dedicada a esti instrumentu -anque nunca de manera profesional-, @maritruherbamora \u00abTrubia\u00bb, da agora da el pasu a poner clases de pandereta \ud83c\udfb6 A partir del 9 xineru, nel [&hellip;]<\/p>\n","protected":false},"author":117,"featured_media":0,"comment_status":"closed","ping_status":"closed","sticky":false,"template":"","format":"standard","meta":{"footnotes":""},"categories":[35,125],"tags":[],"class_list":["post-64512","post","type-post","status-publish","format-standard","hentry","category-musica","category-musicasturiana-com"],"_links":{"self":[{"href":"https:\/\/edublog.educastur.es\/ixuxu\/wp-json\/wp\/v2\/posts\/64512","targetHints":{"allow":["GET"]}}],"collection":[{"href":"https:\/\/edublog.educastur.es\/ixuxu\/wp-json\/wp\/v2\/posts"}],"about":[{"href":"https:\/\/edublog.educastur.es\/ixuxu\/wp-json\/wp\/v2\/types\/post"}],"author":[{"embeddable":true,"href":"https:\/\/edublog.educastur.es\/ixuxu\/wp-json\/wp\/v2\/users\/117"}],"replies":[{"embeddable":true,"href":"https:\/\/edublog.educastur.es\/ixuxu\/wp-json\/wp\/v2\/comments?post=64512"}],"version-history":[{"count":2,"href":"https:\/\/edublog.educastur.es\/ixuxu\/wp-json\/wp\/v2\/posts\/64512\/revisions"}],"predecessor-version":[{"id":64514,"href":"https:\/\/edublog.educastur.es\/ixuxu\/wp-json\/wp\/v2\/posts\/64512\/revisions\/64514"}],"wp:attachment":[{"href":"https:\/\/edublog.educastur.es\/ixuxu\/wp-json\/wp\/v2\/media?parent=64512"}],"wp:term":[{"taxonomy":"category","embeddable":true,"href":"https:\/\/edublog.educastur.es\/ixuxu\/wp-json\/wp\/v2\/categories?post=64512"},{"taxonomy":"post_tag","embeddable":true,"href":"https:\/\/edublog.educastur.es\/ixuxu\/wp-json\/wp\/v2\/tags?post=64512"}],"curies":[{"name":"wp","href":"https:\/\/api.w.org\/{rel}","templated":true}]}}