{"id":64532,"date":"2025-12-29T18:18:38","date_gmt":"2025-12-29T16:18:38","guid":{"rendered":"https:\/\/edublog.educastur.es\/ixuxu\/?p=64532"},"modified":"2025-12-29T18:32:24","modified_gmt":"2025-12-29T16:32:24","slug":"64532","status":"publish","type":"post","link":"https:\/\/edublog.educastur.es\/ixuxu\/2025\/12\/64532\/","title":{"rendered":"Cordelia Pickford dibuxa&#8217;l \u00abskyline\u00bb de Grau"},"content":{"rendered":"<p style=\"text-align: center\"><a href=\"https:\/\/estaticos-cdn.prensaiberica.es\/clip\/79a563e9-e6fd-4d20-95f3-3d7d76ba3d0a_16-9-discover-aspect-ratio_default_0.webp\"><img loading=\"lazy\" decoding=\"async\" class=\"aligncenter size-large\" src=\"https:\/\/estaticos-cdn.prensaiberica.es\/clip\/79a563e9-e6fd-4d20-95f3-3d7d76ba3d0a_16-9-discover-aspect-ratio_default_0.webp\" width=\"1200\" height=\"675\" \/><\/a><\/p>\n<p>Cordelia Pickford (<a href=\"https:\/\/www.cordeliapickford.com\">web<\/a> \/<a href=\"https:\/\/www.cordeliapickford.com\/Portfolio_See_All.html\">portfoliu<\/a> \/\u00a0 <a href=\"https:\/\/www.instagram.com\/cordeliapickford\/\">IG<\/a>) dibuxa&#8217;l \u00abskyline\u00bb de Grau: l&#8217;artista pinta&#8217;l perfil de la villa moscona alliniando dalgunos de los sos edificios m\u00e1s destacaos. Escueye&#8217;l Palaciu Miranda- Valdecarzana, el Conceyu o El Capitoliu: \u00abLes cases d&#8217;indianos son maraviyoses para ilustrar\u00bb. <a href=\"https:\/\/www.lne.es\/grado\/2025\/12\/28\/cordelia-pickford-dibuja-skyline-grado-125186640.html?fbclid=IwdGRzaAO98KFjbGNrA73wnWV4dG4DYWVtAjExAHNydGMGYXBwX2lkDDM1MDY4NTUzMTcyOAABHhG4xLZZ3KayYic9O5G9lQLwk-FkV10SVgnoo7bj2VxpKgQgHAP9uweDnzQn_aem_Js0rRi53rVitYKuwqlNYpw&amp;utm_campaign=mrf-facebook-lnegrado&amp;mrfcid=2025122869450601153f210a3734f72e&amp;sfnsn=scwspwa\">LNE<\/a><\/p>\n<p><!--more--><\/p>\n<p>\u00abSkyline\u00bb ye un t\u00e9rminu ingl\u00e9s que lliteralmente se puede traducir como<strong> \u00abll\u00ednea de cielu\u00bb.<\/strong> <strong>Constituyenlo los edificios m\u00e1s altos d&#8217;un llugar, que dibuxen un perfil destac\u00e1u de normal d&#8217;una gran ciud\u00e1<\/strong>. Pero les localidaes m\u00e1s pequenes tami\u00e9n pueden tener el suyu, afaciendo&#8217;l conceutu a la composici\u00f3n que conformen los elementos patrimoniales m\u00e1s sobresalientes d&#8217;un pueblu. Y Grau tien unu, como otros munchos rincones del Princip\u00e1u, gracies a les ilustraciones de l&#8217;artista Cordelia Pickford, axuntaes nun llibru que lleva por t\u00edtulu<strong> \u00abCuadiernu de viaxe per Asturies\u00bb<\/strong>, con<strong> testos de Pablo Flaire<\/strong>. Nel casu de la villa moscona, la so arquitectura indiana llam\u00f3 l&#8217;atenci\u00f3n de l&#8217;autora al pie de otros inmuebles que son se\u00f1a d&#8217;identid\u00e1 local.<\/p>\n<p><strong>Panor\u00e1mica personal de la villa<\/strong> Conformen la composici\u00f3n que cre\u00f3 para Grau&#8217;l Palaciu Miranda-Valdecarzana, see de la Casa de Cultura, la Capiya de los Dolores, el palacete d&#8217;El Capitoliu, el Conceyu y el so edificiu amiesto, la ilesia parroquial y el quioscu de la m\u00fasica. Al amosalos col so singular estilu de pintar, xuntos, dibuxaos unu al llau del otru, llogr\u00f3 una panor\u00e1mica personal de la capital del conceyu que llama a visitala a quien nun la conoza. Podr\u00eda haber otros elementos na composici\u00f3n, pero&#8217;l formatu tami\u00e9n ye llind\u00e1u y l&#8217;artista hai d&#8217;escoyer ente tolo que vio al visitar la localid\u00e1.<\/p>\n<p>\u00abNel casu de Grau, como nel de Colombres tami\u00e9n, les cases d&#8217;indianos son maraviyoses pa ilustrar, polos sos colores, la so hestoria y la so est\u00e9tica tan estremada\u00bb, esplica Pickford preguntada por c\u00f3mo se desenvolvi\u00f3 la creaci\u00f3n sobro la villa.<\/p>\n<p><a href=\"https:\/\/estaticos-cdn.prensaiberica.es\/clip\/f1f4f4be-d595-4f29-b015-d2cc5472713b_source-aspect-ratio_default_0.webp\"><img loading=\"lazy\" decoding=\"async\" class=\"aligncenter size-large\" src=\"https:\/\/estaticos-cdn.prensaiberica.es\/clip\/f1f4f4be-d595-4f29-b015-d2cc5472713b_source-aspect-ratio_default_0.webp\" width=\"1177\" height=\"543\" \/><\/a>La obra de Pickford sobro Grau. \/ C. P.<\/p>\n<p>\u00abEl procesu creativu tantu pa este \u2018skyline\u2019 como nel restu de la colecci\u00f3n, empieza con una fase d&#8217;investigaci\u00f3n qu&#8217;incl\u00fai visitar el sitiu, y sobremanera cuntar cola ayuda de la mio editora Ana Raspia pa repasar los monumentos, edificios, llugares qu&#8217;ilustro, por que nun se m&#8217;escaeza nada importante\u00bb, indica. Dibuxa a mano, usando tinta, dixitalizando depu\u00e9s les ilustraciones pa esti casu del llibru.<\/p>\n<p>Pickford naci\u00f3 n&#8217;Inglaterra en 1995, pero pas\u00f3 la mayor parte de la so vida en Llanes. \u00abViaxo enforma, pero soi del oriente asturianu y, por tanto, conozo perbi\u00e9n esta zona. Pero con esti proyectu empec\u00e9 a afayar tami\u00e9n el centru y sobremanera l&#8217;occidente, qu&#8217;apenes lo conoc\u00eda. Y llev\u00e9 la sorpresa de que lo que podr\u00eda ser un proyectu m\u00e1s mon\u00f3tonu y repetitivu, gracies a la gran varied\u00e1 qu&#8217;hai nel Princip\u00e1u a nivel paisax\u00edsticu, cultural y arquitect\u00f3nicu, dio llugar a una colecci\u00f3n bien variada pero unificada pol conceutu de \u2018Asturies\u00bb, se\u00f1ala.<\/p>\n<p>Orde xeogr\u00e1ficu y tem\u00e1ticu<br \/>\nL&#8217;artista trabay\u00f3 asina por tola rex\u00f3n y busc\u00e1u \u00abuna estructura y un orde, tanto a nivel xeogr\u00e1ficu, pa tratar de representar de la manera m\u00e1s equilibrada posible tol Princip\u00e1u, como a nivel tem\u00e1ticu: mari\u00f1a, interior, arquitectura prerrom\u00e1nica, industria minero, faros, monumentos relixosos, r\u00edos, monte, folclore, gastronom\u00eda, cultura, hestoria\u2026\u00bb, destaca sobremanera lo que se ve nel llibru, edit\u00e1u por \u00abDelallama Editorial\u00bb.<\/p>\n<p>Se\u00f1ala que los \u00abskylines\u00bb o perfiles de conceyos son ilustraciones que nun busquen una resultancia realista, \u00absin\u00f3n un colax llineal, en tinta, de los llugares m\u00e1s emblem\u00e1ticos de cada zona\u00bb. S\u00eda que non, nel de Grau, como de xuru asoceda colos d&#8217;otres zones, llogr\u00f3 xuna obra d&#8217;altor que perfila&#8217;l patrimoniu del que m\u00e1s arguyosos t\u00e1n los moscones.<\/p>\n","protected":false},"excerpt":{"rendered":"<p>Cordelia Pickford (web \/portfoliu \/\u00a0 IG) dibuxa&#8217;l \u00abskyline\u00bb de Grau: l&#8217;artista pinta&#8217;l perfil de la villa moscona alliniando dalgunos de los sos edificios m\u00e1s destacaos. Escueye&#8217;l Palaciu Miranda- Valdecarzana, el Conceyu o El Capitoliu: \u00abLes cases d&#8217;indianos son maraviyoses para ilustrar\u00bb. LNE<\/p>\n","protected":false},"author":117,"featured_media":0,"comment_status":"closed","ping_status":"closed","sticky":false,"template":"","format":"standard","meta":{"footnotes":""},"categories":[139],"tags":[],"class_list":["post-64532","post","type-post","status-publish","format-standard","hentry","category-dibuxos"],"_links":{"self":[{"href":"https:\/\/edublog.educastur.es\/ixuxu\/wp-json\/wp\/v2\/posts\/64532","targetHints":{"allow":["GET"]}}],"collection":[{"href":"https:\/\/edublog.educastur.es\/ixuxu\/wp-json\/wp\/v2\/posts"}],"about":[{"href":"https:\/\/edublog.educastur.es\/ixuxu\/wp-json\/wp\/v2\/types\/post"}],"author":[{"embeddable":true,"href":"https:\/\/edublog.educastur.es\/ixuxu\/wp-json\/wp\/v2\/users\/117"}],"replies":[{"embeddable":true,"href":"https:\/\/edublog.educastur.es\/ixuxu\/wp-json\/wp\/v2\/comments?post=64532"}],"version-history":[{"count":5,"href":"https:\/\/edublog.educastur.es\/ixuxu\/wp-json\/wp\/v2\/posts\/64532\/revisions"}],"predecessor-version":[{"id":64537,"href":"https:\/\/edublog.educastur.es\/ixuxu\/wp-json\/wp\/v2\/posts\/64532\/revisions\/64537"}],"wp:attachment":[{"href":"https:\/\/edublog.educastur.es\/ixuxu\/wp-json\/wp\/v2\/media?parent=64532"}],"wp:term":[{"taxonomy":"category","embeddable":true,"href":"https:\/\/edublog.educastur.es\/ixuxu\/wp-json\/wp\/v2\/categories?post=64532"},{"taxonomy":"post_tag","embeddable":true,"href":"https:\/\/edublog.educastur.es\/ixuxu\/wp-json\/wp\/v2\/tags?post=64532"}],"curies":[{"name":"wp","href":"https:\/\/api.w.org\/{rel}","templated":true}]}}