{"id":64538,"date":"2026-01-01T08:50:54","date_gmt":"2026-01-01T06:50:54","guid":{"rendered":"https:\/\/edublog.educastur.es\/ixuxu\/?p=64538"},"modified":"2025-12-29T18:38:07","modified_gmt":"2025-12-29T16:38:07","slug":"xineru-yel-mes-mas-friu-del-anu-nespana","status":"publish","type":"post","link":"https:\/\/edublog.educastur.es\/ixuxu\/2026\/01\/xineru-yel-mes-mas-friu-del-anu-nespana\/","title":{"rendered":"Xineru ye&#8217;l mes m\u00e1s fr\u00edu del a\u00f1u n&#8217;Espa\u00f1a"},"content":{"rendered":"<p>Climatol\u00f3xicamente,<strong> xineru ye&#8217;l mes m\u00e1s fr\u00edu del a\u00f1u n&#8217;Espa\u00f1a<\/strong>, con una temperatura medio nel conxuntu del pa\u00eds que ronda los 8,4 \u00baC, anque con grandes diferencies: de les temperatures xeladores del altu monte pasamos a los valores primaverales de delles zones de Canaries. Eso s\u00ed, ye un mes pr\u00f3digu en grandes nevaes.<\/p>\n<p style=\"text-align: center\"><a href=\"https:\/\/services.meteored.com\/img\/article\/prediccion-para-enero-2026-de-meteored-en-espana-consulta-las-tendencias-actualizadas-de-frio-lluvia-y-nieve-1766785493821_1024.png\"><img loading=\"lazy\" decoding=\"async\" class=\"aligncenter size-large\" src=\"https:\/\/services.meteored.com\/img\/article\/prediccion-para-enero-2026-de-meteored-en-espana-consulta-las-tendencias-actualizadas-de-frio-lluvia-y-nieve-1766785493821_1024.png\" width=\"1024\" height=\"784\" \/><\/a><\/p>\n<p>Xineru nun ye especialmente lluviosu nel conxuntu del pa\u00eds, ya inclusive ye bastante secu en puntos de la met\u00e1 esti peninsular. Fonte: C\u00e9sar Rodr\u00edguez Ballesteros.<\/p>\n<p><!--more--><br \/>\nEn xineru, los valores medios suelen ser llixeramente m\u00e1s baxos que n&#8217;avientu, diferencia que se nota m\u00e1s nel estremu sur peninsular. Ye habitual que pela nueche se produzan xelaes en munches zones del interior y nos montes. Les temperatures m\u00e1ximes m\u00e1s nidies de la Pen\u00ednsula conc\u00e9ntrense na mari\u00f1a mediterr\u00e1nea y nel sur d&#8217;Andaluc\u00eda, con una media que ronda los 18 \u00baC.<\/p>\n<p>La precipitaci\u00f3n media mensual supera los 150 l\/m\u00b2 nel sector de Grazalema, oeste de Galicia,<strong> puntos del Cordal Cant\u00e1bricu<\/strong> y nel Cant\u00e1bricu oriental, ente que pasen de los 100 n&#8217;\u00e1rees montascoses de l&#8217;aguada atl\u00e1ntica.<\/p>\n<p>Acordies con les \u00faltimes actualizaciones del modelu europ\u00e9u, mientres la primer parte de xineru les temperatures ent\u00e1 podr\u00eden asitiase hasta 1-2 \u00baC per debaxo de la media de la d\u00f3mina en casi toa Espa\u00f1a, especialmente nel empiezu del mes. Les anomal\u00edes ser\u00eden daqu\u00e9 m\u00e1s moderaes en dambos archipi\u00e9lagos deb\u00edu al efeuto termorregulador del mar.<\/p>\n<p style=\"text-align: center\"><a href=\"https:\/\/services.meteored.com\/img\/article\/prediccion-para-enero-2026-de-meteored-en-espana-consulta-las-tendencias-actualizadas-de-frio-lluvia-y-nieve-1766785728773_1024.png\"><img loading=\"lazy\" decoding=\"async\" class=\"aligncenter size-large\" src=\"https:\/\/services.meteored.com\/img\/article\/prediccion-para-enero-2026-de-meteored-en-espana-consulta-las-tendencias-actualizadas-de-frio-lluvia-y-nieve-1766785728773_1024.png\" width=\"1024\" height=\"784\" \/><\/a>Paez que&#8217;l nuevu a\u00f1u va entrar con temperatures que se van asitiar per debaxo de la media, sobremanera na Espa\u00f1a peninsular.<\/p>\n<p>&nbsp;<\/p>\n","protected":false},"excerpt":{"rendered":"<p>Climatol\u00f3xicamente, xineru ye&#8217;l mes m\u00e1s fr\u00edu del a\u00f1u n&#8217;Espa\u00f1a, con una temperatura medio nel conxuntu del pa\u00eds que ronda los 8,4 \u00baC, anque con grandes diferencies: de les temperatures xeladores del altu monte pasamos a los valores primaverales de delles zones de Canaries. Eso s\u00ed, ye un mes pr\u00f3digu en grandes nevaes. Xineru nun ye [&hellip;]<\/p>\n","protected":false},"author":117,"featured_media":0,"comment_status":"closed","ping_status":"closed","sticky":false,"template":"","format":"standard","meta":{"footnotes":""},"categories":[5],"tags":[],"class_list":["post-64538","post","type-post","status-publish","format-standard","hentry","category-tiempu"],"_links":{"self":[{"href":"https:\/\/edublog.educastur.es\/ixuxu\/wp-json\/wp\/v2\/posts\/64538","targetHints":{"allow":["GET"]}}],"collection":[{"href":"https:\/\/edublog.educastur.es\/ixuxu\/wp-json\/wp\/v2\/posts"}],"about":[{"href":"https:\/\/edublog.educastur.es\/ixuxu\/wp-json\/wp\/v2\/types\/post"}],"author":[{"embeddable":true,"href":"https:\/\/edublog.educastur.es\/ixuxu\/wp-json\/wp\/v2\/users\/117"}],"replies":[{"embeddable":true,"href":"https:\/\/edublog.educastur.es\/ixuxu\/wp-json\/wp\/v2\/comments?post=64538"}],"version-history":[{"count":5,"href":"https:\/\/edublog.educastur.es\/ixuxu\/wp-json\/wp\/v2\/posts\/64538\/revisions"}],"predecessor-version":[{"id":64543,"href":"https:\/\/edublog.educastur.es\/ixuxu\/wp-json\/wp\/v2\/posts\/64538\/revisions\/64543"}],"wp:attachment":[{"href":"https:\/\/edublog.educastur.es\/ixuxu\/wp-json\/wp\/v2\/media?parent=64538"}],"wp:term":[{"taxonomy":"category","embeddable":true,"href":"https:\/\/edublog.educastur.es\/ixuxu\/wp-json\/wp\/v2\/categories?post=64538"},{"taxonomy":"post_tag","embeddable":true,"href":"https:\/\/edublog.educastur.es\/ixuxu\/wp-json\/wp\/v2\/tags?post=64538"}],"curies":[{"name":"wp","href":"https:\/\/api.w.org\/{rel}","templated":true}]}}