{"id":64569,"date":"2025-12-31T08:30:32","date_gmt":"2025-12-31T06:30:32","guid":{"rendered":"https:\/\/edublog.educastur.es\/ixuxu\/?p=64569"},"modified":"2025-12-30T23:22:22","modified_gmt":"2025-12-30T21:22:22","slug":"el-tiempu-el-comercio-222","status":"publish","type":"post","link":"https:\/\/edublog.educastur.es\/ixuxu\/2025\/12\/el-tiempu-el-comercio-222\/","title":{"rendered":"El tiempu (El Comercio)"},"content":{"rendered":"<p style=\"text-align: center\"><a href=\"https:\/\/s1.ppllstatics.com\/elcomercio\/www\/multimedia\/2025\/12\/30\/prevision-tiempo-asturias-ktCG-U2302588077118HVD-1200x870@El%20Comercio.jpg\"><img loading=\"lazy\" decoding=\"async\" class=\"aligncenter size-large\" src=\"https:\/\/s1.ppllstatics.com\/elcomercio\/www\/multimedia\/2025\/12\/30\/prevision-tiempo-asturias-ktCG-U2302588077118HVD-1200x870@El%20Comercio.jpg\" width=\"1200\" height=\"870\" \/><\/a><\/p>\n<p>vamos despidir l&#8217;a\u00f1u con unes condiciones meteorol\u00f3xiques estables en tol Princip\u00e1u. Comoquier, <strong>vamos amanecer<\/strong> con cierta nubosidad de tipu baxu que nun se refuga que pueda dexar dellos orbayos principalmente na mari\u00f1a y otros puntos del prelitoral. <strong>A partir del mediud\u00eda<\/strong> les nubes van dir a menos hasta dexar una tarde con cielos bien llimpios onde&#8217;l sol va cobrar un mayor protagonismu hasta l&#8217;atapecer. Poro, <strong>vamos celebrar la entrada de 2026<\/strong> con cielos estenos y xuna nula probabilid\u00e1 de precipitaciones. Eso s\u00ed, la celebraci\u00f3n va riquir ropa d&#8217;abrigu cuidao que la nueche va presentase bien fr\u00eda. <strong>A medianueche<\/strong>, esp\u00e9rase que la temperatura na mayor parte del interior asturianu ronde 1 o 2 \u00baC, ente que en zones costeres esp\u00e9rase unos rexistros ente los 5 y los 7 \u00baC como muncho. Les xelaes na madrugada del 1 de xineru van ser d\u00e9biles pero van tar presentes en gran parte del interior asturianu. Tocantes a los vientos, van ser fluexos y variables, salvo na mari\u00f1a onde podr\u00eden predominar de componente este.<\/p>\n<p><!--more--><\/p>\n<p><strong> El xueves,<\/strong> A\u00f1u Nuevu, vamos esfrutar d&#8217;un d\u00eda soleyeru anque con temperatures propies de la fecha que nun van superar los 8 o 9 \u00baC. amos despidir l&#8217;a\u00f1u con unes condiciones meteorol\u00f3xiques estables en tol Princip\u00e1u. Comoquier, vamos amanecer con cierta nubosidad de tipu baxu que nun se refuga que pueda dexar dellos orbayos principalmente na mari\u00f1a y otros puntos del prelitoral.<\/p>\n<p>A partir del mediud\u00eda les nubes van dir a menos hasta dexar una tarde con cielos bien llimpios onde&#8217;l sol va cobrar un mayor protagonismu hasta l&#8217;atapecer. Poro, vamos celebrar la entrada de 2026 con cielos estenos y xuna nula probabilid\u00e1 de precipitaciones. Eso s\u00ed, la celebraci\u00f3n va riquir ropa d&#8217;abrigu cuidao que la nueche va presentase bien fr\u00eda.<\/p>\n<p>A medianueche, esp\u00e9rase que la temperatura na mayor parte del interior asturianu ronde 1 o 2 \u00baC, ente que en zones costeres esp\u00e9rase unos rexistros ente los 5 y los 7 \u00baC como muncho. Les xelaes na madrugada del 1 de xineru van ser d\u00e9biles pero van tar presentes en gran parte del interior asturianu. Tocantes a los vientos, van ser fluexos y variables, salvo na mari\u00f1a onde podr\u00eden predominar de componente este. El xueves, A\u00f1u Nuevu, vamos esfrutar d&#8217;un d\u00eda soleyeru anque con temperatures propies de la fecha que nun van superar los 8 o 9 \u00baC.<\/p>\n","protected":false},"excerpt":{"rendered":"<p>vamos despidir l&#8217;a\u00f1u con unes condiciones meteorol\u00f3xiques estables en tol Princip\u00e1u. Comoquier, vamos amanecer con cierta nubosidad de tipu baxu que nun se refuga que pueda dexar dellos orbayos principalmente na mari\u00f1a y otros puntos del prelitoral. A partir del mediud\u00eda les nubes van dir a menos hasta dexar una tarde con cielos bien llimpios [&hellip;]<\/p>\n","protected":false},"author":117,"featured_media":0,"comment_status":"closed","ping_status":"closed","sticky":false,"template":"","format":"standard","meta":{"footnotes":""},"categories":[5],"tags":[],"class_list":["post-64569","post","type-post","status-publish","format-standard","hentry","category-tiempu"],"_links":{"self":[{"href":"https:\/\/edublog.educastur.es\/ixuxu\/wp-json\/wp\/v2\/posts\/64569","targetHints":{"allow":["GET"]}}],"collection":[{"href":"https:\/\/edublog.educastur.es\/ixuxu\/wp-json\/wp\/v2\/posts"}],"about":[{"href":"https:\/\/edublog.educastur.es\/ixuxu\/wp-json\/wp\/v2\/types\/post"}],"author":[{"embeddable":true,"href":"https:\/\/edublog.educastur.es\/ixuxu\/wp-json\/wp\/v2\/users\/117"}],"replies":[{"embeddable":true,"href":"https:\/\/edublog.educastur.es\/ixuxu\/wp-json\/wp\/v2\/comments?post=64569"}],"version-history":[{"count":1,"href":"https:\/\/edublog.educastur.es\/ixuxu\/wp-json\/wp\/v2\/posts\/64569\/revisions"}],"predecessor-version":[{"id":64570,"href":"https:\/\/edublog.educastur.es\/ixuxu\/wp-json\/wp\/v2\/posts\/64569\/revisions\/64570"}],"wp:attachment":[{"href":"https:\/\/edublog.educastur.es\/ixuxu\/wp-json\/wp\/v2\/media?parent=64569"}],"wp:term":[{"taxonomy":"category","embeddable":true,"href":"https:\/\/edublog.educastur.es\/ixuxu\/wp-json\/wp\/v2\/categories?post=64569"},{"taxonomy":"post_tag","embeddable":true,"href":"https:\/\/edublog.educastur.es\/ixuxu\/wp-json\/wp\/v2\/tags?post=64569"}],"curies":[{"name":"wp","href":"https:\/\/api.w.org\/{rel}","templated":true}]}}