{"id":64571,"date":"2025-12-30T08:30:39","date_gmt":"2025-12-30T06:30:39","guid":{"rendered":"https:\/\/edublog.educastur.es\/ixuxu\/?p=64571"},"modified":"2025-12-30T23:28:49","modified_gmt":"2025-12-30T21:28:49","slug":"el-tiempu-el-comercio-223","status":"publish","type":"post","link":"https:\/\/edublog.educastur.es\/ixuxu\/2025\/12\/el-tiempu-el-comercio-223\/","title":{"rendered":"El tiempu (El Comercio)"},"content":{"rendered":"<p style=\"text-align: center\"><a href=\"https:\/\/s2.ppllstatics.com\/elcomercio\/www\/multimedia\/2025\/12\/29\/tiempo-asturias-martes-30-diciembre-kFrF-U2302588077118HVD-1200x870@El%20Comercio.jpg\"><img loading=\"lazy\" decoding=\"async\" class=\"aligncenter size-large\" src=\"https:\/\/s2.ppllstatics.com\/elcomercio\/www\/multimedia\/2025\/12\/29\/tiempo-asturias-martes-30-diciembre-kFrF-U2302588077118HVD-1200x870@El%20Comercio.jpg\" width=\"1200\" height=\"870\" \/><\/a><\/p>\n<p>V<strong>amos amanecer<\/strong> con nubes na mari\u00f1a y cielos m\u00e1s estenos nel restu. Asina tou, vamos reparar como a lo llargo del d\u00eda esta nubosidad dir\u00e1 estendi\u00e9ndose por tola rex\u00f3n. <strong>Les precipitaciones<\/strong> van ser pocu probables pero nun se refuguen, s\u00eda que non, orbayos na mari\u00f1a y, de forma m\u00e1s esvalixada, n&#8217;otros puntos de la met\u00e1 norte asturiana. <strong>Los vientos<\/strong> van ser fluexos y variables, pudiendo predominar de nord\u00e9s na mari\u00f1a con dalguna qu&#8217;otra racha moderada.<strong> Les temperatures m\u00e1ximes<\/strong> van baxar ente 1 y 2 \u00baC respectu al llunes en tol Princip\u00e1u salvu nel terciu sur onde se van caltener ensin cambeos. <strong>Les m\u00ednimes<\/strong> apenes van variar con, a lo sumo, dellos ascensos bien llixeros y locales.<\/p>\n<p><!--more--><\/p>\n<p><strong>El mi\u00e9rcoles, d\u00eda de Nuechevieya<\/strong>, esperamos xuna xornada muncho m\u00e1s sele que la sufierta en Nuechebona. Vamos amanecer con cierta nubosidad que, conforme trescurran les hores, va dir sumiendo pa dexar una recta final del d\u00eda pr\u00e1cticamente estena. Los vientos van siguir siendo fluexos con posibilid\u00e1 de delles raches daqu\u00e9 m\u00e1s significatives na mari\u00f1a. Les temperatures m\u00e1ximes van baxar de forma xeneralizada.<\/p>\n<p><strong>Bon tiempu tami\u00e9n p&#8217;A\u00f1u Nuevu.<\/strong> A m\u00e1s llargu plazu, los modelos meteorol\u00f3xicos empiecen a agorar la posibilid\u00e1 d&#8217;una entrada d&#8217;aire bien fr\u00edo a partir del 4 o 5 de xineru.<\/p>\n","protected":false},"excerpt":{"rendered":"<p>Vamos amanecer con nubes na mari\u00f1a y cielos m\u00e1s estenos nel restu. Asina tou, vamos reparar como a lo llargo del d\u00eda esta nubosidad dir\u00e1 estendi\u00e9ndose por tola rex\u00f3n. Les precipitaciones van ser pocu probables pero nun se refuguen, s\u00eda que non, orbayos na mari\u00f1a y, de forma m\u00e1s esvalixada, n&#8217;otros puntos de la met\u00e1 [&hellip;]<\/p>\n","protected":false},"author":117,"featured_media":0,"comment_status":"closed","ping_status":"closed","sticky":false,"template":"","format":"standard","meta":{"footnotes":""},"categories":[1],"tags":[],"class_list":["post-64571","post","type-post","status-publish","format-standard","hentry","category-sin-categoria"],"_links":{"self":[{"href":"https:\/\/edublog.educastur.es\/ixuxu\/wp-json\/wp\/v2\/posts\/64571","targetHints":{"allow":["GET"]}}],"collection":[{"href":"https:\/\/edublog.educastur.es\/ixuxu\/wp-json\/wp\/v2\/posts"}],"about":[{"href":"https:\/\/edublog.educastur.es\/ixuxu\/wp-json\/wp\/v2\/types\/post"}],"author":[{"embeddable":true,"href":"https:\/\/edublog.educastur.es\/ixuxu\/wp-json\/wp\/v2\/users\/117"}],"replies":[{"embeddable":true,"href":"https:\/\/edublog.educastur.es\/ixuxu\/wp-json\/wp\/v2\/comments?post=64571"}],"version-history":[{"count":3,"href":"https:\/\/edublog.educastur.es\/ixuxu\/wp-json\/wp\/v2\/posts\/64571\/revisions"}],"predecessor-version":[{"id":64574,"href":"https:\/\/edublog.educastur.es\/ixuxu\/wp-json\/wp\/v2\/posts\/64571\/revisions\/64574"}],"wp:attachment":[{"href":"https:\/\/edublog.educastur.es\/ixuxu\/wp-json\/wp\/v2\/media?parent=64571"}],"wp:term":[{"taxonomy":"category","embeddable":true,"href":"https:\/\/edublog.educastur.es\/ixuxu\/wp-json\/wp\/v2\/categories?post=64571"},{"taxonomy":"post_tag","embeddable":true,"href":"https:\/\/edublog.educastur.es\/ixuxu\/wp-json\/wp\/v2\/tags?post=64571"}],"curies":[{"name":"wp","href":"https:\/\/api.w.org\/{rel}","templated":true}]}}