{"id":64583,"date":"2025-12-31T08:40:12","date_gmt":"2025-12-31T06:40:12","guid":{"rendered":"https:\/\/edublog.educastur.es\/ixuxu\/?p=64583"},"modified":"2025-12-31T16:34:55","modified_gmt":"2025-12-31T14:34:55","slug":"estau-del-tiempu-miercoles-31-davientu-2025","status":"publish","type":"post","link":"https:\/\/edublog.educastur.es\/ixuxu\/2025\/12\/estau-del-tiempu-miercoles-31-davientu-2025\/","title":{"rendered":"Est\u00e1u del tiempu: mi\u00e9rcoles 31 d&#8217;avientu 2025"},"content":{"rendered":"<div class=\"html-div xdj266r x14z9mp xat24cr x1lziwak xexx8yu x1a8lsjc xf7dkkf xv54qhq\">\n<div class=\"html-div xdj266r x14z9mp xat24cr x1lziwak xexx8yu xyri2b x18d9i69 x1c1uobl x1jx94hy x78zum5 x1q0g3np\">\n<div class=\"x78zum5 xdt5ytf xz62fqu x16ldp7u\">\n<div class=\"xu06os2 x1ok221b\">\n<div class=\"html-div xdj266r x14z9mp xat24cr x1lziwak xexx8yu xyri2b x18d9i69 x1c1uobl\" data-ad-rendering-role=\"profile_name\">\n<ul>\n<li class=\"html-h3 x14z9mp xat24cr x1lziwak xexx8yu xyri2b x18d9i69 x1c1uobl x1vvkbs x1heor9g x1qlqyl8 x1pd3egz x1a2a7pz x1gslohp x1yc453h\"><span class=\"x1lliihq x6ikm8r x10wlt62 x1n2onr6\"><span class=\"xt0psk2\"><a class=\"x1i10hfl xjbqb8w x1ejq31n x18oe1m7 x1sy0etr xstzfhl x972fbf x10w94by x1qhh985 x14e42zd x9f619 x1ypdohk xt0psk2 x3ct3a4 xdj266r x14z9mp xat24cr x1lziwak xexx8yu xyri2b x18d9i69 x1c1uobl x16tdsg8 x1hl2dhg xggy1nq x1a2a7pz xkrqix3 x1sur9pj xzsf02u x1s688f\" role=\"link\" href=\"https:\/\/www.facebook.com\/eltiempuenasturies?__cft__[0]=AZY90nvcInvXxiyjfbwtHiz1g3HaDbfKFUTI54edAzQIgTO_qh1ajrzfPUxQJs1Tjai-ml_pmsvii6lMEOKeNC_8PQ7Uly_LkvRYlMXGoFOGd-eANTKFBNATIWSMEIceoWcycw-aIBbgyTMOy5QmIGlBne8VFzAG9KZK5jRQ28vW5KO0Kcj4khED6Jr4VgfiyEA_j1mnRyA1--IRQO8AzVxq&amp;__tn__=-UC%2CP-y-R\"><b class=\"html-b xdj266r x14z9mp xat24cr x1lziwak xexx8yu xyri2b x18d9i69 x1c1uobl x1hl2dhg x16tdsg8 x1vvkbs x1s688f\"><span class=\"html-span xdj266r x14z9mp xat24cr x1lziwak xexx8yu xyri2b x18d9i69 x1c1uobl x1hl2dhg x16tdsg8 x1vvkbs\">El Tiempu n&#8217;Asturies.<\/span><\/b><\/a><\/span><\/span><\/li>\n<\/ul>\n<\/div>\n<\/div>\n<div class=\"xu06os2 x1ok221b\"><\/div>\n<\/div>\n<\/div>\n<\/div>\n<div class=\"html-div xdj266r x14z9mp xat24cr x1lziwak xexx8yu xyri2b x18d9i69 x1c1uobl\" dir=\"auto\">\n<div class=\"html-div xdj266r x14z9mp xat24cr x1lziwak xexx8yu xyri2b x18d9i69 x1c1uobl\" dir=\"auto\">\n<div class=\"html-div xdj266r x14z9mp xat24cr x1lziwak xexx8yu xyri2b x18d9i69 x1c1uobl\" data-ad-rendering-role=\"story_message\">\n<div class=\"x1l90r2v x1iorvi4 x1g0dm76 xpdmqnj\" data-ad-comet-preview=\"message\" data-ad-preview=\"message\">\n<div class=\"x78zum5 xdt5ytf xz62fqu x16ldp7u\">\n<div class=\"xu06os2 x1ok221b\">\n<div class=\"html-div xdj266r x14z9mp xat24cr x1lziwak xexx8yu xyri2b x18d9i69 x1c1uobl\">\n<div class=\"x14z9mp xat24cr x1lziwak x1vvkbs xtlvy1s x126k92a\">\n<ul>\n<li dir=\"auto\"><strong><span style=\"color: #008080\">Alborecemos<\/span> <\/strong>con nubosid\u00e1 baxa que mos dexa dalgo d&#8217;orp\u00edn na meta norte d&#8217;Asturies, tando m\u00e1s escampl\u00e1u hacia l&#8217;ocidente con unes temperatures que tan alrodiu de los 8\u00baC, rexistr\u00e1ndose nel puirtu Payares -0,5\u00baC.<\/li>\n<\/ul>\n<\/div>\n<div class=\"x14z9mp xat24cr x1lziwak x1vvkbs xtlvy1s x126k92a\">\n<ul>\n<li dir=\"auto\"><strong><span style=\"color: #008080\">G\u00fcei<\/span><\/strong> pali que pali dir\u00e1n dixebr\u00e1ndose les nubes baxes pa dexanos el cielu con nubes ya claros o abancios con unes temperatures m\u00e1simes en descensu ya coles m\u00ednimes que van dase col camudu l&#8217;a\u00f1u. L&#8217;aire sedr\u00e1 del nord\u00e9s con dalguna racha moderada nel llitoral.<\/li>\n<\/ul>\n<p><!--more--><\/p>\n<ul>\n<li><strong><span style=\"color: #008080\">Ma\u00f1ana xueves <\/span><\/strong>alboreceremos con xelaes en munches zones d&#8217;Asturies y col cielu poco nuboso en xeneral anque durante la ma\u00f1ana dir\u00e1 aumentando la nubosid\u00e1 pa dexanos la tardiquina nuble. L&#8217;aire sedr\u00e1 sele ya variable en xeneral y les temperatures m\u00e1simes subir\u00e1n llixeramente o camudar\u00e1n poco.<\/li>\n<\/ul>\n<\/div>\n<div class=\"x14z9mp xat24cr x1lziwak x1vvkbs xtlvy1s x126k92a\">\n<ul>\n<li dir=\"auto\"><strong><span style=\"color: #008080\">El viernes<\/span><\/strong> vamos tener el cielu cubierto con precipitaciones pela tarde que sedr\u00e1n febles en xeneral con unes temperatures m\u00ednimes en bultable ascensu, mentantu que les m\u00e1simes camudar\u00e1n poco o descender\u00e1n llixeramente, onde si va notase l&#8217;ascensu va ser nes zones de monta\u00f1a onde la nieve solo aparecer\u00e1 nes cumes m\u00e1s altes.<\/li>\n<\/ul>\n<\/div>\n<div class=\"x14z9mp xat24cr x1lziwak x1vvkbs xtlvy1s x126k92a\">\n<ul>\n<li dir=\"auto\"><strong><span style=\"color: #008080\">El s\u00e1badu<\/span> <\/strong>s&#8217;anicia un descensu de les temperatures y seguiremos con precipitaciones que fadr\u00e1 que surda la nieve perriba de los 1500m a primeres hores, pa dir baxando hasta los 700-800m pela tarde-nueche.<\/li>\n<\/ul>\n<\/div>\n<div class=\"x14z9mp xat24cr x1lziwak x1vvkbs xtlvy1s x126k92a\">\n<ul>\n<li dir=\"auto\"><strong><span style=\"color: #008080\">A partir del domingu<\/span><\/strong> y con muncha cautela, vamos dir viendo como evoluciona la previsi\u00f3n de los modelos meteorol\u00f3xicos, seg\u00fan salen esta ma\u00f1ana , el domingu podriemos tener un descensu bultable de les temperatures con sensaciones t\u00e9rmiques mui baxes por mor del vientu nord\u00e9s que va soplar cafiante, sobre too nel llitoral, nel cielu tendremos nubosid\u00e1 estratificada pero sin malpenes riesgo de precipitaciones. En principiu sedr\u00e1 un fr\u00edu seco.<\/li>\n<\/ul>\n<\/div>\n<div class=\"x14z9mp xat24cr x1lziwak x1vvkbs xtlvy1s x126k92a\">\n<ul>\n<li dir=\"auto\">La cosa se complica <strong><span style=\"color: #008080\">de cara al llunes,<\/span><\/strong> mos entra dalgo de fr\u00edu n&#8217;altor y am\u00e1s los vientos tienden a picar m\u00e1s de componente norte polo que podr\u00edemos tener xarabatos intermitentes durante tol d\u00eda y nevar tan solo perriba de los 200-300m, pero esto y\u00e1 lu diremos viendo.<\/li>\n<\/ul>\n<\/div>\n<div class=\"x14z9mp xat24cr x1lziwak x1vvkbs xtlvy1s x126k92a\">\n<div dir=\"auto\">Hai muncha incertidumbre de lo que pueda pasar finalmente&#8217;l llunes, de fechu l&#8217;AEMET nun ta actualizando pron\u00f3sticos pa esi d\u00eda porque la nevada pue ser xeneralizada en casi toa Espa\u00f1a pero como ta too coyido con pinces y ye un d\u00eda especial paezme que nun se quieren moyar.<\/div>\n<\/div>\n<\/div>\n<\/div>\n<\/div>\n<\/div>\n<\/div>\n<\/div>\n<\/div>\n<p>&nbsp;<\/p>\n","protected":false},"excerpt":{"rendered":"<p>El Tiempu n&#8217;Asturies. Alborecemos con nubosid\u00e1 baxa que mos dexa dalgo d&#8217;orp\u00edn na meta norte d&#8217;Asturies, tando m\u00e1s escampl\u00e1u hacia l&#8217;ocidente con unes temperatures que tan alrodiu de los 8\u00baC, rexistr\u00e1ndose nel puirtu Payares -0,5\u00baC. G\u00fcei pali que pali dir\u00e1n dixebr\u00e1ndose les nubes baxes pa dexanos el cielu con nubes ya claros o abancios con [&hellip;]<\/p>\n","protected":false},"author":117,"featured_media":0,"comment_status":"closed","ping_status":"closed","sticky":false,"template":"","format":"standard","meta":{"footnotes":""},"categories":[5],"tags":[],"class_list":["post-64583","post","type-post","status-publish","format-standard","hentry","category-tiempu"],"_links":{"self":[{"href":"https:\/\/edublog.educastur.es\/ixuxu\/wp-json\/wp\/v2\/posts\/64583","targetHints":{"allow":["GET"]}}],"collection":[{"href":"https:\/\/edublog.educastur.es\/ixuxu\/wp-json\/wp\/v2\/posts"}],"about":[{"href":"https:\/\/edublog.educastur.es\/ixuxu\/wp-json\/wp\/v2\/types\/post"}],"author":[{"embeddable":true,"href":"https:\/\/edublog.educastur.es\/ixuxu\/wp-json\/wp\/v2\/users\/117"}],"replies":[{"embeddable":true,"href":"https:\/\/edublog.educastur.es\/ixuxu\/wp-json\/wp\/v2\/comments?post=64583"}],"version-history":[{"count":1,"href":"https:\/\/edublog.educastur.es\/ixuxu\/wp-json\/wp\/v2\/posts\/64583\/revisions"}],"predecessor-version":[{"id":64584,"href":"https:\/\/edublog.educastur.es\/ixuxu\/wp-json\/wp\/v2\/posts\/64583\/revisions\/64584"}],"wp:attachment":[{"href":"https:\/\/edublog.educastur.es\/ixuxu\/wp-json\/wp\/v2\/media?parent=64583"}],"wp:term":[{"taxonomy":"category","embeddable":true,"href":"https:\/\/edublog.educastur.es\/ixuxu\/wp-json\/wp\/v2\/categories?post=64583"},{"taxonomy":"post_tag","embeddable":true,"href":"https:\/\/edublog.educastur.es\/ixuxu\/wp-json\/wp\/v2\/tags?post=64583"}],"curies":[{"name":"wp","href":"https:\/\/api.w.org\/{rel}","templated":true}]}}