{"id":64600,"date":"2025-12-31T08:45:26","date_gmt":"2025-12-31T06:45:26","guid":{"rendered":"https:\/\/edublog.educastur.es\/ixuxu\/?p=64600"},"modified":"2025-12-31T16:57:20","modified_gmt":"2025-12-31T14:57:20","slug":"64600","status":"publish","type":"post","link":"https:\/\/edublog.educastur.es\/ixuxu\/2025\/12\/64600\/","title":{"rendered":"\u00abAg\u00fces abondoses\u00bb: l&#8217;Aemet confirma la llegada de la umbada &#8216;Francis&#8217;"},"content":{"rendered":"<p style=\"text-align: center\"><a href=\"https:\/\/images.ecestaticos.com\/9slh-7mmYoIqfBRS-rPV8tZViEY=\/65x52:831x625\/996x747\/filters:fill(white):format(jpg)\/f.elconfidencial.com%2Foriginal%2F9c2%2F688%2F6cf%2F9c26886cfb46535a13075d1db96dbb05.jpg\"><img loading=\"lazy\" decoding=\"async\" class=\"aligncenter size-large\" src=\"https:\/\/images.ecestaticos.com\/9slh-7mmYoIqfBRS-rPV8tZViEY=\/65x52:831x625\/996x747\/filters:fill(white):format(jpg)\/f.elconfidencial.com%2Foriginal%2F9c2%2F688%2F6cf%2F9c26886cfb46535a13075d1db96dbb05.jpg\" width=\"996\" height=\"747\" \/><\/a><\/p>\n<p>\u00abAg\u00fces abondoses\u00bb: l&#8217;Aemet confirma la llegada de la umbada &#8216;Francis&#8217; y avisa lo que va pasar los pr\u00f3ximos d\u00edes. L&#8217;entamu del a\u00f1u va llegar acompa\u00f1\u00e1u d&#8217;un xiru notable nel tiempu, con un episodiu d&#8217;inestabilid\u00e1 que va poner fin al aselu de los \u00faltimos d\u00edes y va dexar precipitaciones y cambeos t\u00e9rmicos en bona parte del pa\u00eds.<\/p>\n<p><!--more--><\/p>\n<p>Tres dellos d\u00edes apoderaos pola estabilid\u00e1 anticicl\u00f3nica en bona parte del pa\u00eds, la umbada atl\u00e1ntica \u2018Francis\u2019 va abrise pasu <strong>a partir del xueves con ag\u00fces abondoses, vientu intensu y un repique t\u00e9rmicu inicial, antes d&#8217;un nuevu descensu de temperatures al entamu de la pr\u00f3xima selmana.<\/strong><\/p>\n<p>La llegada de la umbada \u2018Francis\u2019, un sistema d&#8217;orixe atl\u00e1nticu con un impactu amplio y progresivo. El vienres 2, el frente acomu\u00f1\u00e1u a \u2018Francis\u2019 va algamar l&#8217;oeste de la Pen\u00ednsula, dando entamu a un episodiu de precipitaciones xeneralizaes que, col pasu de les hores, dir\u00e1 estendi\u00e9ndose escontra&#8217;l restu del pa\u00eds. Mientres la fin de selmana, les ag\u00fces van acabar llegando a la mayor parte del territoriu, con especial incidencia nel terciu occidental.<\/p>\n","protected":false},"excerpt":{"rendered":"<p>\u00abAg\u00fces abondoses\u00bb: l&#8217;Aemet confirma la llegada de la umbada &#8216;Francis&#8217; y avisa lo que va pasar los pr\u00f3ximos d\u00edes. L&#8217;entamu del a\u00f1u va llegar acompa\u00f1\u00e1u d&#8217;un xiru notable nel tiempu, con un episodiu d&#8217;inestabilid\u00e1 que va poner fin al aselu de los \u00faltimos d\u00edes y va dexar precipitaciones y cambeos t\u00e9rmicos en bona parte del [&hellip;]<\/p>\n","protected":false},"author":117,"featured_media":0,"comment_status":"closed","ping_status":"closed","sticky":false,"template":"","format":"standard","meta":{"footnotes":""},"categories":[5],"tags":[],"class_list":["post-64600","post","type-post","status-publish","format-standard","hentry","category-tiempu"],"_links":{"self":[{"href":"https:\/\/edublog.educastur.es\/ixuxu\/wp-json\/wp\/v2\/posts\/64600","targetHints":{"allow":["GET"]}}],"collection":[{"href":"https:\/\/edublog.educastur.es\/ixuxu\/wp-json\/wp\/v2\/posts"}],"about":[{"href":"https:\/\/edublog.educastur.es\/ixuxu\/wp-json\/wp\/v2\/types\/post"}],"author":[{"embeddable":true,"href":"https:\/\/edublog.educastur.es\/ixuxu\/wp-json\/wp\/v2\/users\/117"}],"replies":[{"embeddable":true,"href":"https:\/\/edublog.educastur.es\/ixuxu\/wp-json\/wp\/v2\/comments?post=64600"}],"version-history":[{"count":3,"href":"https:\/\/edublog.educastur.es\/ixuxu\/wp-json\/wp\/v2\/posts\/64600\/revisions"}],"predecessor-version":[{"id":64603,"href":"https:\/\/edublog.educastur.es\/ixuxu\/wp-json\/wp\/v2\/posts\/64600\/revisions\/64603"}],"wp:attachment":[{"href":"https:\/\/edublog.educastur.es\/ixuxu\/wp-json\/wp\/v2\/media?parent=64600"}],"wp:term":[{"taxonomy":"category","embeddable":true,"href":"https:\/\/edublog.educastur.es\/ixuxu\/wp-json\/wp\/v2\/categories?post=64600"},{"taxonomy":"post_tag","embeddable":true,"href":"https:\/\/edublog.educastur.es\/ixuxu\/wp-json\/wp\/v2\/tags?post=64600"}],"curies":[{"name":"wp","href":"https:\/\/api.w.org\/{rel}","templated":true}]}}